

{"id":1725,"date":"2012-07-27T18:30:51","date_gmt":"2012-07-27T21:30:51","guid":{"rendered":"http:\/\/portalfloresnoar.hospedagemdesites.ws\/floresnoar\/?p=1725"},"modified":"2014-09-24T18:41:53","modified_gmt":"2014-09-24T21:41:53","slug":"grupo-de-estudos-em-saude-e-espiritualidade-fisica-quantica-e-saude-existe-relacao-dia-9-de-agosto-com-o-professor-wallace-carvalho","status":"publish","type":"post","link":"https:\/\/portalfloresnoar.com\/floresnoar\/grupo-de-estudos-em-saude-e-espiritualidade-fisica-quantica-e-saude-existe-relacao-dia-9-de-agosto-com-o-professor-wallace-carvalho\/","title":{"rendered":"Grupo de Estudos em Sa\u00fade e Espiritualidade &#8211; &#8216;F\u00edsica Qu\u00e2ntica e Sa\u00fade: Existe rela\u00e7\u00e3o?&#8217;, dia 9 de agosto, com o professor Wallace Carvalho"},"content":{"rendered":"<p>Para abrir o semestre com chave de ouro, o Grupo de Estudos em Sa\u00fade e Espiritualidade tr\u00e1s um dos maiores nomes da F\u00edsica Qu\u00e2ntica do Brasil, WALLACE CARVALHO, com a tem\u00e1tica &#8211; F\u00cdSICA QU\u00c2NTICA e SA\u00daDE: Existe rela\u00e7\u00e3o?<\/p>\n<p>QUINTA-FEIRA | 09 de agosto | \u00e0s 19h30min | Bloco 09 &#8211; Faculdade Pernambucana de Sa\u00fade<\/p>\n<p>Wallace Carvalho &#8211; Engenheiro Eletr\u00f4nico, professor de F\u00edsica, \u00e9 precursor de Projeto Pedag\u00f3gico de Educa\u00e7\u00e3o Hol\u00edstica e Transdisciplinar. Consultor e Palestrante em F\u00edsica Qu\u00e2ntica e Relativ\u00edstica, estudioso do Paradigma Qu\u00e2ntico-relativista e suas aplica\u00e7\u00f5es na sa\u00fade. Tem forma\u00e7\u00e3o em EFT (Emotional Freedom Techniques) e PNL (Programa\u00e7\u00e3o Neuroling\u00fc\u00edstica). \u00c9 Terapeuta Qu\u00e3ntico. Ganhou a Medalha M\u00e9dico No\u00e9tico para Pesquisas do C\u00e9rebro e da Consci\u00eancia, concedida pelo Instituto de Ci\u00eancias No\u00e9ticas Avan\u00e7adas da Calif\u00f3rnia dos EUA<img decoding=\"async\" loading=\"lazy\" class=\" wp-image-1726 alignleft\" title=\"f\u00edsica quantica\" src=\"http:\/\/portalfloresnoar.hospedagemdesites.ws\/floresnoar\/wp-content\/uploads\/2012\/08\/f\u00edsica-quantica.jpg\" alt=\"\" width=\"605\" height=\"454\" srcset=\"https:\/\/portalfloresnoar.com\/floresnoar\/wp-content\/uploads\/2012\/08\/f\u00edsica-quantica.jpg 960w, https:\/\/portalfloresnoar.com\/floresnoar\/wp-content\/uploads\/2012\/08\/f\u00edsica-quantica-300x225.jpg 300w, https:\/\/portalfloresnoar.com\/floresnoar\/wp-content\/uploads\/2012\/08\/f\u00edsica-quantica-160x120.jpg 160w\" sizes=\"(max-width: 605px) 100vw, 605px\" \/><\/p>\n<p><span style=\"color: #ffffff;\">&#8211;<\/span><br \/>\n<span style=\"color: #ffffff;\"> &#8211;<\/span><br \/>\n<script type=\"text\/javascript\">\/\/ <![CDATA[\ngoogle_ad_client = \"ca-pub-6774921656048980\";\n\/* banner normal *\/\ngoogle_ad_slot = \"2987505043\";\ngoogle_ad_width = 468;\ngoogle_ad_height = 60;\n\/\/ ]]><\/script><br \/>\n<script type=\"text\/javascript\" src=\"http:\/\/pagead2.googlesyndication.com\/pagead\/show_ads.js\">\/\/ <![CDATA[\n\n\/\/ ]]><\/script><\/p>\n","protected":false},"excerpt":{"rendered":"<p>Para abrir o semestre com chave de ouro, o Grupo de Estudos em Sa\u00fade e Espiritualidade tr\u00e1s um dos maiores nomes da F\u00edsica Qu\u00e2ntica do Brasil, WALLACE CARVALHO, com a tem\u00e1tica &#8211; F\u00cdSICA QU\u00c2NTICA e SA\u00daDE: Existe rela\u00e7\u00e3o? QUINTA-FEIRA | 09 de agosto | \u00e0s 19h30min | Bloco 09 &#8211; Faculdade Pernambucana de Sa\u00fade Wallace [&hellip;]<\/p>\n","protected":false},"author":1,"featured_media":0,"comment_status":"open","ping_status":"open","sticky":false,"template":"","format":"standard","meta":{"om_disable_all_campaigns":false,"_monsterinsights_skip_tracking":false,"_monsterinsights_sitenote_active":false,"_monsterinsights_sitenote_note":"","_monsterinsights_sitenote_category":0,"footnotes":""},"categories":[8,214],"tags":[25],"acf":[],"publishpress_future_action":{"enabled":false,"date":"1969-12-31 21:00:00","action":"","terms":[],"taxonomy":"","browser_timezone_offset":0},"_links":{"self":[{"href":"https:\/\/portalfloresnoar.com\/floresnoar\/wp-json\/wp\/v2\/posts\/1725"}],"collection":[{"href":"https:\/\/portalfloresnoar.com\/floresnoar\/wp-json\/wp\/v2\/posts"}],"about":[{"href":"https:\/\/portalfloresnoar.com\/floresnoar\/wp-json\/wp\/v2\/types\/post"}],"author":[{"embeddable":true,"href":"https:\/\/portalfloresnoar.com\/floresnoar\/wp-json\/wp\/v2\/users\/1"}],"replies":[{"embeddable":true,"href":"https:\/\/portalfloresnoar.com\/floresnoar\/wp-json\/wp\/v2\/comments?post=1725"}],"version-history":[{"count":0,"href":"https:\/\/portalfloresnoar.com\/floresnoar\/wp-json\/wp\/v2\/posts\/1725\/revisions"}],"wp:attachment":[{"href":"https:\/\/portalfloresnoar.com\/floresnoar\/wp-json\/wp\/v2\/media?parent=1725"}],"wp:term":[{"taxonomy":"category","embeddable":true,"href":"https:\/\/portalfloresnoar.com\/floresnoar\/wp-json\/wp\/v2\/categories?post=1725"},{"taxonomy":"post_tag","embeddable":true,"href":"https:\/\/portalfloresnoar.com\/floresnoar\/wp-json\/wp\/v2\/tags?post=1725"}],"curies":[{"name":"wp","href":"https:\/\/api.w.org\/{rel}","templated":true}]}}