

{"id":1723,"date":"2012-08-02T15:48:47","date_gmt":"2012-08-02T18:48:47","guid":{"rendered":"http:\/\/portalfloresnoar.hospedagemdesites.ws\/floresnoar\/?p=1723"},"modified":"2012-08-02T15:48:47","modified_gmt":"2012-08-02T18:48:47","slug":"cancer-e-anti-cancer-por-dr-jose-ramos","status":"publish","type":"post","link":"https:\/\/portalfloresnoar.com\/floresnoar\/cancer-e-anti-cancer-por-dr-jose-ramos\/","title":{"rendered":"&#8216;C\u00e2ncer e Anti-C\u00e2ncer&#8217;, por Dr. Jos\u00e9 Ramos"},"content":{"rendered":"<p>Em palestra promovida pelo Programa Hygea \u2013 Para a Promo\u00e7\u00e3o da Sa\u00fade, na Associa\u00e7\u00e3o Cultural Nova Acr\u00f3pole, foi abordado o tema \u201cC\u00e2ncer e Anti-C\u00e2ncer&#8221;, atrav\u00e9s da exposi\u00e7\u00e3o do orador, Dr. Jos\u00e9 Ramos, m\u00e9dico de Medicina Chinesa, Respons\u00e1vel do Programa Hygea e Director da Nova Acr\u00f3pole de Coimbra.<\/p>\n<p><em>Segue texto reproduzido do site do<a href=\"http:\/\/www.noticias.nova-acropole.pt\/\"> Nova Acr\u00f3pole<\/a><\/em><\/p>\n<p>Assim, o cancro considerado ainda por muitos como uma doen\u00e7a maldita, cujo nome se evita at\u00e9 pronunciar, pode ser considerado um caminho de auto-conhecimento, de cura interior, uma viagem que, a cada doente cabe encetar, em vista de um novo patamar na sua exist\u00eancia enquanto ser espiritual.<\/p>\n<p>Na sua cura \u00e9 crucial perceber as suas causas. Muitas vezes, ou sempre, as doen\u00e7as, entre as quais o cancro, t\u00eam origem na psique humana, ou seja, nas emo\u00e7\u00f5es e padr\u00f5es de pensamento negativos profundamente enraizados em cada um de n\u00f3s.<\/p>\n<p>Na sequ\u00eancia de uma dada circunst\u00e2ncia de vida, seja a morte de um ente querido, seja o corte num determinado relacionamento, seja a perda de emprego ou perspectiva de vida, em quem ou no qual se alicer\u00e7ou toda uma vida, todo o sentido e raz\u00e3o de ser, de existir, ou de conduta de vida, \u00e9 despoletado um mecanismo interno de p\u00e2nico, de conflito interno, de sensa\u00e7\u00e3o de impot\u00eancia, de beco sem sa\u00edda.<\/p>\n<p>Este choque emocional pode ter grandes repercuss\u00f5es no plano interno, e pode ser vis\u00edvel numa determinada \u00e1rea do c\u00e9rebro (denominado de foco de Hamer, cuja descoberta se deve ao m\u00e9dico alem\u00e3o Ryke Geerd Hamer), atrav\u00e9s de um exame de resson\u00e2ncia magn\u00e9tica. Com o evoluir da situa\u00e7\u00e3o, este conflito ou desequil\u00edbrio interno, caso n\u00e3o seja devidamente conduzido, compreendido, integrado pela consci\u00eancia do doente, de molde a gerar uma mudan\u00e7a na sua atitude\/mentalidade, acaba por manifestar-se no plano f\u00edsico, nalgum \u00f3rg\u00e3o do corpo f\u00edsico. Imp\u00f5e-se uma nova atitude perante esta doen\u00e7a.<\/p>\n<p>\u00c9 urgente que no processo de cura o m\u00e9dico considere o seu paciente como um ser complexo, composto, para al\u00e9m do seu corpo f\u00edsico, por um mundo emocional, mental, vital ou pr\u00e2nico, e at\u00e9 espiritual. O processo de tomada de consci\u00eancia de outras realidades n\u00e3o vis\u00edveis aos nossos olhos humanos, mas sentidas a outros n\u00edveis pelo ser humano, \u00e9 fundamental para a evolu\u00e7\u00e3o do homem e a cura desta doen\u00e7a. No processo de cura do c\u00e2ncer podem e devem ser consideradas novas abordagens, como a acupunctura, a fitoterapia, a cromoterapia, a homeopatia, a naturopatia, cujas t\u00e9cnicas permitem ajudar o organismo humano a gerar um novo equil\u00edbrio interno, ou accionar o processo de cura.<\/p>\n<p>\u00c9 muito importante que o doente se sinta acompanhado em todo este processo de compreens\u00e3o e crescimento interior, que lhe permitir\u00e1 atingir a cura. No final da explana\u00e7\u00e3o, os ouvintes, alguns profissionais da \u00e1rea da sa\u00fade, a lidar diariamente com esta doen\u00e7a, revelaram-se sens\u00edveis a esta nova vis\u00e3o e abordagem, relatando algumas viv\u00eancias tidas nesta \u00e1rea.<\/p>\n","protected":false},"excerpt":{"rendered":"<p>Em palestra promovida pelo Programa Hygea \u2013 Para a Promo\u00e7\u00e3o da Sa\u00fade, na Associa\u00e7\u00e3o Cultural Nova Acr\u00f3pole, foi abordado o tema \u201cC\u00e2ncer e Anti-C\u00e2ncer&#8221;, atrav\u00e9s da exposi\u00e7\u00e3o do orador, Dr. Jos\u00e9 Ramos, m\u00e9dico de Medicina Chinesa, Respons\u00e1vel do Programa Hygea e Director da Nova Acr\u00f3pole de Coimbra. Segue texto reproduzido do site do Nova Acr\u00f3pole [&hellip;]<\/p>\n","protected":false},"author":1,"featured_media":0,"comment_status":"open","ping_status":"open","sticky":false,"template":"","format":"standard","meta":{"om_disable_all_campaigns":false,"_monsterinsights_skip_tracking":false,"_monsterinsights_sitenote_active":false,"_monsterinsights_sitenote_note":"","_monsterinsights_sitenote_category":0,"footnotes":""},"categories":[10],"tags":[27],"acf":[],"publishpress_future_action":{"enabled":false,"date":"1969-12-31 21:00:00","action":"","terms":[],"taxonomy":"","browser_timezone_offset":0},"_links":{"self":[{"href":"https:\/\/portalfloresnoar.com\/floresnoar\/wp-json\/wp\/v2\/posts\/1723"}],"collection":[{"href":"https:\/\/portalfloresnoar.com\/floresnoar\/wp-json\/wp\/v2\/posts"}],"about":[{"href":"https:\/\/portalfloresnoar.com\/floresnoar\/wp-json\/wp\/v2\/types\/post"}],"author":[{"embeddable":true,"href":"https:\/\/portalfloresnoar.com\/floresnoar\/wp-json\/wp\/v2\/users\/1"}],"replies":[{"embeddable":true,"href":"https:\/\/portalfloresnoar.com\/floresnoar\/wp-json\/wp\/v2\/comments?post=1723"}],"version-history":[{"count":0,"href":"https:\/\/portalfloresnoar.com\/floresnoar\/wp-json\/wp\/v2\/posts\/1723\/revisions"}],"wp:attachment":[{"href":"https:\/\/portalfloresnoar.com\/floresnoar\/wp-json\/wp\/v2\/media?parent=1723"}],"wp:term":[{"taxonomy":"category","embeddable":true,"href":"https:\/\/portalfloresnoar.com\/floresnoar\/wp-json\/wp\/v2\/categories?post=1723"},{"taxonomy":"post_tag","embeddable":true,"href":"https:\/\/portalfloresnoar.com\/floresnoar\/wp-json\/wp\/v2\/tags?post=1723"}],"curies":[{"name":"wp","href":"https:\/\/api.w.org\/{rel}","templated":true}]}}