

{"id":1702,"date":"2012-07-27T10:52:16","date_gmt":"2012-07-27T13:52:16","guid":{"rendered":"http:\/\/portalfloresnoar.hospedagemdesites.ws\/floresnoar\/?p=1702"},"modified":"2014-09-24T18:41:53","modified_gmt":"2014-09-24T21:41:53","slug":"iii-simposio-de-saude-quantica-e-qualidade-de-vida-sera-em-sao-paulo-em-setembro-de-2013","status":"publish","type":"post","link":"https:\/\/portalfloresnoar.com\/floresnoar\/iii-simposio-de-saude-quantica-e-qualidade-de-vida-sera-em-sao-paulo-em-setembro-de-2013\/","title":{"rendered":"III Simp\u00f3sio de Sa\u00fade Qu\u00e2ntica e Qualidade de Vida ser\u00e1 em S\u00e3o Paulo, em setembro de 2013"},"content":{"rendered":"<p>O III Simp\u00f3sio de Sa\u00fade Qu\u00e2ntica e Qualidade de Vida acontecer\u00e1 na cidade de S\u00e3o Paulo &#8211; SP, no Centro de Conven\u00e7\u00f5es Anhembi, nos dias 13, 14 e 15 de setembro de 2013.<\/p>\n<p>Ap\u00f3s o sucesso do I e II Simp\u00f3sio de Sa\u00fade Qu\u00e2ntica e Qualidade de Vida que aconteceram em 2009 e 2011 na cidade de Recife, com a presen\u00e7a de 900 e 1500 participantes respectivamente, a cidade de S\u00e3o Paulo sediar\u00e1 a terceira edi\u00e7\u00e3o desse grande evento que tem como intuito propagar um novo paradigma na sa\u00fade capaz de contemplar o ser humano em todas as suas dimens\u00f5es: material, mental, emocional e espiritual.<\/p>\n<p>De fato, a humanidade vive o seu apogeu de desenvolvimento tecnol\u00f3gico e cient\u00edfico. No entanto, as estat\u00edsticas relativas ao crescimento das doen\u00e7as cr\u00f4nicas s\u00e3o assustadoras para os pr\u00f3ximos anos. A humanidade clama com urg\u00eancia por um novo modelo biom\u00e9dico que transcenda os aspectos materiais e sintom\u00e1ticos das doen\u00e7as e possibilite reconhecer as suas causas para que possamos suprimi-las definitivamente com investimentos menores e com o menor sofrimento.<\/p>\n<p>Cientistas de v\u00e1rias partes do mundo com trabalhos respeit\u00e1veis e com reconhecimento internacional estar\u00e3o em S\u00e3o Paulo em 2013 trazendo as evid\u00eancias de um novo paradigma cient\u00edfico.<\/p>\n<p>Amit Goswami, Masaru Emoto, Lair Ribeiro, Gabriel Cousens, Raul Marino Jr, Alberto Peribanez, Jonh Veltheim, Irv\u00eania Prada, La\u00e9rcio Fonseca, Philippe Bobola, Fernando Bignardi, Robert Happ\u00e9, Uma Krishnamurty, Wallace Liimaa, Romeu Carillo, Francisco Di Biasi, Julian Barnard, Peggy Phoenix Dubro e Adalberto Barreto s\u00e3o nomes confirmados.<\/p>\n<p>O trem da hist\u00f3ria passar\u00e1 pela cidade de S\u00e3o Paulo, que num certo sentido, ir\u00e1 parar para ver, sentir e contemplar esse acontecimento hist\u00f3rico.<\/p>\n<p>Paralelamente ao Simp\u00f3sio, estar\u00e1 acontecendo no Anhembi a III EXPOQUANTUM \u2013 Feira de Sa\u00fade Qu\u00e2ntica, Qualidade de Vida e Tecnologias Sustent\u00e1veis, que trar\u00e1 as inova\u00e7\u00f5es tecnol\u00f3gicas que respaldam os novos conhecimentos cient\u00edficos.<\/p>\n<p>Em breve estaremos iniciando as inscri\u00e7\u00f5es com pre\u00e7os promocionais e informa\u00e7\u00f5es adicionais. Sinta-se privilegiado e merecedor por estar testemunhando esse momento hist\u00f3rico do florescer de um novo paradigma cient\u00edfico, capaz de integrar Ci\u00eancia, Espiritualidade e Cura.<\/p>\n<p>Para maiores informa\u00e7\u00f5es clique <a href=\"http:\/\/www.simposiosaudequantica.com.br\/\">aqui<\/a>.<\/p>\n<p><span style=\"color: #ffffff;\">&#8211;<\/span><br \/>\n<span style=\"color: #ffffff;\"> &#8211;<\/span><br \/>\n<script type=\"text\/javascript\">\/\/ <![CDATA[\ngoogle_ad_client = \"ca-pub-6774921656048980\"; \/* banner normal *\/ google_ad_slot = \"2987505043\"; google_ad_width = 468; google_ad_height = 60;\n\/\/ ]]><\/script><br \/>\n<script type=\"text\/javascript\" src=\"http:\/\/pagead2.googlesyndication.com\/pagead\/show_ads.js\">\/\/ <![CDATA[\n\n\/\/ ]]><\/script><\/p>\n","protected":false},"excerpt":{"rendered":"<p>O III Simp\u00f3sio de Sa\u00fade Qu\u00e2ntica e Qualidade de Vida acontecer\u00e1 na cidade de S\u00e3o Paulo &#8211; SP, no Centro de Conven\u00e7\u00f5es Anhembi, nos dias 13, 14 e 15 de setembro de 2013. Ap\u00f3s o sucesso do I e II Simp\u00f3sio de Sa\u00fade Qu\u00e2ntica e Qualidade de Vida que aconteceram em 2009 e 2011 na [&hellip;]<\/p>\n","protected":false},"author":1,"featured_media":1703,"comment_status":"open","ping_status":"open","sticky":false,"template":"","format":"standard","meta":{"om_disable_all_campaigns":false,"_monsterinsights_skip_tracking":false,"_monsterinsights_sitenote_active":false,"_monsterinsights_sitenote_note":"","_monsterinsights_sitenote_category":0,"footnotes":""},"categories":[8,214],"tags":[25],"acf":[],"publishpress_future_action":{"enabled":false,"date":"1969-12-31 21:00:00","action":"","terms":[],"taxonomy":"","browser_timezone_offset":0},"_links":{"self":[{"href":"https:\/\/portalfloresnoar.com\/floresnoar\/wp-json\/wp\/v2\/posts\/1702"}],"collection":[{"href":"https:\/\/portalfloresnoar.com\/floresnoar\/wp-json\/wp\/v2\/posts"}],"about":[{"href":"https:\/\/portalfloresnoar.com\/floresnoar\/wp-json\/wp\/v2\/types\/post"}],"author":[{"embeddable":true,"href":"https:\/\/portalfloresnoar.com\/floresnoar\/wp-json\/wp\/v2\/users\/1"}],"replies":[{"embeddable":true,"href":"https:\/\/portalfloresnoar.com\/floresnoar\/wp-json\/wp\/v2\/comments?post=1702"}],"version-history":[{"count":0,"href":"https:\/\/portalfloresnoar.com\/floresnoar\/wp-json\/wp\/v2\/posts\/1702\/revisions"}],"wp:featuredmedia":[{"embeddable":true,"href":"https:\/\/portalfloresnoar.com\/floresnoar\/wp-json\/wp\/v2\/media\/1703"}],"wp:attachment":[{"href":"https:\/\/portalfloresnoar.com\/floresnoar\/wp-json\/wp\/v2\/media?parent=1702"}],"wp:term":[{"taxonomy":"category","embeddable":true,"href":"https:\/\/portalfloresnoar.com\/floresnoar\/wp-json\/wp\/v2\/categories?post=1702"},{"taxonomy":"post_tag","embeddable":true,"href":"https:\/\/portalfloresnoar.com\/floresnoar\/wp-json\/wp\/v2\/tags?post=1702"}],"curies":[{"name":"wp","href":"https:\/\/api.w.org\/{rel}","templated":true}]}}