

{"id":16975,"date":"2016-02-25T10:00:48","date_gmt":"2016-02-25T13:00:48","guid":{"rendered":"http:\/\/portalfloresnoar.com\/floresnoar\/?p=16975"},"modified":"2016-03-04T12:47:57","modified_gmt":"2016-03-04T15:47:57","slug":"saude-para-psicoterapia-reencarnacionista","status":"publish","type":"post","link":"https:\/\/portalfloresnoar.com\/floresnoar\/saude-para-psicoterapia-reencarnacionista\/","title":{"rendered":"&#8216;A Sa\u00fade para a Psicoterapia Reencarnacionista&#8217;"},"content":{"rendered":"<pre>Por Mauro Kwitko*\r\n(<a href=\"http:\/\/www.maurokwitko.com.br\/site\/\" target=\"_blank\">http:\/\/www.maurokwitko.com.br\/site\/<\/a>)<\/pre>\n<p>Para a Psicoterapia Reencarnacionista, o conceito de Sa\u00fade \u00e9 mais amplo do que foi considerado at\u00e9 hoje: o grau de Sa\u00fade implica no grau de obedi\u00eancia do nosso Ego (persona) ao nosso Esp\u00edrito e aos nossos Mentores Espirituais. Ent\u00e3o, Sa\u00fade \u00e9 isso: obedi\u00eancia, submiss\u00e3o e humildade ao Superior. E Doen\u00e7a \u00e9 o oposto: rebeldia, egocentrismo e vaidade.<\/p>\n<p>A Sa\u00fade Perfeita \u00e9 a completa obedi\u00eancia da nossa persona ao comando superior e Doen\u00e7a Absoluta \u00e9 a total autonomia desse nosso aspecto terreno. Entre a Sa\u00fade Perfeita e a Doen\u00e7a Absoluta existem milhares de gradua\u00e7\u00f5es e cada um de n\u00f3s deve avaliar onde se encontra e isso passa pelo n\u00famero de vezes em que falamos ou pensamos em \u201ceu\u201d.<\/p>\n<p>H\u00e1 pouco tempo atr\u00e1s chamava-se de Sa\u00fade apenas \u00e0 aus\u00eancia de sintomas desagrad\u00e1veis a n\u00edvel f\u00edsico, tais como dores, limita\u00e7\u00f5es, sensa\u00e7\u00f5es, etc. Para a Medici\u00adna oficial, a Medicina do corpo f\u00edsico, o foco \u00e9 fazer desaparecerem, da maneira mais r\u00e1pida poss\u00edvel, os sintomas e os sinais desagrad\u00e1veis do corpo do paciente pelo uso de medicamentos qu\u00edmicos (como os cor\u00adticoster\u00f3ides, os antibi\u00f3ticos, os anti-inflamat\u00f3rios, etc.), que apenas impedem os sintomas e os sinais de manifestarem-se, ou extirpando-se a parte afetada. Mais modernamente, am\u00adpliou-se essa defini\u00e7\u00e3o para a tamb\u00e9m aus\u00eancia de sintomas desagrad\u00e1veis a n\u00edvel ps\u00edquico, como ansiedade, raiva, tristeza, etc. Para a Medicina Ps\u00edquica o importante \u00e9 que o paciente liberte-se ou melhore da ansiedade, da tristeza, da m\u00e1goa, da raiva, etc., atualmente com o uso frequente de subst\u00e2ncias qu\u00edmicas. Ambas as maneiras de encarar e tratar os doentes, est\u00e3o corretas dentro do seu ponto de vista, e s\u00e3o muit\u00edssimo \u00fateis, quando n\u00e3o imprescind\u00edveis. Embora, na Medicina f\u00edsica, na maioria das vezes, sejam apenas a\u00e7\u00f5es paliativas, n\u00e3o se pode negar a sua efici\u00eancia nas urg\u00eancias e emerg\u00eancias, onde ela reina soberana. Mas para curar realmente, numa a\u00e7\u00e3o mais profunda, ela n\u00e3o \u00e9 apropriada, devido ao seu foco apenas f\u00edsico. A Medicina Ps\u00edquica auxilia e consola as pessoas, lhes d\u00e1 apoio e nutri\u00e7\u00e3o, muitas vezes pode fazer com que os conflitos ps\u00edquicos pessoais ou relacionais realmente melhorem. A nossa restri\u00e7\u00e3o a ela \u00e9 que uma Terapia ps\u00edquica das personas e seus conflitos, prendendo-as ainda mais em um racioc\u00ednio limitado aos r\u00f3tulos do corpo f\u00edsico e das rela\u00e7\u00f5es inter-pessoais.<\/p>\n<p>A Psicoterapia Reencarnacionista \u00e9 uma terapia da liberta\u00e7\u00e3o dos r\u00f3tulos, liberta\u00e7\u00e3o do comando da persona sobre o Esp\u00edrito e quer que nos aproximemos o mais poss\u00edvel da Sa\u00fade Perfeita, e passemos do \u201ceu\u201d para o \u201cn\u00f3s\u201d, como j\u00e1 conseguiram e deram esse exemplo grandes Mestres e Mestras que passaram aqui pela Terra ou ainda aqui se encontram. E ent\u00e3o, o crit\u00e9rio de Sa\u00fade amplia-se enor\u00admemente, pois implica no compromisso da personalidade terrena com a sua Ess\u00eancia, ou seja, na nossa responsabilidade em rela\u00e7\u00e3o ao projeto en\u00adcarnat\u00f3rio evolutivo do nosso Eu Real.<\/p>\n<p>A aus\u00eancia de sinais ou sintomas f\u00edsicos ou ps\u00edquicos, ou a n\u00e3o percep\u00e7\u00e3o deles, n\u00e3o implica em Sa\u00fade, pelos crit\u00e9rios da Psicoterapia Reencarnacionista. Nela, a vis\u00e3o do ser humano transcende a persona, aprofunda-se em seus aspectos espirituais e no grau de aproveitamento de sua encarna\u00e7\u00e3o, a partir dos objetivos evolucio\u00adnistas. A vis\u00e3o habitual de sa\u00fade ou de doen\u00e7a extrapola, ent\u00e3o, o corpo e o psiquismo, e os crit\u00e9rios abordados para o diagn\u00f3stico e progn\u00f3stico passam a ser as motiva\u00e7\u00f5es existenciais, a compreens\u00e3o da exist\u00eancia en\u00adcarnada, do retorno \u00e0 vida encarnada na inf\u00e2ncia, dos gatilhos e das armadilhas.<\/p>\n<p>A avalia\u00e7\u00e3o do grau de Sa\u00fade de uma pessoa \u00e9 feita a partir da intensidade com que ela \u00e9 controlada pela sua \u201cvers\u00e3o persona\u201d, ou seja, como \u00e9 o seu racioc\u00ednio equivocado a respeito das coisas de sua vida. Algumas vezes, encontramos pessoas que quase n\u00e3o apresentam manifesta\u00e7\u00f5es desagrad\u00e1veis a n\u00edvel f\u00edsico, sendo aparentemente saud\u00e1veis. Vistas, por\u00e9m, pela \u00f3tica da Psicoterapia Reencarnacionista, est\u00e3o em um est\u00e1gio em que os sinais e os sintomas ainda n\u00e3o apareceram mas n\u00e3o tardar\u00e3o, pois avaliando-se pelo racioc\u00ednio espiritual, observa-se ego\u00edsmo, egolatria, uma tend\u00eancia materialista, etc. \u00c9 o caso, as vezes, de pessoas &#8220;bem-sucedidas\u201d e &#8220;saud\u00e1veis&#8221;, com amplo predom\u00ednio de sua persona. Mas em breve surgir\u00e3o a n\u00edvel f\u00edsico as manifesta\u00e7\u00f5es de seus erros e enganos ps\u00edquicos e espirituais. E tamb\u00e9m \u00e9 o caso de pessoas tamb\u00e9m egoc\u00eantricas, as mago\u00e1veis, as que sentem-se rejeitadas, as que sofrem de auto-piedade, as solit\u00e1rias, etc. que em breve sofrer\u00e3o disso em seu corpo f\u00edsico.<\/p>\n<p>Enquanto os desequil\u00edbrios encontram-se no n\u00edvel ps\u00edquico ou dentro da\u00adquela categoria de sintomas f\u00edsicos ainda n\u00e3o detect\u00e1veis pelos exames diagn\u00f3sticos, s\u00e3o de progn\u00f3stico mais favor\u00e1vel, desde que abordados adequadamente, ou seja, a partir da busca da causa dessas manifesta\u00e7\u00f5es e da necessidade, por parte daquela pessoa, de uma corre\u00e7\u00e3o na sua maneira de enxergar a sua inf\u00e2ncia e a sua vida. Quando as manifesta\u00e7\u00f5es passam do corpo mental para o corpo emo\u00adcional, deste para o duplo et\u00e9rico e da\u00ed para o f\u00edsico, ou seja, os erros e os enganos, a ignor\u00e2ncia e a miopia existencial somatizam-se, condensam-se, fi\u00adxam-se no corpo vis\u00edvel, a\u00ed ent\u00e3o o progn\u00f3stico torna-se mais sombrio e o tratamento mais dif\u00edcil. E a\u00ed pode ser necess\u00e1ria a Medicina oficial, do corpo f\u00edsico, que lida com as consequ\u00eancias, n\u00e3o com as causas. Quando chega nesse ponto, muitas vezes, o ve\u00edculo precisa ir para a oficina. E o motorista deve parar e meditar. Medita\u00e7\u00e3o \u00e9 acalmar o pensamento e como esse \u00e9 um atributo do Ego, meditar significa ir retirando o poder dessa parte infantil sobre n\u00f3s e abrindo espa\u00e7o para que nossa Ess\u00eancia possa penetrar e come\u00e7ar a nos dirigir.<\/p>\n<p>O importante, para a Psicoterapia Reencarnacionista, \u00e9 encarar e tratar as pessoas a partir dos seus aspectos mentais (pensamentos), que criam e mant\u00e9m os aspectos emocionais (sentimentos), o que abrange a sua vis\u00e3o a respeito da vida, a sua interpreta\u00e7\u00e3o equivocada dela, da sua pr\u00f3pria exist\u00eancia e objetivos. A Psicoterapia Reencarnacionista, sendo uma terapia que tem seu foco nos pensamentos das pessoas, tem a capacidade de poder modificar o racioc\u00ednio que os doentes f\u00edsicos ou ps\u00edquicos t\u00eam de sua inf\u00e2ncia, de sua vida, e dos coadjuvantes de sua atual encarna\u00e7\u00e3o. Por isso, ela consegue, em pouco tempo, mudar o enfoque a respeito disso e com essa mudan\u00e7a, diminuir naturalmente os sentimentos que estavam atrelados ao equ\u00edvoco e as doen\u00e7as f\u00edsicas que originaram-se deles.<\/p>\n<p>A maior parte das doen\u00e7as f\u00edsicas t\u00eam origem no nosso racioc\u00ednio (entendimento) a respeito das rela\u00e7\u00f5es conflitantes com os pais ou outras pessoas na inf\u00e2ncia ou durante a vida, o que geralmente j\u00e1 v\u00eam de encarna\u00e7\u00f5es passadas, e por isso veio para a Terra essa nova maneira de enxergar a realidade espiritual do ser humano (um novo entendimento), a partir da prioriza\u00e7\u00e3o da busca da verdadeira vis\u00e3o, a da nossa Ess\u00eancia, e da no\u00e7\u00e3o de temporalidade das nossas personas e as suas ilus\u00f5es. A Psicoterapia Reencarnacionista \u00e9 a terapia da liberta\u00e7\u00e3o da vis\u00e3o personal, que faz parte das armadilhas da encarna\u00e7\u00e3o, ela \u00e9 a terapia da submiss\u00e3o, da obedi\u00eancia, da humildade, da evolu\u00e7\u00e3o espiritual, e isso s\u00f3 \u00e9 poss\u00edvel se nos libertarmos do comando do nosso Ego, da nossa persona e o passarmos para o nosso Esp\u00edrito.<\/p>\n<p>Os membros de uma fam\u00edlia s\u00e3o Esp\u00edritos reencarnantes pr\u00f3ximos, com finalidades k\u00e1rmicas (li\u00e7\u00f5es n\u00e3o aprendidas) e os r\u00f3tulos que assumem s\u00e3o apenas r\u00f3tulos tempor\u00e1rios, s\u00e3o apenas pap\u00e9is. O mau aproveitamento da encarna\u00e7\u00e3o e as doen\u00e7as ps\u00edquicas e f\u00edsicas decorrentes, vem da n\u00e3o-compreens\u00e3o disso. Nas terapias realizadas no pe\u00adr\u00edodo inter-encarna\u00e7\u00f5es, as frases mais comuns dos desencarnados fracassados s\u00e3o: &#8220;Ah, se eu tivesse me lembrado&#8230;&#8221; ou &#8220;Ah, se eu soubesse&#8230;&#8221;. Ent\u00e3o deve\u00admos lembrar agora o que estamos fazendo aqui, porque viemos nessa fam\u00edlia, com esse pai, essa m\u00e3e, porque encontramos esse marido, essa esposa, porque trouxemos do Astral esse filho, etc. Devemos lembrar que reencarnamos para evoluir, desenvolver, purificar o nosso pensamento e, por decorr\u00eancia, os nossos sentimentos, e qualquer pessoa ou situa\u00e7\u00e3o que nos fa\u00e7a aflorar caracter\u00edsticas, senti\u00admentos ou pensamentos inferiores, s\u00e3o os gatilhos necess\u00e1rios para nos mostrar o que temos de melhorar ou curar em n\u00f3s, e portanto ben\u00e9ficos. Mas a nossa personali\u00addade terrena geralmente as encara como injustas ou cru\u00e9is, e a\u00ed come\u00e7am as doen\u00e7as. Todo mundo \u00e9 v\u00edtima. Onde est\u00e3o os vil\u00f5es? Geralmente nas vidas passadas das \u201cv\u00edtimas\u201d, e o que os \u201cvil\u00f5es\u201d de hoje eram? As suas v\u00edtimas l\u00e1. \u00c9 como uma persegui\u00e7\u00e3o sem fim, mas que pode encerrar nessa encarna\u00e7\u00e3o, se os Mentores resolverem mostrar essa hist\u00f3ria no Tel\u00e3o aqui na Terra (Regress\u00e3o Terap\u00eautica).<\/p>\n<p>Todo doente \u00e9 egoc\u00eantrico e vive em fun\u00e7\u00e3o de seus problemas e isso reflete uma vis\u00e3o distorcida a respeito da encarna\u00e7\u00e3o e consequentemente de si pr\u00f3prio. O egocentrismo vem da ilus\u00e3o da separatividade que, por sua vez, traz a doen\u00e7a. \u00c9 como o mar e as gotinhas do mar, cada um de n\u00f3s, uma gotinha, acha que \u00e9 separada das demais gotinhas, quando, na realidade, somos todos o mar.<\/p>\n<p>\u00c9 importante para a pessoa e para o terapeuta que a quest\u00e3o do tipo de doen\u00e7a e o local do corpo onde ela se instala sejam levados em considera\u00e7\u00e3o. A vis\u00e3o oficial n\u00e3o cogita do por que da manifesta\u00e7\u00e3o desagrad\u00e1vel estar instalada nos pulm\u00f5es, no f\u00edgado, nos rins, nos olhos, nos ouvidos, na garganta, nas articula\u00e7\u00f5es, etc. \u00c9 casualidade? Aquela pessoa padecer de difi\u00adculdades, car\u00eancias ou hipertrofias em um certo \u00f3rg\u00e3o n\u00e3o quer dizer nada? S\u00e3o sempre as bact\u00e9rias e os v\u00edrus? O que s\u00e3o as chamadas doen\u00e7as auto-imunes? E as doen\u00e7as de causa desconhecida? Tudo isso visto pela \u00f3tica do homem integral (corpo-mente-Esp\u00edrito) tem uma correla\u00e7\u00e3o perfeita, a ponto do terapeuta e o doente conclu\u00edrem, depois de algum tempo de abordagem diagn\u00f3stica, que a manifesta\u00e7\u00e3o patol\u00f3gica s\u00f3 poderia instalar-se ali mesmo. Tudo \u00e9 evidente, desde que pesquisado corretamente, al\u00e9m do corpo f\u00edsico e da personalidade aparente. Mas para isso, a Medicina do corpo f\u00edsico precisar\u00e1 libertar-se de si mesma, de seus dogmas, e evoluir. E a Medicina dos sentimentos libertar-se do dogma religioso n\u00e3o-reencarnacionista.<\/p>\n<p>Devemos relacionar a personalidade da pessoa em tratamento com a sua vida atual, desde a inf\u00e2ncia, ou vida intra-uterina, se for o caso, com suas dificuldades, traumas, dramas antigos e atuais, suas rela\u00ad\u00e7\u00f5es afetivas do passado e do presente, sua vis\u00e3o sobre a vida e a morte, sobre a finalidade da exist\u00eancia, seus planos e suas metas. E sempre encarando-a como um Esp\u00edrito encarnado em busca de evolu\u00e7\u00e3o. Devemos conversando com a pessoa, ver, escutar, e n\u00e3o apenas ouvir suas queixas f\u00edsicas, pedir exames e dar um nome para sua \u201cdoen\u00e7a\u201d. Devemos entender por que apresenta uma patologia nos olhos ou nos ouvidos ou no f\u00edgado ou no cora\u00e7\u00e3o ou nos rins ou nas articula\u00e7\u00f5es ou nas m\u00e3os ou nos p\u00e9s, entender a repercuss\u00e3o das suas quest\u00f5es mentais e emocionais no f\u00edsico. E a\u00ed come\u00e7a o tratamento. Por exemplo, \u00e9 redun\u00addante mas devemos lembrar que os olhos servem para enxergar, os ouvidos para escutar, a garganta para engolir, etc.<\/p>\n<p>Pela Medicina oriental entende-se a rela\u00e7\u00e3o dos rins com o medo, dos pulm\u00f5es com a tristeza, com o abandono, do f\u00edgado com a raiva, do cora\u00e7\u00e3o com o desamor, da bexiga com a m\u00e1goa, etc. E para que servem as m\u00e3os se n\u00e3o for para fazer as coisas que se deve fazer, tocar as pessoas, endere\u00ad\u00e7ar-se? E os bra\u00e7os, se n\u00e3o servirem como alavancas para a defesa de seus direitos, da manifesta\u00e7\u00e3o da sua vontade? E as pernas, se n\u00e3o nos levarem para onde queremos ir? E os p\u00e9s, se n\u00e3o nos ajudarem na sustenta\u00e7\u00e3o diante das dificuldades da vida? Nas costas, podem esconder-se os dramas ocultos ou as cargas e as sobrecargas. As articula\u00e7\u00f5es endurecidas, o que s\u00e3o, se n\u00e3o o nosso endurecimento, a pr\u00f3pria rigidez? Os problemas digestivos, como as gastrites e as \u00falceras come\u00e7am a ser encaradas como consequ\u00eancia de stress, de um modo de viver equivocado, da ansiedade existencial, da dificuldade de enfren\u00adtar as vicissitudes da vida moderna, mas, apesar dos m\u00e9dicos j\u00e1 saberem disso, os tratamentos continuam sendo para o est\u00f4mago, para o intestino&#8230; E o dono do est\u00f4mago e do intestino?<\/p>\n<p>Um tratamento correto deve iniciar com o entendimento da pessoa no que ela est\u00e1 errando, no que deve mudar, corrigir-se, rever seus pontos de vista, reformular, lembrar que tudo tem uma causa e que essa causa est\u00e1 nas caracter\u00edsticas da sua personalidade, na sua vida e na sua vis\u00e3o de vida, entender que a doen\u00e7a est\u00e1 nela, em algumas de suas caracter\u00edsticas de personalidades, em seus pensamentos, sentimentos e atos, e que ela \u00e9 respons\u00e1vel pela sua sa\u00fade. Tratar apenas o f\u00edsico sem atentar para a causa, sem cuidar do respons\u00e1vel pela \u201cdoen\u00e7a\u201d, \u00e9 uma vis\u00e3o equivocada imediatista, infelizmente generalizada, mas que, agora, come\u00e7a a mudar. O mais importante em um tratamento \u00e9 a conscientiza\u00e7\u00e3o, porque a doen\u00e7a vem do equ\u00edvoco, da vis\u00e3o errada da interpreta\u00e7\u00e3o equivocada. A cura inicia pela mudan\u00e7a do racioc\u00ednio a respeito da nossa inf\u00e2ncia e da nossa vida (Racioc\u00ednio X Contra-Racioc\u00ednio ou \u201cvers\u00e3o persona\u201d X \u201cVers\u00e3o Esp\u00edrito\u201d).<\/p>\n<p>O autoconhecimento, a compreens\u00e3o de nossa estrutura ps\u00edqui\u00adca, a releitura da nossa inf\u00e2ncia a partir da vis\u00e3o reencarnacionista, o entendimento da Perso\u00adnalidade Cong\u00eanita, a correla\u00e7\u00e3o disso com os traumas e desgostos da inf\u00e2ncia, a compreens\u00e3o de que, na verdade, o que nos adoece, o que nos conflita, o que prejudica a nossa busca de felicidade e sa\u00fade \u00e9 a perman\u00eancia, em nosso racioc\u00ednio, do racioc\u00ednio da nossa crian\u00e7a biol\u00f3gica, quando passamos por aque\u00adles dramas e desgostos.<\/p>\n<p>Quando crian\u00e7as, enxergamos a nossa vida, os nossos pais, os familiares, as situa\u00e7\u00f5es do nosso entorno, da maneira como uma crian\u00e7a enxerga: gosto ou n\u00e3o gosto, \u00e9 bom ou \u00e9 ruim. Quando crescemos levamos conosco essa interpreta\u00e7\u00e3o daqueles fatos, e essa maneira de interpretar a nossa inf\u00e2ncia (e os fatos da vida) geralmente agravam os sentimentos que vieram para serem melhorados ou curados nessa atual encarna\u00e7\u00e3o. Se n\u00e3o mudarmos essa interpreta\u00e7\u00e3o, baseada no \u201cPor qu\u00ea?\u201d e no \u201cPara qu\u00ea?\u201d passaremos toda a nossa vida acreditando na nossa vers\u00e3o da hist\u00f3ria da nossa inf\u00e2ncia (e dos fatos da vida) e os sentimentos que vieram melhorar, pelo contr\u00e1rio, piorar\u00e3o e da\u00ed vir\u00e3o as doen\u00e7as f\u00edsicas para nos mostrar que estamos errados, como uma Mensagem do nosso Eu Superior, como dizia o Dr. Bach.<\/p>\n<p>A Psicoterapia Reencarnacionista veio para recordar que n\u00f3s nascemos com uma personalidade formada, que \u00e9 a continua\u00e7\u00e3o da encarna\u00e7\u00e3o passada, e que vem sob a forma de tend\u00eancias para agir e reagir de um certo modo, um padr\u00e3o comportamental. Da\u00ed a constata\u00e7\u00e3o de que alguns reagem com raiva, outros com tristeza, outros com submiss\u00e3o, outros com re\u00adjei\u00e7\u00e3o e abandono, etc., a fatos e situa\u00e7\u00f5es similares. A maneira de cada um de n\u00f3s reagir afetivamen\u00adte aos fatos desagrad\u00e1veis do per\u00edodo intra-uterino e da inf\u00e2ncia j\u00e1 vem em n\u00f3s, \u00e9 o que trazemos conosco e \u00e9 o que viemos melhorar nessa encarna\u00e7\u00e3o.<\/p>\n<p>N\u00f3s n\u00e3o nos tornamos tristes ou medrosos ou t\u00edmi\u00addos ou raivosos ou eg\u00f3latras ou vaidosos ou materialistas ou espiritualizados, etc., n\u00f3s j\u00e1 encarnamos com essas caracter\u00edsticas. E ent\u00e3o nin\u00adgu\u00e9m foi culpado de nada, nem n\u00f3s, e torna-se mais f\u00e1cil lidar com essas quest\u00f5es, pois nada nem ningu\u00e9m originou essas imperfei\u00e7\u00f5es, isso \u00e9 nosso, provavelmente h\u00e1 muito tempo, e \u00e9 o que viemos curar em n\u00f3s. Essa \u00e9 a nossa Miss\u00e3o. Ajudar a todos n\u00f3s a sairmos do lugar de v\u00edtima e passarmos para o de co-criador \u00e9 a fun\u00e7\u00e3o do psicoterapeuta reencarnacionista.<\/p>\n<p>\u00c9 chegada a hora de todos n\u00f3s, pessoas interessadas em nossos semelhantes, abrirmos os nossos olhos e as nossas percep\u00e7\u00f5es para a realidade que se avizinha, que se chama Holismo, ou seja, encarar o ser humano como um todo. Holismo quer dizer Todo, n\u00e3o \u00e9 algo contra algo, oficial versus alternativo, alternativo versus oficial. Podemos antever um tempo em que o m\u00e9dico n\u00e3o ser\u00e1 mais alopata ou homeopata, em que n\u00e3o se submeter\u00e1 mais a nenhum r\u00f3tulo paralisan\u00adte, os psicoterapeutas dialogando entre si, cada qual transmitindo os seus conhecimentos e suas novas descobertas a seus colegas, sem mais preconceitos ou ironias, os doentes recebendo aten\u00e7\u00f5es conjuntas para os seus dife\u00adrentes corpos, seus diversos aspectos patol\u00f3gicos, equipes tratando do corpo f\u00edsico, das emo\u00e7\u00f5es, dos pensamentos, dos aspectos espirituais dos pacientes, as cl\u00ednicas e os hospitais contando com o aux\u00edlio dos m\u00e9dicos e dos curadores desencarnados, todos n\u00f3s trabalhando, lado a lado, ombro a ombro, fraternalmente, amorosamente, em beneficio daqueles que sofrem, daqueles que s\u00e3o o motivo do nosso exerc\u00edcio profissional de amor e doa\u00e7\u00e3o. Imaginamos os terapeutas do futuro conhecendo as mais variadas formas de tratar os doentes e suas doen\u00e7as, atrav\u00e9s de uma vis\u00e3o bioenerg\u00e9tica e integral, cada sofredor recebendo o que necessita naquele momento, sejam medicamentos qu\u00edmicos, sejam subst\u00e2ncias energ\u00e9ticas, seja um carinho, seja um conselho, seja um passe. Podemos imaginar o fim das disputas, das descren\u00e7as, das ironias, da ilus\u00f5es limitantes, entre todos n\u00f3s, curadores, em beneficio de quem n\u00e3o tem nada a ver com isso: os doentes.<\/p>\n<p>E a\u00ed, nesse tempo, poderemos dizer que nosso planeta e a humanidade est\u00e3o se curando e ser\u00e1 um tempo de bonan\u00e7a e prosperidade, com o fim das disputas e das competi\u00e7\u00f5es e com a generaliza\u00e7\u00e3o da fraternidade entre as pessoas. Aproxima-se o tempo em que o Reino dos C\u00e9us descer\u00e1 para a Terra, trazendo consigo o Amor.<\/p>\n<pre>* Mauro Kwitko \u00e9 presidente da Associa\u00e7\u00e3o Brasileira de Psicoterapia Reencarnacionista (<a href=\"http:\/\/www.portalabpr.org\/\" target=\"_blank\">ABPR<\/a>)<\/pre>\n<h3><a title=\"Permanent Link to Inscri\u00e7\u00f5es abertas para Curso de Forma\u00e7\u00e3o em Psicoterapia Reencarnacionista e Regress\u00e3o Terap\u00eautica no Recife\" href=\"http:\/\/portalfloresnoar.com\/floresnoar\/inscricoes-abertas-para-curso-de-formacao-em-psicoterapia-reencarnacionista-e-regressao-terapeutica-no-recife\/\" target=\"_blank\" rel=\"bookmark\">Inscri\u00e7\u00f5es abertas para Curso de Forma\u00e7\u00e3o em Psicoterapia Reencarnacionista e Regress\u00e3o Terap\u00eautica no Recife<\/a><\/h3>\n","protected":false},"excerpt":{"rendered":"<p>Por Mauro Kwitko* (http:\/\/www.maurokwitko.com.br\/site\/) Para a Psicoterapia Reencarnacionista, o conceito de Sa\u00fade \u00e9 mais amplo do que foi considerado at\u00e9 hoje: o grau de Sa\u00fade implica no grau de obedi\u00eancia do nosso Ego (persona) ao nosso Esp\u00edrito e aos nossos Mentores Espirituais. Ent\u00e3o, Sa\u00fade \u00e9 isso: obedi\u00eancia, submiss\u00e3o e humildade ao Superior. E Doen\u00e7a \u00e9 [&hellip;]<\/p>\n","protected":false},"author":1,"featured_media":23584,"comment_status":"open","ping_status":"open","sticky":false,"template":"","format":"standard","meta":{"om_disable_all_campaigns":false,"_monsterinsights_skip_tracking":false,"_monsterinsights_sitenote_active":false,"_monsterinsights_sitenote_note":"","_monsterinsights_sitenote_category":0,"footnotes":""},"categories":[10],"tags":[158],"acf":[],"publishpress_future_action":{"enabled":false,"date":"1969-12-31 21:00:00","action":"","terms":[],"taxonomy":"","browser_timezone_offset":0},"_links":{"self":[{"href":"https:\/\/portalfloresnoar.com\/floresnoar\/wp-json\/wp\/v2\/posts\/16975"}],"collection":[{"href":"https:\/\/portalfloresnoar.com\/floresnoar\/wp-json\/wp\/v2\/posts"}],"about":[{"href":"https:\/\/portalfloresnoar.com\/floresnoar\/wp-json\/wp\/v2\/types\/post"}],"author":[{"embeddable":true,"href":"https:\/\/portalfloresnoar.com\/floresnoar\/wp-json\/wp\/v2\/users\/1"}],"replies":[{"embeddable":true,"href":"https:\/\/portalfloresnoar.com\/floresnoar\/wp-json\/wp\/v2\/comments?post=16975"}],"version-history":[{"count":0,"href":"https:\/\/portalfloresnoar.com\/floresnoar\/wp-json\/wp\/v2\/posts\/16975\/revisions"}],"wp:featuredmedia":[{"embeddable":true,"href":"https:\/\/portalfloresnoar.com\/floresnoar\/wp-json\/wp\/v2\/media\/23584"}],"wp:attachment":[{"href":"https:\/\/portalfloresnoar.com\/floresnoar\/wp-json\/wp\/v2\/media?parent=16975"}],"wp:term":[{"taxonomy":"category","embeddable":true,"href":"https:\/\/portalfloresnoar.com\/floresnoar\/wp-json\/wp\/v2\/categories?post=16975"},{"taxonomy":"post_tag","embeddable":true,"href":"https:\/\/portalfloresnoar.com\/floresnoar\/wp-json\/wp\/v2\/tags?post=16975"}],"curies":[{"name":"wp","href":"https:\/\/api.w.org\/{rel}","templated":true}]}}