

{"id":16891,"date":"2014-08-09T12:27:09","date_gmt":"2014-08-09T15:27:09","guid":{"rendered":"http:\/\/portalfloresnoar.com\/floresnoar\/?p=16891"},"modified":"2014-08-09T12:27:09","modified_gmt":"2014-08-09T15:27:09","slug":"superlua-ao-anoitecer-deste-domingo-dia-10-de-agosto-de-2014","status":"publish","type":"post","link":"https:\/\/portalfloresnoar.com\/floresnoar\/superlua-ao-anoitecer-deste-domingo-dia-10-de-agosto-de-2014\/","title":{"rendered":"Superlua ao anoitecer deste Domingo, dia 10 de Agosto de 2014"},"content":{"rendered":"<pre>Por Haroldo Barros\r\n(<a href=\"http:\/\/haroldobarros.wordpress.com\/\" target=\"_blank\">http:\/\/haroldobarros.wordpress.com<\/a>)<\/pre>\n<p>A Lua Cheia acontece \u00e0s 15h09 do Domingo, dia 10\u00a0de Agosto de 2014. Pouco antes, \u00e0s 14h42 acontece o Perigeu, ou seja, o momento em que a Lua se coloca na posi\u00e7\u00e3o de m\u00e1xima aproxima\u00e7\u00e3o da Terra.<\/p>\n<p>Quando esses dois fen\u00f4menos (a Lua Cheia e o Perigeu) acontecem t\u00e3o pr\u00f3ximos um do outro (com diferen\u00e7a de apenas alguns minutos, nesse caso), temos um singular aumento do disco lunar, que se tornar\u00e1 entre 14% maior e 30% mais brilhante. \u00a0O melhor momento para a observa\u00e7\u00e3o\u00a0\u00e9 o nascer da Lua neste dia 10. Quando o Sol se puser, no horizonte oeste, voc\u00ea ver\u00e1 a Lua nascer, no horizonte leste, maior e mais brilhante do que o habitual.<\/p>\n<p>Um belo espet\u00e1culo!!!<\/p>\n<p>E\u00a0obviamente esse fen\u00f4meno traz significados simb\u00f3licos ricos e dignos de aten\u00e7\u00e3o.<\/p>\n<p>Regente do signo de C\u00e2ncer,\u00a0 astro mais pr\u00f3ximo da Terra, a sedutora Lua, tamb\u00e9m chamada de \u201co luminar das noites\u201d, sempre esteve associada \u00e0 magia , aos encantamentos e \u00e0 poesia.<\/p>\n<p>Diana, a deusa ca\u00e7adora (chamada\u00a0<em>\u00c1rtemis<\/em><strong><em>\u00a0<\/em><\/strong>pelos gregos), \u00e9 irm\u00e3 g\u00eamea de Apolo (o Sol) e associada \u00e0 Lua. O templo erigido em seu culto, em \u00c9feso, era considerado uma das sete maravilhas do mundo antigo.<\/p>\n<p>Ainda crian\u00e7a, recebeu do pai, o poderoso J\u00fapiter (Zeus), a gra\u00e7a de permanecer sempre virgem, intoc\u00e1vel e intocada por qualquer deus ou mortal. Diana representa, portanto, o papel da f\u00eamea indevass\u00e1vel, a donzela arisca, inconquist\u00e1vel, formando, juntamente com Palas Athena e H\u00e9stia, o grupo das chamadas \u201cvirgens brancas\u201d do Olimpo. E aquele que ousasse ir de encontro a essa castidade era severamente punido. Assim foi com\u00a0<strong>Act\u00e9on<\/strong>, o ca\u00e7ador (=<strong>buscador<\/strong>; simbolicamente,\u00a0<strong>ca\u00e7ador<\/strong>\u00a0\u00e9 sempre representativo do homem, em busca do autoconhecimento, da ilumina\u00e7\u00e3o, do Sagrado etc.) que, escondido, p\u00f4s-se a contemplar encantado a bela Diana, enquanto esta se banhava nas frescas \u00e1guas de um regato. O olhar da deusa, treinado pelas ca\u00e7adas, pode perceber a presen\u00e7a do intruso, que sofreu terr\u00edvel destino : com um gesto, Diana o transforma em cervo e Act\u00e9on \u00e9 despeda\u00e7ado e devorado pelos seus pr\u00f3prios c\u00e3es de ca\u00e7a, que n\u00e3o mais o reconheciam.<\/p>\n<p>Com o arco e as flechas recebidos de presente dos tem\u00edveis Ciclopes (gigantes de um s\u00f3 olho), Diana corria pelos\u00a0campos, entretendo-se em movimentadas ca\u00e7adas, sempre acompanhada de sua matilha de c\u00e3es de ca\u00e7a e de oitenta ninfas, que lhe faziam as vezes de damas de companhia, todas absolutamente castas como sua senhora. Regente da arte da ca\u00e7a, impunha normas r\u00edgidas aos ca\u00e7adores. Por exemplo, a f\u00eamea prenhe n\u00e3o poderia ser abatida. Quem quer que descumprisse tal lei seria rigorosamente punido.<\/p>\n<p>Tendo nascido antes de seu irm\u00e3o g\u00eameo Apolo, Diana ajudou sua m\u00e3e quando do parto dele. Por isso, era sempre invocada pelas parturientes\u00a0 gregas quando do nascimento de uma crian\u00e7a. Al\u00e9m disso, Diana era chamada de\u00a0<strong><em>Paidotr\u00f3phos<\/em><\/strong>, que quer dizer\u00a0<em>aquela que alimenta a crian\u00e7a<\/em>. Por tais motivos, as crian\u00e7as eram suas protegidas, sobretudo as meninas, que, at\u00e9 os oito anos, lhes eram consagradas, sendo chamadas\u00a0<em>arktoi<\/em>\u00a0(=\u00a0<em>ursinhas<\/em>; o urso era um animal consagrado a Diana).<\/p>\n<p>Astrologicamente, a Lua representa a parcela m\u00e1gica da nossa psiqu\u00ea, que \u00e9 capaz de se encantar com as imagens internas e externas, capazes de alimentar e educar a nossa crian\u00e7a interior. Com suas quatro fases distintas, dividindo o seu ciclo zodiacal (de vinte e oito dias, o mais r\u00e1pido dentre todos os astros), a Lua nos convida a refletir acerca da ciclologia da nossa pr\u00f3pria vida e de nossas emo\u00e7\u00f5es: ora estamos em pleno processo de inspira\u00e7\u00e3o e desenvolvimento, como se f\u00f4ssemos a Lua Crescente; e ent\u00e3o ficamos plenos e inflados, como a pr\u00f3pria Lua Cheia; depois, tendemos a minguar e murchar, como a Lua Minguante; e em seguida nos sentimos renovados e prontos a iniciar um novo ciclo, como a Lua Nova.<\/p>\n<p>Retratando a Poesia e, mais at\u00e9 do que isso, a\u00a0po\u00e9tica\u00a0dentro de nossas vidas, a Lua, considerada o astro dos namorados, nos fala, atrav\u00e9s de sua luz suave, de sutileza e encantamento. Enquanto o Sol, com sua luz forte, \u00e9 s\u00edmbolo da consci\u00eancia, da raz\u00e3o, da objetividade, do masculino, a Lua \u00e9 s\u00edmbolo do subconsciente, da magia, da subjetividade, do feminino.<\/p>\n<p>Com a ocorr\u00eancia dessa Superlua neste dia 10 de Agosto de 2014, estamos sendo convidados pelo Cosmos a sentir a m\u00e1gica e a po\u00e9tica dentro de n\u00f3s, que nos animam a mirar o alvo dos sonhos que buscamos realizar, retesando o arco da Poesia para disparar a flecha encantada da Magia, em dire\u00e7\u00e3o ao Infinito, recuperando nossa capacidade de transformar ab\u00f3boras em carruagens, sapos em pr\u00edncipes, pererecas em princesas, resgatando o nosso dom de voar, buscar, sonhar e de se encantar com a realidade, que sempre pode ser bela.<\/p>\n<p>Uma po\u00e7a d\u2019\u00e1gua no meio da rua pode ser motivo de queixa para os desanimados e insens\u00edveis. Mas, para quem quer lan\u00e7ar o p\u00f3 de pirlimpimpim, a mesma po\u00e7a pode ser o\u00a0espelho encantado\u00a0que reflete, no ch\u00e3o, o b<span style=\"line-height: 1.5em;\">rilho iridiscente das estrelas, no c\u00e9u.<\/span><\/p>\n<p>E se \u00e9 assim, com poesia terminemos!\u00a0Afinal de contas, a Poesia \u00e9 mais verdadeira do que a Hist\u00f3ria. Portanto, quanto mais po\u00e9tico, mais verdadeiro.<\/p>\n<p>E, em se tratando de Lua e consequentemente de Mem\u00f3ria (atributo tamb\u00e9m ligado \u00e0 Lua), nada melhor do que \u00a0o poema abaixo, de autoria do poeta e pensador pernambucano (e canceriano)<strong>\u00a0<\/strong>Jo\u00e3o Luiz Martins, para estimular, nessa Lua Cheia de C\u00e2ncer, o resgate da mem\u00f3ria imag\u00e9tica dentro de n\u00f3s.<\/p>\n<p><strong>O Ba\u00fa de Mim<\/strong><\/p>\n<p>Abro silenciosamente meu ba\u00fa,<br \/>\nRetiro de l\u00e1 a fantasia do meu desejo,<br \/>\nE sua fragr\u00e2ncia contida faz com que eu comungue<br \/>\nAquele saudosismo espelhado em mim,<br \/>\nNos velhos arlequins passados.<\/p>\n<p>Do Arlequim tomo-lhe a aud\u00e1cia,<br \/>\nDe mim refa\u00e7o a alquimia do sonho:<br \/>\nNesta fus\u00e3o-de-calores, os amores perfazem,<br \/>\nCom (a) exatid\u00e3o absurda de um sonho,<br \/>\nTodo o seu desabrochar de ilus\u00f5es&#8230;<\/p>\n<p>Com meu ba\u00fa ainda aberto<br \/>\nAbsorvo-me no devaneio de existir<br \/>\n\u00c0queles que sonham em primeiro serem reais<br \/>\nPara os seus eus, \u00a0mas que, por pura<br \/>\nDelinq\u00fc\u00eancia consciente e boa,<br \/>\nDeixam-se levar nas \u00e1guas das quimeras<br \/>\nQue tanto edificam os momentos felizes;<\/p>\n<p>E por mim tomo-me real,<br \/>\nVisto a m\u00e1scara alegre a denunciar-me<br \/>\nFa\u00e7o-me de odores de pierrots:<br \/>\nLan\u00e7o o meu brilho a vagar<br \/>\nInda que seja no simples quarto onde,<br \/>\nEstando,<br \/>\nEscuta calado essa magia dos desejos&#8230;<\/p>\n<p>Entro ent\u00e3o no meu ba\u00fa,<br \/>\nE caibo dentro dessa imensid\u00e3o de mim que l\u00e1 est\u00e1,<br \/>\nE fico e sinto, por longo tempo,<br \/>\nTodo um romper daquilo que me fazia t\u00edmido<br \/>\nPara abrir um ba\u00fa-de-sonho:<br \/>\nA suave impress\u00e3o de que me perderia para<br \/>\nPoder-me achar,<br \/>\nComo fiz,<br \/>\nPois estava dentro do ba\u00fa de mim mesmo.<\/p>\n<p><b><i>Jo\u00e3o Luiz Martins<\/i><\/b><br \/>\n<em>Fevereiro de 1990<\/em><\/p>\n","protected":false},"excerpt":{"rendered":"<p>Por Haroldo Barros (http:\/\/haroldobarros.wordpress.com) A Lua Cheia acontece \u00e0s 15h09 do Domingo, dia 10\u00a0de Agosto de 2014. Pouco antes, \u00e0s 14h42 acontece o Perigeu, ou seja, o momento em que a Lua se coloca na posi\u00e7\u00e3o de m\u00e1xima aproxima\u00e7\u00e3o da Terra. Quando esses dois fen\u00f4menos (a Lua Cheia e o Perigeu) acontecem t\u00e3o pr\u00f3ximos um [&hellip;]<\/p>\n","protected":false},"author":1,"featured_media":16892,"comment_status":"open","ping_status":"open","sticky":false,"template":"","format":"standard","meta":{"om_disable_all_campaigns":false,"_monsterinsights_skip_tracking":false,"_monsterinsights_sitenote_active":false,"_monsterinsights_sitenote_note":"","_monsterinsights_sitenote_category":0,"footnotes":""},"categories":[10],"tags":[18,76],"acf":[],"publishpress_future_action":{"enabled":false,"date":"1969-12-31 21:00:00","action":"","terms":[],"taxonomy":"","browser_timezone_offset":0},"_links":{"self":[{"href":"https:\/\/portalfloresnoar.com\/floresnoar\/wp-json\/wp\/v2\/posts\/16891"}],"collection":[{"href":"https:\/\/portalfloresnoar.com\/floresnoar\/wp-json\/wp\/v2\/posts"}],"about":[{"href":"https:\/\/portalfloresnoar.com\/floresnoar\/wp-json\/wp\/v2\/types\/post"}],"author":[{"embeddable":true,"href":"https:\/\/portalfloresnoar.com\/floresnoar\/wp-json\/wp\/v2\/users\/1"}],"replies":[{"embeddable":true,"href":"https:\/\/portalfloresnoar.com\/floresnoar\/wp-json\/wp\/v2\/comments?post=16891"}],"version-history":[{"count":0,"href":"https:\/\/portalfloresnoar.com\/floresnoar\/wp-json\/wp\/v2\/posts\/16891\/revisions"}],"wp:featuredmedia":[{"embeddable":true,"href":"https:\/\/portalfloresnoar.com\/floresnoar\/wp-json\/wp\/v2\/media\/16892"}],"wp:attachment":[{"href":"https:\/\/portalfloresnoar.com\/floresnoar\/wp-json\/wp\/v2\/media?parent=16891"}],"wp:term":[{"taxonomy":"category","embeddable":true,"href":"https:\/\/portalfloresnoar.com\/floresnoar\/wp-json\/wp\/v2\/categories?post=16891"},{"taxonomy":"post_tag","embeddable":true,"href":"https:\/\/portalfloresnoar.com\/floresnoar\/wp-json\/wp\/v2\/tags?post=16891"}],"curies":[{"name":"wp","href":"https:\/\/api.w.org\/{rel}","templated":true}]}}