

{"id":16583,"date":"2014-07-15T19:24:11","date_gmt":"2014-07-15T22:24:11","guid":{"rendered":"http:\/\/portalfloresnoar.com\/floresnoar\/?p=16583"},"modified":"2014-09-24T18:09:46","modified_gmt":"2014-09-24T21:09:46","slug":"palestra-violacoes-de-direitos-humanos-e-resistencia-popular-na-palestina-dia-98-recife","status":"publish","type":"post","link":"https:\/\/portalfloresnoar.com\/floresnoar\/palestra-violacoes-de-direitos-humanos-e-resistencia-popular-na-palestina-dia-98-recife\/","title":{"rendered":"Palestra &#8216;Viola\u00e7\u00f5es de direitos humanos e resist\u00eancia popular na Palestina&#8217;, dia 9\/8, no Recife"},"content":{"rendered":"<p><img decoding=\"async\" loading=\"lazy\" class=\"aligncenter size-full wp-image-16584\" alt=\"palestra palestina\" src=\"http:\/\/portalfloresnoar.com\/floresnoar\/wp-content\/uploads\/2014\/07\/palestra-palestina.jpg\" width=\"508\" height=\"720\" srcset=\"https:\/\/portalfloresnoar.com\/floresnoar\/wp-content\/uploads\/2014\/07\/palestra-palestina.jpg 508w, https:\/\/portalfloresnoar.com\/floresnoar\/wp-content\/uploads\/2014\/07\/palestra-palestina-211x300.jpg 211w\" sizes=\"(max-width: 508px) 100vw, 508px\" \/><\/p>\n<p>Sandra Guimar\u00e3es, ativista que trabalha h\u00e1 cinco anos em campos de refugiados na Palestina, estar\u00e1 no Recife para realizar uma palestra sobre as viola\u00e7\u00f5es de direitos humanos que t\u00eam ocorrido na regi\u00e3o e relatar os processos de luta e resist\u00eancia do povo palestino.<\/p>\n<p>Quando: Sexta-feira, dia 9 de agosto, \u00e0s 19h30<br \/>\nOnde: Livraria Cultura do Shopping Rio Mar<br \/>\nAcesso: Entrada gratuita<\/p>\n<p>Apoio: Centro Cultural Palestino Brasileiro, Grupo Ganapati e SVB-Recife.<\/p>\n<h3>Saiba mais sobre o trabalho de Sandra no Campo de Refugiados em Bel\u00e9m na Palestina <a href=\"http:\/\/www.papacapimveg.com\/2012\/03\/12\/meu-trabalho-no-campo-de-refugiados\/\" target=\"_blank\">\u00a0<strong>aqui<\/strong><\/a>!<\/h3>\n","protected":false},"excerpt":{"rendered":"<p>Sandra Guimar\u00e3es, ativista que trabalha h\u00e1 cinco anos em campos de refugiados na Palestina, estar\u00e1 no Recife para realizar uma palestra sobre as viola\u00e7\u00f5es de direitos humanos que t\u00eam ocorrido na regi\u00e3o e relatar os processos de luta e resist\u00eancia do povo palestino. Quando: Sexta-feira, dia 9 de agosto, \u00e0s 19h30 Onde: Livraria Cultura do [&hellip;]<\/p>\n","protected":false},"author":1,"featured_media":16584,"comment_status":"open","ping_status":"open","sticky":false,"template":"","format":"standard","meta":{"om_disable_all_campaigns":false,"_monsterinsights_skip_tracking":false,"_monsterinsights_sitenote_active":false,"_monsterinsights_sitenote_note":"","_monsterinsights_sitenote_category":0,"footnotes":""},"categories":[8,214],"tags":[24],"acf":[],"publishpress_future_action":{"enabled":false,"date":"1969-12-31 21:00:00","action":"","terms":[],"taxonomy":"","browser_timezone_offset":0},"_links":{"self":[{"href":"https:\/\/portalfloresnoar.com\/floresnoar\/wp-json\/wp\/v2\/posts\/16583"}],"collection":[{"href":"https:\/\/portalfloresnoar.com\/floresnoar\/wp-json\/wp\/v2\/posts"}],"about":[{"href":"https:\/\/portalfloresnoar.com\/floresnoar\/wp-json\/wp\/v2\/types\/post"}],"author":[{"embeddable":true,"href":"https:\/\/portalfloresnoar.com\/floresnoar\/wp-json\/wp\/v2\/users\/1"}],"replies":[{"embeddable":true,"href":"https:\/\/portalfloresnoar.com\/floresnoar\/wp-json\/wp\/v2\/comments?post=16583"}],"version-history":[{"count":0,"href":"https:\/\/portalfloresnoar.com\/floresnoar\/wp-json\/wp\/v2\/posts\/16583\/revisions"}],"wp:featuredmedia":[{"embeddable":true,"href":"https:\/\/portalfloresnoar.com\/floresnoar\/wp-json\/wp\/v2\/media\/16584"}],"wp:attachment":[{"href":"https:\/\/portalfloresnoar.com\/floresnoar\/wp-json\/wp\/v2\/media?parent=16583"}],"wp:term":[{"taxonomy":"category","embeddable":true,"href":"https:\/\/portalfloresnoar.com\/floresnoar\/wp-json\/wp\/v2\/categories?post=16583"},{"taxonomy":"post_tag","embeddable":true,"href":"https:\/\/portalfloresnoar.com\/floresnoar\/wp-json\/wp\/v2\/tags?post=16583"}],"curies":[{"name":"wp","href":"https:\/\/api.w.org\/{rel}","templated":true}]}}