

{"id":16445,"date":"2014-07-11T23:46:26","date_gmt":"2014-07-12T02:46:26","guid":{"rendered":"http:\/\/portalfloresnoar.com\/floresnoar\/?p=16445"},"modified":"2014-07-13T23:48:05","modified_gmt":"2014-07-14T02:48:05","slug":"ocupe-estelita-ocupe-cidade","status":"publish","type":"post","link":"https:\/\/portalfloresnoar.com\/floresnoar\/ocupe-estelita-ocupe-cidade\/","title":{"rendered":"Ocupe Estelita, Ocupe a Cidade!"},"content":{"rendered":"<p><span style=\"line-height: 1.5em;\">O Movimento Ocupe Estelita defende uma cidade para todas as pessoas. Questiona as decis\u00f5es que tornam o Recife uma cidade segregada, com espa\u00e7os p\u00fablicos abandonados, reduzidos, privatizados. Por defesa de uma cidade mais democr\u00e1tica, o movimento se manifesta h\u00e1 cerca de 3 anos em frente aos armaz\u00e9ns do Cais Jos\u00e9 Estelita. Aquela ampla \u00e1rea hist\u00f3rica, com enorme potencial de uso para a cidade, que deveria ser revitalizada tendo em vista toda a popula\u00e7\u00e3o, foi vendida para iniciativa privada sem nenhum planejamento urbano, permitindo a quase aprova\u00e7\u00e3o de um p\u00e9ssimo projeto de condom\u00ednios privados. O movimento denuncia que, al\u00e9m de ilegal, esse projeto intensifica diversos problemas end\u00eamicos da cidade, como a segrega\u00e7\u00e3o social, a p\u00e9ssima mobilidade urbana, a falta de espa\u00e7os p\u00fablicos e \u00e1reas de lazer, e n\u00e3o dialoga com seu entorno, que possui um grande d\u00e9ficit habitacional.<\/span><\/p>\n<p>No dia 21 de maio de 2014, as construtoras ligadas ao projeto \u201cNovo Recife\u201d \u2013 Moura Dubeux, Queiroz Galv\u00e3o, GL Empreendimentos e Ara Empreendimentos \u2013 iniciaram a demoli\u00e7\u00e3o dos galp\u00f5es para precipitar os seus interesses de forma autorit\u00e1ria, sem as autoriza\u00e7\u00f5es necess\u00e1rias. Com o fim de proteger a legalidade do processo, o movimento ocupou a \u00e1rea referente ao empreendimento questionado.<\/p>\n<p>A ocupa\u00e7\u00e3o transformou-se em um espa\u00e7o de refer\u00eancia para a discuss\u00e3o do Recife e de seus problemas e foi utilizada para atividades culturais, aulas abertas, produ\u00e7\u00e3o coletiva de atividades art\u00edsticas etc.<\/p>\n<p>No dia 17 de junho, durante o jogo do Brasil na Copa da Fifa, o movimento foi surpreendido com uma a\u00e7\u00e3o policial truculenta, que deixou dezenas de pessoas feridas, com balas de borracha, g\u00e1s de pimenta, chicotadas, golpes de cassetetes, bombas de efeito moral, entre outros. Enquanto as\/os manifestantes eram agredidas\/os, as empreiteiras do projeto \u201cNovo Recife\u201d \u2013 Moura Dubeux, Queiroz Galv\u00e3o e cia. \u2013 colocaram para dentro da \u00e1rea maquin\u00e1rio de constru\u00e7\u00e3o, e um aparato de seguran\u00e7a que transformou o local num verdadeiro campo de concentra\u00e7\u00e3o: arame farpado, c\u00e3es guardas, c\u00e2meras de seguran\u00e7a, e dezenas de guardas armados.<\/p>\n<p>Apesar da viol\u00eancia policial sofrida, o movimento ocupou a \u00e1rea debaixo do Viaduto Capit\u00e3o Temudo. A ocupa\u00e7\u00e3o, que teve como objetivo inicial a prote\u00e7\u00e3o do espa\u00e7o contra os atos iminentes de demoli\u00e7\u00e3o, manteve-se resistente, e ampliou-se para um convite \u00e0 cidade para discutir o projeto \u201cNovo Recife\u201d, e a destina\u00e7\u00e3o do espa\u00e7o urbano. N\u00e3o h\u00e1 d\u00favidas de que os objetivos da ocupa\u00e7\u00e3o foram alcan\u00e7ados: hoje a cidade e o mundo discutem o Cais Jos\u00e9 Estelita; a cidade e o mundo discutem o Recife.<\/p>\n<p>Apesar de todos os desafios de conduzir um movimento custeado apenas por autogest\u00e3o popular, que enfrenta um projeto bilion\u00e1rio e uma estrutura perversa de poder que mescla interesses empresariais e governamentais indistintamente e de forma anti\u00e9tica, e de ter que lidar com grupos que promovem discursos e atos de incita\u00e7\u00e3o ao \u00f3dio e \u00e0 viol\u00eancia contra as\/os militantes, ap\u00f3s 50 dias de ocupa\u00e7\u00e3o, o movimento\u00a0<a href=\"https:\/\/www.facebook.com\/hashtag\/ocupeestelita?source=feed_text&amp;story_id=10152538046264564\" target=\"_blank\">\u202a#\u200eOcupeEstelita\u202c<\/a>\u00a0<wbr \/>prop\u00f5e uma nova forma de ocupar a \u00e1rea do Cais e do Recife.<\/p>\n<p>Prezando pela seguran\u00e7a de suas\/seus membros, e redirecionando seus esfor\u00e7os, viemos por meio desta nota comunicar que n\u00e3o haver\u00e1 mais pessoas do Movimento dormindo no local. Contudo, as atividades pol\u00edticas, culturais e educativas permanecem.<\/p>\n<p>(Hoje, dia 10 de Julho, por volta das 20 horas, durante a prepara\u00e7\u00e3o para a reestrutura\u00e7\u00e3o do espa\u00e7o \u2013 que j\u00e1 havia sido planejada \u2013 as\/os ocupantes do Movimento sofreram mais um ataque violento por parte de pessoas desconhecidas, com fortes ind\u00edcios de um ato direcionado, numa estrat\u00e9gia grosseira de acuar e desmobilizar o #OcupeEstelita. Neste ataque covarde, em que dois militantes foram atingidos por pedras, v\u00e1rias\/os foram amea\u00e7adas\/os, um \u00f4nibus foi depredado, n\u00e3o s\u00f3 o Movimento foi v\u00edtima, mas a cidade como um todo. \u00c9 importante registrar que esses atos se somam a uma s\u00e9rie de outros ataques que j\u00e1 vinham acontecendo e sendo divulgados: persegui\u00e7\u00f5es, espionagem virtual, e amea\u00e7as diversas. N\u00e3o nos deixaremos intimidar).<\/p>\n<p>Enquanto a defesa do projeto \u201cNovo Recife\u201d elogia a viol\u00eancia e a desinforma\u00e7\u00e3o, o Movimento Ocupe Estelita trabalha em prol da elucida\u00e7\u00e3o e da informa\u00e7\u00e3o de todas\/os as\/os cidad\u00e3s\/\u00e3os, porque tem a convic\u00e7\u00e3o de quantos mais de n\u00f3s compreenderem a import\u00e2ncia e o potencial do Cais Jos\u00e9 Estelita para o desenvolvimento sustent\u00e1vel da cidade, mais de n\u00f3s ser\u00e3o favor\u00e1veis a outros projetos, verdadeiramente capazes de revitalizar a \u00e1rea e integr\u00e1-la ao seu entorno.<\/p>\n<p>O Cais Jos\u00e9 Estelita \u2013 e a por n\u00f3s descoberta Pra\u00e7a Abelardo Rijo \u2013 segue sendo um ponto de refer\u00eancia na luta por uma cidade mais humana. E o Movimento Ocupe Estelita segue sendo uma refer\u00eancia de que cidad\u00e3s\/\u00e3os movidas\/os por uma causa justa e pela convic\u00e7\u00e3o de que cidade deve ser popular, de todas\/os, e promover qualidade de vida para todas\/os, s\u00e3o capazes de enfrentar os maiores obst\u00e1culos, enfrentar o poder econ\u00f4mico, enfrentar o poder governamental.<\/p>\n<p>Est\u00e3o todas\/os convidadas\/os para fazer hist\u00f3ria conosco, ocupar o Cais e participar de nossas atividades pol\u00edticas, educativas e culturais. N\u00f3s estamos mudando a nossa cidade. E este \u00e9 um caminho sem volta.<\/p>\n<p>Come\u00e7amos ocupando. Agora \u00e9 hora, mais do que nunca, de expandir e resistir.<\/p>\n<p>\u00c9 apenas o come\u00e7o!<\/p>\n<p>Movimento Ocupe Estelita<\/p>\n","protected":false},"excerpt":{"rendered":"<p>O Movimento Ocupe Estelita defende uma cidade para todas as pessoas. Questiona as decis\u00f5es que tornam o Recife uma cidade segregada, com espa\u00e7os p\u00fablicos abandonados, reduzidos, privatizados. Por defesa de uma cidade mais democr\u00e1tica, o movimento se manifesta h\u00e1 cerca de 3 anos em frente aos armaz\u00e9ns do Cais Jos\u00e9 Estelita. Aquela ampla \u00e1rea hist\u00f3rica, [&hellip;]<\/p>\n","protected":false},"author":1,"featured_media":16446,"comment_status":"open","ping_status":"open","sticky":false,"template":"","format":"standard","meta":{"om_disable_all_campaigns":false,"_monsterinsights_skip_tracking":false,"_monsterinsights_sitenote_active":false,"_monsterinsights_sitenote_note":"","_monsterinsights_sitenote_category":0,"footnotes":""},"categories":[10],"tags":[40,24],"acf":[],"publishpress_future_action":{"enabled":false,"date":"1969-12-31 21:00:00","action":"","terms":[],"taxonomy":"","browser_timezone_offset":0},"_links":{"self":[{"href":"https:\/\/portalfloresnoar.com\/floresnoar\/wp-json\/wp\/v2\/posts\/16445"}],"collection":[{"href":"https:\/\/portalfloresnoar.com\/floresnoar\/wp-json\/wp\/v2\/posts"}],"about":[{"href":"https:\/\/portalfloresnoar.com\/floresnoar\/wp-json\/wp\/v2\/types\/post"}],"author":[{"embeddable":true,"href":"https:\/\/portalfloresnoar.com\/floresnoar\/wp-json\/wp\/v2\/users\/1"}],"replies":[{"embeddable":true,"href":"https:\/\/portalfloresnoar.com\/floresnoar\/wp-json\/wp\/v2\/comments?post=16445"}],"version-history":[{"count":0,"href":"https:\/\/portalfloresnoar.com\/floresnoar\/wp-json\/wp\/v2\/posts\/16445\/revisions"}],"wp:featuredmedia":[{"embeddable":true,"href":"https:\/\/portalfloresnoar.com\/floresnoar\/wp-json\/wp\/v2\/media\/16446"}],"wp:attachment":[{"href":"https:\/\/portalfloresnoar.com\/floresnoar\/wp-json\/wp\/v2\/media?parent=16445"}],"wp:term":[{"taxonomy":"category","embeddable":true,"href":"https:\/\/portalfloresnoar.com\/floresnoar\/wp-json\/wp\/v2\/categories?post=16445"},{"taxonomy":"post_tag","embeddable":true,"href":"https:\/\/portalfloresnoar.com\/floresnoar\/wp-json\/wp\/v2\/tags?post=16445"}],"curies":[{"name":"wp","href":"https:\/\/api.w.org\/{rel}","templated":true}]}}