

{"id":16248,"date":"2014-05-02T10:09:25","date_gmt":"2014-05-02T13:09:25","guid":{"rendered":"http:\/\/portalfloresnoar.com\/floresnoar\/?p=16248"},"modified":"2014-09-24T18:11:09","modified_gmt":"2014-09-24T21:11:09","slug":"curso-de-reiki-para-criancas-dia-15-de-julho-gerar","status":"publish","type":"post","link":"https:\/\/portalfloresnoar.com\/floresnoar\/curso-de-reiki-para-criancas-dia-15-de-julho-gerar\/","title":{"rendered":"Curso de Reiki para Crian\u00e7as dia 15 de julho no Gerar"},"content":{"rendered":"<p><img decoding=\"async\" loading=\"lazy\" class=\"aligncenter size-full wp-image-16249\" alt=\"reiki para crian\u00e7as\" src=\"http:\/\/portalfloresnoar.com\/floresnoar\/wp-content\/uploads\/2014\/06\/reiki-para-crian\u00e7as.jpg\" width=\"672\" height=\"477\" srcset=\"https:\/\/portalfloresnoar.com\/floresnoar\/wp-content\/uploads\/2014\/06\/reiki-para-crian\u00e7as.jpg 672w, https:\/\/portalfloresnoar.com\/floresnoar\/wp-content\/uploads\/2014\/06\/reiki-para-crian\u00e7as-300x212.jpg 300w\" sizes=\"(max-width: 672px) 100vw, 672px\" \/><\/p>\n<p><img decoding=\"async\" loading=\"lazy\" class=\"size-full wp-image-16250 alignleft\" alt=\"Reiki crian\u00e7as recife\" src=\"http:\/\/portalfloresnoar.com\/floresnoar\/wp-content\/uploads\/2014\/06\/Reiki-crian\u00e7as-recife.jpg\" width=\"335\" height=\"267\" srcset=\"https:\/\/portalfloresnoar.com\/floresnoar\/wp-content\/uploads\/2014\/06\/Reiki-crian\u00e7as-recife.jpg 335w, https:\/\/portalfloresnoar.com\/floresnoar\/wp-content\/uploads\/2014\/06\/Reiki-crian\u00e7as-recife-300x239.jpg 300w\" sizes=\"(max-width: 335px) 100vw, 335px\" \/>As reikianas F\u00e1tima Nunes e Mayra Waquim realizam no dia 15 de julho, das 10h \u00e0s 17h,\u00a0o Curso de Reiki para Crian\u00e7as. No encontro as crian\u00e7as aprender\u00e3o a aplica\u00e7\u00e3o do Reiki atrav\u00e9s de din\u00e2micas de grupo, pintura e conta\u00e7\u00e3o de hist\u00f3rias. O p\u00fablico-alvo s\u00e3o crian\u00e7as entre 7 e 12 anos. Inscri\u00e7\u00f5es pelo fone: (81) 3268-1749.<\/p>\n<p>O Reiki \u00e9 uma pr\u00e1tica terap\u00eautica integrativa baseada na aplica\u00e7\u00e3o da energia Universal, atrav\u00e9s das m\u00e3os. De acordo com F\u00e1tima Nunes, crian\u00e7as que se tornam reikianas se desenvolvem em harmonia, s\u00e3o mais calmas, receptivas e amorosas.<\/p>\n<p>As crian\u00e7as receber\u00e3o certificado, um livro lembrete (com figuras ilustrativas das posi\u00e7\u00f5es de aplica\u00e7\u00e3o, figuras pra colorir, cruzadinha, jogo dos erros), mais um material relacionado \u00e0 pr\u00e1tica do Reiki.<\/p>\n<p><strong>Outros benef\u00edcios:<\/strong><br \/>\n* Melhora da sa\u00fade de forma geral<br \/>\n* Aumento do desempenho escolar<br \/>\n* Aumento da autoconfian\u00e7a, autoestima e concentra\u00e7\u00e3o<br \/>\n* Melhora a qualidade do sono<\/p>\n<p><strong>Conte\u00fado Program\u00e1tico:<\/strong><br \/>\n* O que \u00e9 Reiki<br \/>\n* A hist\u00f3ria e os princ\u00edpios do Reiki<br \/>\n* Como aplicar Reiki<br \/>\n* Sintoniza\u00e7\u00e3o e Pr\u00e1tica<\/p>\n<p><strong>CURSO DE REIKI PARA CRIAN\u00c7AS<\/strong><br \/>\n<strong>Data:<\/strong>\u00a015 de julho\/2014<br \/>\n<strong>Hor\u00e1rio:<\/strong> 10h \u00e0s 17h<br \/>\n<strong>Valor:<\/strong> R$ 180,00<br \/>\n<strong>Local:<\/strong> GERAR \u2013 Arteterapia e Bem-Estar \u2013 Rua Jorge de Albuquerque, 103, Casa Forte, Recife-PE<br \/>\n<strong>Fone:<\/strong>\u00a0(81) 3268-1749\/ 9631-8668<\/p>\n<p><strong>Facilitadora:<\/strong> Maria de F\u00e1tima Nunes ( Mestre de Reiki ).<br \/>\n<strong>Colaboradora:<\/strong> Mayra Waquim ( reikiana, atriz e educadora )<\/p>\n","protected":false},"excerpt":{"rendered":"<p>As reikianas F\u00e1tima Nunes e Mayra Waquim realizam no dia 15 de julho, das 10h \u00e0s 17h,\u00a0o Curso de Reiki para Crian\u00e7as. No encontro as crian\u00e7as aprender\u00e3o a aplica\u00e7\u00e3o do Reiki atrav\u00e9s de din\u00e2micas de grupo, pintura e conta\u00e7\u00e3o de hist\u00f3rias. O p\u00fablico-alvo s\u00e3o crian\u00e7as entre 7 e 12 anos. Inscri\u00e7\u00f5es pelo fone: (81) 3268-1749. [&hellip;]<\/p>\n","protected":false},"author":1,"featured_media":16250,"comment_status":"open","ping_status":"open","sticky":false,"template":"","format":"standard","meta":{"om_disable_all_campaigns":false,"_monsterinsights_skip_tracking":false,"_monsterinsights_sitenote_active":false,"_monsterinsights_sitenote_note":"","_monsterinsights_sitenote_category":0,"footnotes":""},"categories":[8,214],"tags":[120,37],"acf":[],"publishpress_future_action":{"enabled":false,"date":"1969-12-31 21:00:00","action":"","terms":[],"taxonomy":"","browser_timezone_offset":0},"_links":{"self":[{"href":"https:\/\/portalfloresnoar.com\/floresnoar\/wp-json\/wp\/v2\/posts\/16248"}],"collection":[{"href":"https:\/\/portalfloresnoar.com\/floresnoar\/wp-json\/wp\/v2\/posts"}],"about":[{"href":"https:\/\/portalfloresnoar.com\/floresnoar\/wp-json\/wp\/v2\/types\/post"}],"author":[{"embeddable":true,"href":"https:\/\/portalfloresnoar.com\/floresnoar\/wp-json\/wp\/v2\/users\/1"}],"replies":[{"embeddable":true,"href":"https:\/\/portalfloresnoar.com\/floresnoar\/wp-json\/wp\/v2\/comments?post=16248"}],"version-history":[{"count":0,"href":"https:\/\/portalfloresnoar.com\/floresnoar\/wp-json\/wp\/v2\/posts\/16248\/revisions"}],"wp:featuredmedia":[{"embeddable":true,"href":"https:\/\/portalfloresnoar.com\/floresnoar\/wp-json\/wp\/v2\/media\/16250"}],"wp:attachment":[{"href":"https:\/\/portalfloresnoar.com\/floresnoar\/wp-json\/wp\/v2\/media?parent=16248"}],"wp:term":[{"taxonomy":"category","embeddable":true,"href":"https:\/\/portalfloresnoar.com\/floresnoar\/wp-json\/wp\/v2\/categories?post=16248"},{"taxonomy":"post_tag","embeddable":true,"href":"https:\/\/portalfloresnoar.com\/floresnoar\/wp-json\/wp\/v2\/tags?post=16248"}],"curies":[{"name":"wp","href":"https:\/\/api.w.org\/{rel}","templated":true}]}}