

{"id":16176,"date":"2014-07-30T18:00:30","date_gmt":"2014-07-30T21:00:30","guid":{"rendered":"http:\/\/portalfloresnoar.com\/floresnoar\/?p=16176"},"modified":"2014-08-18T16:00:48","modified_gmt":"2014-08-18T19:00:48","slug":"terapia-capilar-holistica-recife","status":"publish","type":"post","link":"https:\/\/portalfloresnoar.com\/floresnoar\/terapia-capilar-holistica-recife\/","title":{"rendered":"Terapia Capilar Hol\u00edstica no Recife"},"content":{"rendered":"<figure id=\"attachment_16177\" aria-describedby=\"caption-attachment-16177\" style=\"width: 342px\" class=\"wp-caption alignleft\"><img decoding=\"async\" loading=\"lazy\" class=\"wp-image-16177  \" alt=\"Marcos Luna\" src=\"http:\/\/portalfloresnoar.com\/floresnoar\/wp-content\/uploads\/2014\/06\/Marcos-Luna.jpg\" width=\"342\" height=\"227\" srcset=\"https:\/\/portalfloresnoar.com\/floresnoar\/wp-content\/uploads\/2014\/06\/Marcos-Luna.jpg 535w, https:\/\/portalfloresnoar.com\/floresnoar\/wp-content\/uploads\/2014\/06\/Marcos-Luna-300x199.jpg 300w\" sizes=\"(max-width: 342px) 100vw, 342px\" \/><figcaption id=\"caption-attachment-16177\" class=\"wp-caption-text\">Marcos Luna \u00e9 o gestor e diretor clinico respons\u00e1vel pelo Universo Capilar. \u00c9 terapeuta Hol\u00edstico, terapeuta Capilar, tricologista T\u00e9cnico, terapeuta Qu\u00e2ntico, graduando em Marketing e s\u00f3cio-diretor cl\u00ednico da Holomais<\/figcaption><\/figure>\n<p>&nbsp;<\/p>\n<p>O estado de Pernambuco \u00e9 o pioneiro no Brasil em Terapia Capilar Hol\u00edstica. H\u00e1 35 anos o terapeuta Marcos Luna vem atuando na \u00e1rea, tendo implantado h\u00e1 cinco anos no Recife o Universo Capilar, uma unidade terap\u00eautica multiprofissional, com vis\u00e3o hol\u00edstica, que funciona no bairro Sancho, no Recife.<\/p>\n<p>O Universo Capilar atua na preven\u00e7\u00e3o, diagn\u00f3stico e tratamentos de queda, recapilariza\u00e7\u00e3o, caspa, seborreia, cabelos danificados (asf\u00edticos, ast\u00eanicos) e demais disfun\u00e7\u00f5es dos cabelos e couro cabeludo, al\u00e9m de realizar consultoria para organiza\u00e7\u00f5es de sa\u00fade e beleza, como cl\u00ednicas est\u00e9ticas, dermatol\u00f3gicas e sal\u00f5es de beleza.<\/p>\n<p>Marcos Luna explica que a Terapia Capilar Hol\u00edstica \u00e9 o conjunto de t\u00e9cnicas aplicadas e estruturadas para tratar as principais disfun\u00e7\u00f5es dos cabelos e couro cabeludo, a partir de um novo paradigma na abordagem, preven\u00e7\u00e3o, an\u00e1lise, diagn\u00f3stico, tratamento e acompanhamento dos desequil\u00edbrios capilares, de forma sistematizada. \u201cO Terapeuta Capilar Hol\u00edstico \u00e9 um profissional conhecedor de m\u00faltiplas ci\u00eancias e alternativas focadas no trato das tricoses (problemas capilares) no \u00e2mbito do ser integral e interacional, porque o cabelo \u00e9 parte de um sistema, o Capilar, que diretamente est\u00e1 interligado aos campos f\u00edsico e sutil\u201d.<\/p>\n<p>As consultas podem ser realizadas presencialmente ou \u00e0 dist\u00e2ncia, via internet. Para o correto diagn\u00f3stico e conduta terap\u00eautica personalizada s\u00e3o aplicadas v\u00e1rias Tricoan\u00e1lises como o Mapeamento Tricol\u00f3gico, Scanner-Hair, Bio-Hair, Frequency-Hair e Estress\u00f4metro, entre outros.<\/p>\n<p>Os tratamentos fazem uso de m\u00faltiplas t\u00e9cnicas tradicionais e inovadoras associadas \u00e0 efici\u00eancia da alta tecnologia com Potencializadores Ter\u00e1picos, Nanoter\u00e1picos, Aromaterapia, Decapagem Biol\u00f3gica, Eletroterapia, Terapia por Freq\u00fc\u00eancia, Massoterapia, Fitoterapia, Laserterapia,Bioresson\u00e2ncia, Bioter\u00e1picos Inteligentes e Fitoqu\u00e2nticos. Dentre os procedimentos realizados est\u00e3o o Pr\u00e9 e P\u00f3s Cir\u00fargico, Higieniza\u00e7\u00e3o Pilo-Seb\u00e1cea (HPS), Reposi\u00e7\u00e3o de Massa Capilar (RMC), Revitaliza\u00e7\u00e3o do Couro Cabeludo (RCC), Alinhamento Intracelular da Haste Capilar (HIC) eDetox do Sistema Capilar (DSC).<\/p>\n<p><strong>CONSULTORIA<\/strong> &#8211; O Universo Capilar oferece tr\u00eas tipos de Consultoria: <strong>Implanta\u00e7\u00e3o de Unidade Terapia Capilar<\/strong>, <em><strong>Therapy Day<\/strong><\/em> e <strong>Workshop &#8211; Gest\u00e3o de Pessoas com Foco no Resultado<\/strong>. O p\u00fablico-alvo s\u00e3o sal\u00f5es de beleza, cl\u00ednicas est\u00e9ticas, dermatol\u00f3gicas, dermato-funcional e demais espa\u00e7os que atuam nos segmento de beleza est\u00e9tica e sa\u00fade.<\/p>\n<p>A <strong>Unidade de Terapia Capilar<\/strong> visa a implanta\u00e7\u00e3o de um local que oferece, com seguran\u00e7a profissional e efici\u00eancia, tratamentos para Cabelos Danificados, Queda, Caspa, Seborr\u00e9ia, Recapilariza\u00e7\u00e3o e demais disfun\u00e7\u00f5es dos cabelos e couro cabeludo.<\/p>\n<p>O<strong><em> Therapy Day<\/em><\/strong> \u00e9 um dia dedicado \u00e0 beleza, onde o espa\u00e7o que est\u00e1 realizando o evento entra com a divulga\u00e7\u00e3o, infraestrutura f\u00edsica e equipe de auxiliares, enquanto o Universo Capilar disponibiliza o grupo de terapeutas, sua carta de servi\u00e7os diferenciados e o atendimento aos clientes. Est\u00e3o inclusas: an\u00e1lise capilar panor\u00e2mica, tratamentos personalizados comprodutos exclusivos e orienta\u00e7\u00e3o terap\u00eautica para lidar com os cabelos e couro cabeludo.<\/p>\n<p>O<strong> Workshop &#8211; Gest\u00e3o de Pessoas com Foco no Resultado<\/strong> apresenta um formato inovador de transmitir informa\u00e7\u00f5es, que soma conhecimentos milenares com os eficientes arsenais de comunica\u00e7\u00e3o, somando as ci\u00eancias do Marketing, Mec\u00e2nica Qu\u00e2ntica e Hol\u00edstica. \u201c\u00c9 reconhecido como o que h\u00e1 de mais moderno em treinamento por ser um m\u00e9todo ativo que estabelece uma estrat\u00e9gia pedag\u00f3gica centrada no l\u00edder, rumo \u00e0 constru\u00e7\u00e3o da aprendizagem baseada na conquista do resultado\u201d, explica Marcos Luna.<\/p>\n<p>Mais informa\u00e7\u00f5es sobre as consultorias <a href=\"http:\/\/universocapilar.wordpress.com\/curso\/\" target=\"_blank\">aqui<\/a>!<\/p>\n<p><strong>UCard<\/strong> &#8211; Outra novidade do Universo Capilar \u00e9 o \u2018UCard, seu passaporte de beleza\u2019. O UCard \u00e9 um cart\u00e3o digital que oferece cr\u00e9ditos de R$ 200,00, 150,00 e 100,00 para serem utilizados nas terapias oferecidas pelo Universo Capilar. O programa \u00e9 uma parceria entre o Universo Capilar e fornecedores, que tem como objetivo beneficiar gratuitamente pessoas acometidas por disfun\u00e7\u00f5es capilares. Para se beneficiar basta j\u00e1 ser cliente do Universo Capilar\/Holomais ou se inscrever atrav\u00e9s do e-mail: contato@universocapilar.com.br\u00a0<a href=\"http:\/\/www.universocapilar.com.br\" target=\"_blank\"><br \/>\n<\/a><\/p>\n<p><strong>CONTATOS<\/strong><br \/>\n<strong>Telefones:<\/strong> 81 &#8211; 9969.6434 (Tim) 8864.6375 (Oi)<br \/>\n<strong>E-mail:<\/strong> contato@universocapilar.com.br<br \/>\n<strong>Endere\u00e7o:<\/strong> Rua Jo\u00e3o Ferreira, 42F &#8211; Sancho &#8211; Recife\/PE<br \/>\n<strong>Blog\/Site:<\/strong> <a href=\"http:\/\/www.universocapilar.com.br\" target=\"_blank\">www.universocapilar.com.br<\/a><\/p>\n","protected":false},"excerpt":{"rendered":"<p>&nbsp; O estado de Pernambuco \u00e9 o pioneiro no Brasil em Terapia Capilar Hol\u00edstica. H\u00e1 35 anos o terapeuta Marcos Luna vem atuando na \u00e1rea, tendo implantado h\u00e1 cinco anos no Recife o Universo Capilar, uma unidade terap\u00eautica multiprofissional, com vis\u00e3o hol\u00edstica, que funciona no bairro Sancho, no Recife. O Universo Capilar atua na preven\u00e7\u00e3o, [&hellip;]<\/p>\n","protected":false},"author":1,"featured_media":16178,"comment_status":"open","ping_status":"open","sticky":false,"template":"","format":"standard","meta":{"om_disable_all_campaigns":false,"_monsterinsights_skip_tracking":false,"_monsterinsights_sitenote_active":false,"_monsterinsights_sitenote_note":"","_monsterinsights_sitenote_category":0,"footnotes":""},"categories":[9],"tags":[537,127],"acf":[],"publishpress_future_action":{"enabled":false,"date":"1969-12-31 21:00:00","action":"","terms":[],"taxonomy":"","browser_timezone_offset":0},"_links":{"self":[{"href":"https:\/\/portalfloresnoar.com\/floresnoar\/wp-json\/wp\/v2\/posts\/16176"}],"collection":[{"href":"https:\/\/portalfloresnoar.com\/floresnoar\/wp-json\/wp\/v2\/posts"}],"about":[{"href":"https:\/\/portalfloresnoar.com\/floresnoar\/wp-json\/wp\/v2\/types\/post"}],"author":[{"embeddable":true,"href":"https:\/\/portalfloresnoar.com\/floresnoar\/wp-json\/wp\/v2\/users\/1"}],"replies":[{"embeddable":true,"href":"https:\/\/portalfloresnoar.com\/floresnoar\/wp-json\/wp\/v2\/comments?post=16176"}],"version-history":[{"count":0,"href":"https:\/\/portalfloresnoar.com\/floresnoar\/wp-json\/wp\/v2\/posts\/16176\/revisions"}],"wp:featuredmedia":[{"embeddable":true,"href":"https:\/\/portalfloresnoar.com\/floresnoar\/wp-json\/wp\/v2\/media\/16178"}],"wp:attachment":[{"href":"https:\/\/portalfloresnoar.com\/floresnoar\/wp-json\/wp\/v2\/media?parent=16176"}],"wp:term":[{"taxonomy":"category","embeddable":true,"href":"https:\/\/portalfloresnoar.com\/floresnoar\/wp-json\/wp\/v2\/categories?post=16176"},{"taxonomy":"post_tag","embeddable":true,"href":"https:\/\/portalfloresnoar.com\/floresnoar\/wp-json\/wp\/v2\/tags?post=16176"}],"curies":[{"name":"wp","href":"https:\/\/api.w.org\/{rel}","templated":true}]}}