

{"id":16163,"date":"2018-06-21T10:17:48","date_gmt":"2018-06-21T13:17:48","guid":{"rendered":"http:\/\/portalfloresnoar.com\/floresnoar\/?p=16163"},"modified":"2018-06-21T12:49:39","modified_gmt":"2018-06-21T15:49:39","slug":"carater-espiritual-da-epoca-de-sao-joao","status":"publish","type":"post","link":"https:\/\/portalfloresnoar.com\/floresnoar\/carater-espiritual-da-epoca-de-sao-joao\/","title":{"rendered":"&#8216;Car\u00e1ter espiritual da \u00c9poca de S\u00e3o Jo\u00e3o&#8217;"},"content":{"rendered":"<figure id=\"attachment_29633\" aria-describedby=\"caption-attachment-29633\" style=\"width: 720px\" class=\"wp-caption aligncenter\"><img decoding=\"async\" loading=\"lazy\" class=\"wp-image-29633 size-full\" src=\"http:\/\/portalfloresnoar.com\/floresnoar\/wp-content\/uploads\/2016\/06\/fogueira_foto-free-pexels.jpeg\" alt=\"\" width=\"720\" height=\"439\" srcset=\"https:\/\/portalfloresnoar.com\/floresnoar\/wp-content\/uploads\/2016\/06\/fogueira_foto-free-pexels.jpeg 720w, https:\/\/portalfloresnoar.com\/floresnoar\/wp-content\/uploads\/2016\/06\/fogueira_foto-free-pexels-300x183.jpeg 300w\" sizes=\"(max-width: 720px) 100vw, 720px\" \/><figcaption id=\"caption-attachment-29633\" class=\"wp-caption-text\">Foto: Pexels (CC0 License)<\/figcaption><\/figure>\n<pre>Por Eliane Azevedo\r\n(Fonte:\u00a0<a href=\"http:\/\/www.antroposofy.com.br\/wordpress\/carater-espiritual-da-epoca-de-sao-joao\/\" target=\"_blank\" rel=\"noopener noreferrer\">http:\/\/www.antroposofy.com.br\/wordpress\/carater-espiritual-da-epoca-de-sao-joao\/<\/a>)<\/pre>\n<p>Estamos entrando no inverno\u2026 o clima \u00e9 frio, a noite chega mais cedo e se torna mais longa , temos vontade de voltar logo para casa e ficar bem quentinhos. Tudo favorece ao recolhimento, \u00e0 interioriza\u00e7\u00e3o, uma busca para dentro de n\u00f3s mesmos.<\/p>\n<p>A natureza tamb\u00e9m se recolhe e guarda suas for\u00e7as no \u00edntimo da terra para desabrochar novamente na primavera. Todas as sementes no inverno esperam na terra a luz solar, para brotarem com for\u00e7a depois do recolhimento. Assim, na \u00e9poca romana a Terra vivia um grande recolhimento, um momento de secura de vida a espera pela luz de Cristo, que seria anunciada por S\u00e3o Jo\u00e3o. Pois a Terra naquela \u00e9poca vivia um grande inverno.<\/p>\n<p>Nesse ambiente introspectivo e com os cora\u00e7\u00f5es aquecidos, come\u00e7amos a nos envolver com o car\u00e1ter espiritual da \u00c9poca de S\u00e3o Jo\u00e3o.<\/p>\n<p>Jo\u00e3o Batista nasceu no dia 24 de junho. Filho de Zacarias e Isabel, desde crian\u00e7a foi preparado para a vida sacerdotal. Sua vida foi dedicada \u00e0 ora\u00e7\u00e3o e penit\u00eancia e sua miss\u00e3o foi anunciar a vinda de Cristo. Jo\u00e3o falava \u00e0s pessoas da import\u00e2ncia de se prepararem para a chegada do filho de Deus.<\/p>\n<p>Todos que buscavam o arrependimento e a convers\u00e3o eram batizados nas \u00e1guas do rio Jord\u00e3o por Jo\u00e3o Batista. A convic\u00e7\u00e3o de sua miss\u00e3o levava muitas pessoas a confundi-lo com o pr\u00f3prio messias, mas ele dizia imediatamente: \u201cEu n\u00e3o sou o Cristo, mas fui enviado diante dele.\u201d (Jo 3, 28) e \u201c&#8230;n\u00e3o sou digno de desatar a correia de suas sand\u00e1lias.\u201d (Jo 1, 27)<\/p>\n<p>Jesus tamb\u00e9m veio para ser batizado por Jo\u00e3o. \u201cNo momento em que Jesus sa\u00eda da \u00e1gua, Jo\u00e3o viu os c\u00e9us abertos e descer o esp\u00edrito em forma de pomba sobre ele;\u201d (Mc 1, 10). \u201cE ouviu-se uma voz dos c\u00e9us, que dizia: Tu \u00e9s meu Filho amado; em ti ponho minha afei\u00e7\u00e3o.\u201d (Mc 1, 11)<\/p>\n<p>Jo\u00e3o veio ao mundo para preparar o cora\u00e7\u00e3o dos homens para o advento do Cristo. Ele representava uma era que estava terminando, que n\u00e3o poderia mais existir a partir do momento em que Jesus se tornou Cristo. Quando pregava o arrependimento, ele queria mostrar que o ser humano precisava buscar uma nova consci\u00eancia para poder viver uma nova era \u2013 a possibilidade individual de cada ser humano encontrar conscientemente o caminho da espiritualidade.<\/p>\n<p>Jo\u00e3o sabia que sua miss\u00e3o, bem como a Era que representava, havia terminado quando disse aos seus disc\u00edpulos: \u201cimporta que ele cres\u00e7a e eu diminua.\u201d (Jo 3, 30)<\/p>\n<p>Assim, na festa de S\u00e3o Jo\u00e3o a simbologia da fogueira, nos remete \u00e0 lenha que se consome, ou seja, que diminui para que as labaredas cres\u00e7am. Aproveitar para fortalecer o fogo divino e transformador que temos dentro de n\u00f3s deve ser ent\u00e3o a verdadeira motiva\u00e7\u00e3o para a \u00e9poca de S\u00e3o Jo\u00e3o.<\/p>\n","protected":false},"excerpt":{"rendered":"<p>Por Eliane Azevedo (Fonte:\u00a0http:\/\/www.antroposofy.com.br\/wordpress\/carater-espiritual-da-epoca-de-sao-joao\/) Estamos entrando no inverno\u2026 o clima \u00e9 frio, a noite chega mais cedo e se torna mais longa , temos vontade de voltar logo para casa e ficar bem quentinhos. Tudo favorece ao recolhimento, \u00e0 interioriza\u00e7\u00e3o, uma busca para dentro de n\u00f3s mesmos. A natureza tamb\u00e9m se recolhe e guarda suas [&hellip;]<\/p>\n","protected":false},"author":1,"featured_media":29633,"comment_status":"open","ping_status":"open","sticky":false,"template":"","format":"standard","meta":{"om_disable_all_campaigns":false,"_monsterinsights_skip_tracking":false,"_monsterinsights_sitenote_active":false,"_monsterinsights_sitenote_note":"","_monsterinsights_sitenote_category":0,"footnotes":""},"categories":[10],"tags":[499],"acf":[],"publishpress_future_action":{"enabled":false,"date":"1969-12-31 21:00:00","action":"","terms":[],"taxonomy":"","browser_timezone_offset":0},"_links":{"self":[{"href":"https:\/\/portalfloresnoar.com\/floresnoar\/wp-json\/wp\/v2\/posts\/16163"}],"collection":[{"href":"https:\/\/portalfloresnoar.com\/floresnoar\/wp-json\/wp\/v2\/posts"}],"about":[{"href":"https:\/\/portalfloresnoar.com\/floresnoar\/wp-json\/wp\/v2\/types\/post"}],"author":[{"embeddable":true,"href":"https:\/\/portalfloresnoar.com\/floresnoar\/wp-json\/wp\/v2\/users\/1"}],"replies":[{"embeddable":true,"href":"https:\/\/portalfloresnoar.com\/floresnoar\/wp-json\/wp\/v2\/comments?post=16163"}],"version-history":[{"count":0,"href":"https:\/\/portalfloresnoar.com\/floresnoar\/wp-json\/wp\/v2\/posts\/16163\/revisions"}],"wp:featuredmedia":[{"embeddable":true,"href":"https:\/\/portalfloresnoar.com\/floresnoar\/wp-json\/wp\/v2\/media\/29633"}],"wp:attachment":[{"href":"https:\/\/portalfloresnoar.com\/floresnoar\/wp-json\/wp\/v2\/media?parent=16163"}],"wp:term":[{"taxonomy":"category","embeddable":true,"href":"https:\/\/portalfloresnoar.com\/floresnoar\/wp-json\/wp\/v2\/categories?post=16163"},{"taxonomy":"post_tag","embeddable":true,"href":"https:\/\/portalfloresnoar.com\/floresnoar\/wp-json\/wp\/v2\/tags?post=16163"}],"curies":[{"name":"wp","href":"https:\/\/api.w.org\/{rel}","templated":true}]}}