

{"id":15996,"date":"2014-06-17T17:54:29","date_gmt":"2014-06-17T20:54:29","guid":{"rendered":"http:\/\/portalfloresnoar.com\/floresnoar\/?p=15996"},"modified":"2014-06-23T12:42:20","modified_gmt":"2014-06-23T15:42:20","slug":"nota-oficial-movimento-ocupe-estelita","status":"publish","type":"post","link":"https:\/\/portalfloresnoar.com\/floresnoar\/nota-oficial-movimento-ocupe-estelita\/","title":{"rendered":"Nota Oficial do Movimento Ocupe Estelita"},"content":{"rendered":"<p style=\"text-align: left;\">Nas primeiras horas da manh\u00e3 desta ter\u00e7a-feira, dia 17 de junho de 2014, as pessoas que acampavam no Ocupe Estelita foram surpreendidas pela Pol\u00edcia Militar de Pernambuco. Descumprindo todos os acordos que vinham sendo firmados ao longo dos \u00faltimos dias, os representantes do estado chegaram para cumprir um mandato de reintegra\u00e7\u00e3o de posse a favor do Cons\u00f3rcio Novo Recife. De forma autorit\u00e1ria e violenta exigiram que todos se retirassem do terreno. Veja abaixo nota oficial do movimento Ocupe Estelita.<\/p>\n<p style=\"text-align: center;\"><img decoding=\"async\" loading=\"lazy\" class=\"aligncenter  wp-image-15997\" alt=\"nota ocupeestelita\" src=\"http:\/\/portalfloresnoar.com\/floresnoar\/wp-content\/uploads\/2014\/06\/nota-ocupeestelita.jpg\" width=\"673\" height=\"768\" srcset=\"https:\/\/portalfloresnoar.com\/floresnoar\/wp-content\/uploads\/2014\/06\/nota-ocupeestelita.jpg 841w, https:\/\/portalfloresnoar.com\/floresnoar\/wp-content\/uploads\/2014\/06\/nota-ocupeestelita-262x300.jpg 262w\" sizes=\"(max-width: 673px) 100vw, 673px\" \/><\/p>\n<p><em>Saiba mais:<\/em><\/p>\n<p><span style=\"text-decoration: underline;\"><a href=\"https:\/\/ninja.oximity.com\/article\/Uma-outra-cidade-ainda-%C3%A9-poss-1\" target=\"_blank\">Uma outra cidade ainda \u00e9 poss\u00edvel: Ocupe Estelita renasce ap\u00f3s repress\u00e3o<\/a><\/span><\/p>\n<p><span style=\"text-decoration: underline;\"><a href=\"https:\/\/www.youtube.com\/watch?v=c0m8fA8mvLU\" target=\"_blank\">Estelita, sem direito<\/a><\/span><\/p>\n<p><span style=\"text-decoration: underline;\"><a href=\"https:\/\/www.youtube.com\/watch?v=-cw67cCuni0\" target=\"_blank\">Bra\u00e7o armado das empreiteiras<\/a><\/span><\/p>\n<p><span style=\"text-decoration: underline;\"><a href=\"http:\/\/hotsites.diariodepernambuco.com.br\/2014\/estelita1706\/\" target=\"_blank\">Estelita em 90 fotos<\/a><\/span><\/p>\n<p><span style=\"text-decoration: underline;\"><a href=\"https:\/\/medium.com\/@OcupeEstelita\/o-que-cai-no-cais-e-a-democracia-37419e389351\" target=\"_blank\">O que cai no Cais \u00e9 a democracia, por Liana Cirne Lins<\/a><\/span><\/p>\n<p><span style=\"text-decoration: underline;\"><a href=\"http:\/\/direitosurbanos.wordpress.com\/2014\/06\/18\/cais-jose-estelita-a-democracia-em-estado-de-sitio\/\" target=\"_blank\">Cais Jos\u00e9 Estelita: a Democracia em Estado de S\u00edtio<\/a><\/span><\/p>\n<p><span style=\"text-decoration: underline;\"><a href=\"http:\/\/www.cartacapital.com.br\/sociedade\/a-batalha-pelo-cais-jose-estelita-8652.html\" target=\"_blank\">A batalha pelo Cais Jos\u00e9 Estelita<\/a><\/span><\/p>\n<p><span style=\"text-decoration: underline;\"><a href=\"http:\/\/blogdosakamoto.blogosfera.uol.com.br\/2014\/06\/21\/caso-estelita-sabe-quem-vai-ganhar-as-eleicoes-empreiteiras-como-sempre\/\" target=\"_blank\">Caso Estelita: Sabe quem vai ganhar as elei\u00e7\u00f5es? Empreiteiras, como sempre<\/a><\/span><\/p>\n<p><span style=\"text-decoration: underline;\"><a href=\"http:\/\/portalfloresnoar.com\/floresnoar\/pesadelo-estelita\/\" target=\"_blank\">Pesadelo no Estelita<\/a><\/span><\/p>\n<p><span style=\"text-decoration: underline;\"><a href=\"http:\/\/noticias.pgr.mpf.mp.br\/noticias\/noticias-do-site\/copy_of_direitos-do-cidadao\/mpf-pe-repudia-reintegracao-de-posse-no-cais-jose-estelita\" target=\"_blank\">MPF\/PE repudia reintegra\u00e7\u00e3o de posse no Cais Jos\u00e9 Estelita<\/a><\/span><\/p>\n<p><span style=\"text-decoration: underline;\"><a href=\"http:\/\/www.dpu.gov.br\/index.php?option=com_content&amp;view=article&amp;id=22234&amp;catid=215&amp;Itemid=458\" target=\"_blank\">Nota de rep\u00fadio da Defensoria P\u00fablica da Uni\u00e3o<\/a><\/span><\/p>\n<p><span style=\"text-decoration: underline;\"><a href=\"http:\/\/anistia.org.br\/direitos-humanos\/blog\/nota-p%C3%BAblica-anistia-internacional-condena-uso-excessivo-da-for%C3%A7a-pela-pm-na-d\" target=\"_blank\">Anistia Internacional Brasil condena uso excessivo da for\u00e7a pela PM na desocupa\u00e7\u00e3o da ocupa\u00e7\u00e3o no Estelita<\/a><\/span><\/p>\n<p><span style=\"text-decoration: underline;\"><a href=\"http:\/\/midiacapoeira.wordpress.com\/2014\/06\/16\/nota-do-ministerio-publico-federal-em-relacao-ao-cais-jose-estelita\/\" target=\"_blank\">Nota do Minist\u00e9rio P\u00fablico Federal em rela\u00e7\u00e3o ao Cais Jos\u00e9 Estelita<\/a><\/span><\/p>\n<p><span style=\"text-decoration: underline;\"><a href=\"http:\/\/www.revistaforum.com.br\/blog\/2014\/06\/democracia-em-xeque-recife-um-legado-de-eduardo-campos\/\" target=\"_blank\">Democracia em xeque no Recife, um legado de Eduardo Campos<\/a><\/span><\/p>\n<p><span style=\"text-decoration: underline;\"><a href=\"http:\/\/www.pressenza.com\/pt-pt\/2014\/06\/ocupeestelita-socorro-mas-nao-corro\/\" target=\"_blank\">#Ocupeestelita:\u00a0Socorro, mas n\u00e3o corro<\/a><\/span><\/p>\n<p><span style=\"text-decoration: underline;\"><a href=\"https:\/\/www.youtube.com\/watch?feature=youtu.be&amp;v=N4bdoXGDj1U&amp;app=desktop\" target=\"_blank\">Entrevista de Liana Cirne \u00a0sobre a violenta a\u00e7\u00e3o da pol\u00edcia na reintegra\u00e7\u00e3o de posse do Estelita<\/a><\/span><\/p>\n<p><span style=\"text-decoration: underline;\"><a href=\"http:\/\/www.bbc.co.uk\/portuguese\/noticias\/2014\/06\/140617_ocupa_estelita_acao_policial_rs.shtml?ocid=socialflow_twitter\" target=\"_blank\">&#8216;Fizeram meu beb\u00ea respirar g\u00e1s lacrimog\u00eaneo&#8217;, diz gr\u00e1vida sobre reintegra\u00e7\u00e3o no Recife<\/a><\/span><\/p>\n<p><span style=\"text-decoration: underline;\"><a href=\"http:\/\/www.diplomatique.org.br\/acervo.php?id=3068#sthash.zqQoHfci.dpuf\" target=\"_blank\">A cidade que luta para n\u00e3o se tornar invis\u00edvel<\/a><\/span><\/p>\n<p><span style=\"text-decoration: underline;\"><a href=\"http:\/\/youtu.be\/TYbjVHe0vKU\" target=\"_blank\">Registro em v\u00eddeo sobre o #OcupeEstelita, por Rafael de Almeida<\/a><\/span><\/p>\n<p><span style=\"text-decoration: underline;\"><a href=\"https:\/\/www.flickr.com\/photos\/betofigueiroa\/sets\/72157645244141074\/\" target=\"_blank\">Fotos, por Beto Figueir\u00f4a<\/a><\/span><\/p>\n<p><span style=\"text-decoration: underline;\"><a href=\"https:\/\/www.facebook.com\/ytallobarreto\/media_set?set=a.674210372634294.1073741835.100001360114739&amp;type=1\" target=\"_blank\">Fotos, por Ytallo Barreto<\/a><\/span><\/p>\n<p>&nbsp;<\/p>\n","protected":false},"excerpt":{"rendered":"<p>Nas primeiras horas da manh\u00e3 desta ter\u00e7a-feira, dia 17 de junho de 2014, as pessoas que acampavam no Ocupe Estelita foram surpreendidas pela Pol\u00edcia Militar de Pernambuco. Descumprindo todos os acordos que vinham sendo firmados ao longo dos \u00faltimos dias, os representantes do estado chegaram para cumprir um mandato de reintegra\u00e7\u00e3o de posse a favor [&hellip;]<\/p>\n","protected":false},"author":1,"featured_media":16002,"comment_status":"open","ping_status":"open","sticky":false,"template":"","format":"standard","meta":{"om_disable_all_campaigns":false,"_monsterinsights_skip_tracking":false,"_monsterinsights_sitenote_active":false,"_monsterinsights_sitenote_note":"","_monsterinsights_sitenote_category":0,"footnotes":""},"categories":[9],"tags":[],"acf":[],"publishpress_future_action":{"enabled":false,"date":"1969-12-31 21:00:00","action":"","terms":[],"taxonomy":"","browser_timezone_offset":0},"_links":{"self":[{"href":"https:\/\/portalfloresnoar.com\/floresnoar\/wp-json\/wp\/v2\/posts\/15996"}],"collection":[{"href":"https:\/\/portalfloresnoar.com\/floresnoar\/wp-json\/wp\/v2\/posts"}],"about":[{"href":"https:\/\/portalfloresnoar.com\/floresnoar\/wp-json\/wp\/v2\/types\/post"}],"author":[{"embeddable":true,"href":"https:\/\/portalfloresnoar.com\/floresnoar\/wp-json\/wp\/v2\/users\/1"}],"replies":[{"embeddable":true,"href":"https:\/\/portalfloresnoar.com\/floresnoar\/wp-json\/wp\/v2\/comments?post=15996"}],"version-history":[{"count":0,"href":"https:\/\/portalfloresnoar.com\/floresnoar\/wp-json\/wp\/v2\/posts\/15996\/revisions"}],"wp:featuredmedia":[{"embeddable":true,"href":"https:\/\/portalfloresnoar.com\/floresnoar\/wp-json\/wp\/v2\/media\/16002"}],"wp:attachment":[{"href":"https:\/\/portalfloresnoar.com\/floresnoar\/wp-json\/wp\/v2\/media?parent=15996"}],"wp:term":[{"taxonomy":"category","embeddable":true,"href":"https:\/\/portalfloresnoar.com\/floresnoar\/wp-json\/wp\/v2\/categories?post=15996"},{"taxonomy":"post_tag","embeddable":true,"href":"https:\/\/portalfloresnoar.com\/floresnoar\/wp-json\/wp\/v2\/tags?post=15996"}],"curies":[{"name":"wp","href":"https:\/\/api.w.org\/{rel}","templated":true}]}}