

{"id":15918,"date":"2014-06-10T21:56:02","date_gmt":"2014-06-11T00:56:02","guid":{"rendered":"http:\/\/portalfloresnoar.com\/floresnoar\/?p=15918"},"modified":"2014-06-10T21:56:02","modified_gmt":"2014-06-11T00:56:02","slug":"o-estelita-e-os-filhos-da-esperanca","status":"publish","type":"post","link":"https:\/\/portalfloresnoar.com\/floresnoar\/o-estelita-e-os-filhos-da-esperanca\/","title":{"rendered":"O Estelita e os filhos da Esperan\u00e7a"},"content":{"rendered":"<pre>Por Jo\u00e3o Vale*<\/pre>\n<p>Li aqui em alguma mat\u00e9ria da Folha de S\u00e3o Paulo que Eduardo Campos e Marina Silva declararam-se como os filhos da Esperan\u00e7a. Escrevo essa mensagem e desejo que ela possa chegar muito, muito longe porque a escrevo com uma dor forte no peito, um sentimento de opress\u00e3o e de m\u00e3o forte segurando a minha garganta.<\/p>\n<p>Escrevo um dia depois do reitor da UFPE An\u00edsio Brasileiro e o economista Cl\u00f3vis Cavalcanti terem tido todos dois artigos, favor\u00e1veis ao Movimento Ocupe Estelita, censurados nos dois principais jornais do Estado de Pernambuco ( o Jornal do Commercio e o Diario de Pernambuco, respectivamente). E tamb\u00e9m do ex-prefeito do PT, Jo\u00e3o Paulo &#8211; o primeiro prefeito oper\u00e1rio da cidade do Recife &#8211; ter realizado pronunciamento favor\u00e1vel \u00e0s construtoras.<\/p>\n<p>Escrevo esta mensagem como um grito de alerta para tod@s os que acreditam em um mundo mais justo e mais democr\u00e1tico. E digo em alto e bom som: Pernambuco e Recife n\u00e3o s\u00e3o governados pelo princ\u00edpio de justi\u00e7a e de democracia.<\/p>\n<p>A viol\u00eancia com a qual o Cons\u00f3rcio Novo Recife e o conjunto de empresas a ele associadas mandam e desmandam \u00e9 impressionante. Campanhas de criminaliza\u00e7\u00e3o dos movimentos, utiliza\u00e7\u00e3o nociva de l\u00edderes comunit\u00e1rios para falar em nome das comunidades, omiss\u00e3o consentida e censura do jornalismo local, deslealdade na negocia\u00e7\u00e3o com os movimentos, ataques planejados pelos comunicadores de apelo mais popular (os mesmos que se banham no sangue da periferia). Tudo isso est\u00e1 acontecendo a partir do momento em que os rumos atuais da cidade foram questionados por um grupo de mulheres e homens, jovens e velhxs, que questionam a ilegalidade da venda de um terreno p\u00fablico e as irregularidades de um projeto considerado por muitos especialistas como extremamente OFENSIVO \u00e0 cidade.<\/p>\n<p>Essa REA\u00c7\u00c3O IGUALMENTE OFENSIVA se d\u00e1 porque em Pernambuco, as empresas est\u00e3o tomando o lugar do Estado. N\u00e3o querem discutir o planejamento urbano e afirmam dar como &#8220;contrapartidas&#8221; as a\u00e7\u00f5es que s\u00e3o de compet\u00eancia do Estado (como a reforma da Igreja de S\u00e3o Jos\u00e9 e a derrubada do viaduto das cinco pontas). ISSO \u00c9 MUITO GRAVE PORQUE NOS TORNA COMPLETAMENTE REF\u00c9NS DE UMA ELITE QUE N\u00c3O EST\u00c1 PREOCUPADA COM TOD@S MAS APENAS COM SEUS INTERESSES PARTICULARES.<\/p>\n<p>Todos os pontos que citei acima se referem \u00e0 aus\u00eancia REAL do poder p\u00fablico municipal e estadual na prote\u00e7\u00e3o e garantia do exerc\u00edcio da democracia. O saldo que doze anos do governo do PT deixam em Recife \u00e9 muito triste. E a heran\u00e7a de quase oito anos de Eduardo Campos do PSB no Governo do Estado \u00e9 t\u00e3o nociva quanto. Eles conseguiram formar um grande monop\u00f3lio com o poder privado para governar. E o resultado?<\/p>\n<p>RECIFE E PERNAMBUCO n\u00e3o conseguiram se tornar cidades democr\u00e1ticas de verdade. N\u00e3o houve o amadurecimento real da institui\u00e7\u00e3o democr\u00e1tica e a forma DESLEAL com a qual o Movimento Ocupe Estelita vem sendo tratado pela m\u00eddia, pelas institui\u00e7\u00f5es jur\u00eddicas e pol\u00edticas e pelos governantes \u00e9 a genu\u00edna demonstra\u00e7\u00e3o disso.<\/p>\n<p>Com isso, me desculpem, mas voc\u00eas n\u00e3o s\u00e3o os Filhos da Esperan\u00e7a. Nenhum de voc\u00eas \u00e9.<\/p>\n<p>As Filhas da Esperan\u00e7a e os Filhos est\u00e3o agora nesse momento no CAIS JOS\u00c9 ESTELITA em Recife, capital de Pernambuco, tentando conversar, debater, construir uma cidade MENOS OPRESSIVA, MAIS JUSTA, MENOS DOLOROSA E MAIS SUSTENT\u00c1VEL. E est\u00e3o sendo tratadxs da pior forma poss\u00edvel pela maioria das institui\u00e7\u00f5es midi\u00e1ticas, pol\u00edticas e jur\u00eddicas desse Estado.<\/p>\n<p>E voc\u00eas j\u00e1 nos tiraram muito. Mas a nossa esperan\u00e7a mais genu\u00edna n\u00e3o conseguir\u00e3o arrancar pois diferente de voc\u00eas o que nos une n\u00e3o \u00e9 o poder, mas a ALEGRIA, O SONHO e a CERTEZA que essa cidade merece o nosso melhor, cada vez mais.<\/p>\n<p>AVANTE, TAMO JUNT@S!<\/p>\n<p>OCUPE ESTELITA RESISTE ESTELITA!<\/p>\n<pre>* Jo\u00e3o Vale \u00e9 jornalista, doutorando em Sociologia pela UFPE e participante da Rede Coque Vive<\/pre>\n","protected":false},"excerpt":{"rendered":"<p>Por Jo\u00e3o Vale* Li aqui em alguma mat\u00e9ria da Folha de S\u00e3o Paulo que Eduardo Campos e Marina Silva declararam-se como os filhos da Esperan\u00e7a. Escrevo essa mensagem e desejo que ela possa chegar muito, muito longe porque a escrevo com uma dor forte no peito, um sentimento de opress\u00e3o e de m\u00e3o forte segurando [&hellip;]<\/p>\n","protected":false},"author":1,"featured_media":15920,"comment_status":"open","ping_status":"open","sticky":false,"template":"","format":"standard","meta":{"om_disable_all_campaigns":false,"_monsterinsights_skip_tracking":false,"_monsterinsights_sitenote_active":false,"_monsterinsights_sitenote_note":"","_monsterinsights_sitenote_category":0,"footnotes":""},"categories":[10],"tags":[40,24],"acf":[],"publishpress_future_action":{"enabled":false,"date":"1969-12-31 21:00:00","action":"","terms":[],"taxonomy":"","browser_timezone_offset":0},"_links":{"self":[{"href":"https:\/\/portalfloresnoar.com\/floresnoar\/wp-json\/wp\/v2\/posts\/15918"}],"collection":[{"href":"https:\/\/portalfloresnoar.com\/floresnoar\/wp-json\/wp\/v2\/posts"}],"about":[{"href":"https:\/\/portalfloresnoar.com\/floresnoar\/wp-json\/wp\/v2\/types\/post"}],"author":[{"embeddable":true,"href":"https:\/\/portalfloresnoar.com\/floresnoar\/wp-json\/wp\/v2\/users\/1"}],"replies":[{"embeddable":true,"href":"https:\/\/portalfloresnoar.com\/floresnoar\/wp-json\/wp\/v2\/comments?post=15918"}],"version-history":[{"count":0,"href":"https:\/\/portalfloresnoar.com\/floresnoar\/wp-json\/wp\/v2\/posts\/15918\/revisions"}],"wp:featuredmedia":[{"embeddable":true,"href":"https:\/\/portalfloresnoar.com\/floresnoar\/wp-json\/wp\/v2\/media\/15920"}],"wp:attachment":[{"href":"https:\/\/portalfloresnoar.com\/floresnoar\/wp-json\/wp\/v2\/media?parent=15918"}],"wp:term":[{"taxonomy":"category","embeddable":true,"href":"https:\/\/portalfloresnoar.com\/floresnoar\/wp-json\/wp\/v2\/categories?post=15918"},{"taxonomy":"post_tag","embeddable":true,"href":"https:\/\/portalfloresnoar.com\/floresnoar\/wp-json\/wp\/v2\/tags?post=15918"}],"curies":[{"name":"wp","href":"https:\/\/api.w.org\/{rel}","templated":true}]}}