

{"id":15774,"date":"2014-06-03T18:51:19","date_gmt":"2014-06-03T21:51:19","guid":{"rendered":"http:\/\/portalfloresnoar.com\/floresnoar\/?p=15774"},"modified":"2014-07-23T11:02:07","modified_gmt":"2014-07-23T14:02:07","slug":"doulagem-pos-parto-com-maira-darllen","status":"publish","type":"post","link":"https:\/\/portalfloresnoar.com\/floresnoar\/doulagem-pos-parto-com-maira-darllen\/","title":{"rendered":"Doulagem p\u00f3s-parto com Ma\u00edra Darllen"},"content":{"rendered":"<p>A doula e aromaterapeuta Ma\u00edra Darllen est\u00e1 oferecendo servi\u00e7o de Doulagem p\u00f3s-parto em domic\u00edlio, no Recife e Regi\u00e3o Metropolitana.<\/p>\n<p>\u201cOfere\u00e7o apoio \u00e0 mulher nas primeiras semanas da chegada do beb\u00ea, visando contribuir para constru\u00e7\u00e3o de um puerp\u00e9rio mais harmonioso para ela e um rec\u00e9m-nascimento respeitoso para o beb\u00ea, fortalecendo a rela\u00e7\u00e3o de confian\u00e7a e intimidade entre eles, atrav\u00e9s das rotinas do banho, do in\u00edcio da amamenta\u00e7\u00e3o, e da divis\u00e3o de fun\u00e7\u00f5es e pap\u00e9is na din\u00e2mica da fam\u00edlia\u201d, explica Ma\u00edra.<\/p>\n<p>\u201cA proposta visa acompanhar a mulher em domic\u00edlio nas duas primeiras semanas do p\u00f3s-parto. S\u00e3o em m\u00e9dia cinco visitas, que auxiliam o conhecimento do ritmo natural do corpo da mulher e do beb\u00ea, assim como a harmoniza\u00e7\u00e3o do ambiente familiar, que colabora de modo significativo para a sensibilidade na qualidade de vida da mulher e do rec\u00e9m-nascido nesta fase\u201d.<\/p>\n<p>Ma\u00edra Darllen \u00e9 psicoterapeuta e iniciou o estudo de educa\u00e7\u00e3o perinatal h\u00e1 tr\u00eas anos, em seguida, a forma\u00e7\u00e3o de doula. \u201cMinha pr\u00e1tica \u00e9 respaldada no conhecimento da parteira tradicional, entendendo que o desenvolvimento da gesta\u00e7\u00e3o e do nascimento \u00e9 um fen\u00f4meno amplo, de ordem espiritual, emocional e fisiol\u00f3gico\u201d.<\/p>\n<p>As ferramentas utilizadas s\u00e3o de recursos naturais, como \u00f3leos, massagens, o di\u00e1logo, conduzindo a mulher e, se poss\u00edvel, o casal ao ritmo que a vida apresenta como necess\u00e1rio no momento.<\/p>\n<p><strong>Contatos<\/strong><br \/>\n<strong>E-mail:<\/strong> m_darllen@hotmail.com<br \/>\n<strong>Telefones:<\/strong> (81) 9617 7752 ou (81) 9417 9088<\/p>\n","protected":false},"excerpt":{"rendered":"<p>A doula e aromaterapeuta Ma\u00edra Darllen est\u00e1 oferecendo servi\u00e7o de Doulagem p\u00f3s-parto em domic\u00edlio, no Recife e Regi\u00e3o Metropolitana. \u201cOfere\u00e7o apoio \u00e0 mulher nas primeiras semanas da chegada do beb\u00ea, visando contribuir para constru\u00e7\u00e3o de um puerp\u00e9rio mais harmonioso para ela e um rec\u00e9m-nascimento respeitoso para o beb\u00ea, fortalecendo a rela\u00e7\u00e3o de confian\u00e7a e intimidade [&hellip;]<\/p>\n","protected":false},"author":1,"featured_media":15775,"comment_status":"open","ping_status":"open","sticky":false,"template":"","format":"standard","meta":{"om_disable_all_campaigns":false,"_monsterinsights_skip_tracking":false,"_monsterinsights_sitenote_active":false,"_monsterinsights_sitenote_note":"","_monsterinsights_sitenote_category":0,"footnotes":""},"categories":[9],"tags":[80,22,39],"acf":[],"publishpress_future_action":{"enabled":false,"date":"1969-12-31 21:00:00","action":"","terms":[],"taxonomy":"","browser_timezone_offset":0},"_links":{"self":[{"href":"https:\/\/portalfloresnoar.com\/floresnoar\/wp-json\/wp\/v2\/posts\/15774"}],"collection":[{"href":"https:\/\/portalfloresnoar.com\/floresnoar\/wp-json\/wp\/v2\/posts"}],"about":[{"href":"https:\/\/portalfloresnoar.com\/floresnoar\/wp-json\/wp\/v2\/types\/post"}],"author":[{"embeddable":true,"href":"https:\/\/portalfloresnoar.com\/floresnoar\/wp-json\/wp\/v2\/users\/1"}],"replies":[{"embeddable":true,"href":"https:\/\/portalfloresnoar.com\/floresnoar\/wp-json\/wp\/v2\/comments?post=15774"}],"version-history":[{"count":0,"href":"https:\/\/portalfloresnoar.com\/floresnoar\/wp-json\/wp\/v2\/posts\/15774\/revisions"}],"wp:featuredmedia":[{"embeddable":true,"href":"https:\/\/portalfloresnoar.com\/floresnoar\/wp-json\/wp\/v2\/media\/15775"}],"wp:attachment":[{"href":"https:\/\/portalfloresnoar.com\/floresnoar\/wp-json\/wp\/v2\/media?parent=15774"}],"wp:term":[{"taxonomy":"category","embeddable":true,"href":"https:\/\/portalfloresnoar.com\/floresnoar\/wp-json\/wp\/v2\/categories?post=15774"},{"taxonomy":"post_tag","embeddable":true,"href":"https:\/\/portalfloresnoar.com\/floresnoar\/wp-json\/wp\/v2\/tags?post=15774"}],"curies":[{"name":"wp","href":"https:\/\/api.w.org\/{rel}","templated":true}]}}