

{"id":15705,"date":"2014-06-02T09:55:04","date_gmt":"2014-06-02T12:55:04","guid":{"rendered":"http:\/\/portalfloresnoar.com\/floresnoar\/?p=15705"},"modified":"2014-06-02T09:55:04","modified_gmt":"2014-06-02T12:55:04","slug":"somos-todos-ambientalistas","status":"publish","type":"post","link":"https:\/\/portalfloresnoar.com\/floresnoar\/somos-todos-ambientalistas\/","title":{"rendered":"Somos todos ambientalistas"},"content":{"rendered":"<pre>Por Heitor Scalambrini Costa*<\/pre>\n<p>Persiste entre formadores de opini\u00e3o, o uso pejorativo do termo \u201cambientalista\u201d, visando depreciar os cidad\u00e3os que lutam pela causa ambiental, al\u00e9m de tentar esconder outras inten\u00e7\u00f5es, menos ing\u00eanuas, como fazer o jogo dos poderosos, dos poluidores, que t\u00eam seus interesses contrariados pela persist\u00eancia daqueles que defendem a preserva\u00e7\u00e3o do meio ambiente e das condi\u00e7\u00f5es de vida no planeta.<\/p>\n<p>Os \u00faltimos relat\u00f3rios dos grupos de trabalho do Painel Intergovernamental sobre Mudan\u00e7as Clim\u00e1ticas (IPCC) mostram inquestionavelmente que a a\u00e7\u00e3o humana \u00e9 a principal causa da eleva\u00e7\u00e3o da temperatura m\u00e9dia da Terra, ou aquecimento global. Mesmo assim, interesses poderosos das ind\u00fastrias de combust\u00edveis f\u00f3sseis e nucleares, da agroind\u00fastria, dentre outros, continuam a negar este fato, financiando campanhas que atacam aqueles que prop\u00f5em mudan\u00e7as no atual estilo de vida perdul\u00e1rio, no consumo e na produ\u00e7\u00e3o de mat\u00e9rias-primas e energia.<\/p>\n<p>O crescimento sempre foi um objetivo da pol\u00edtica econ\u00f4mica. Acreditava-se que o aumento da renda de um pa\u00eds fosse suficiente para proporcionar uma vida melhor a seus habitantes. Portanto, a partir de uma an\u00e1lise simplificada, geralmente utilizando o Produto Interno Bruto (PIB) como indicador base, bastava o an\u00fancio de seu aumento, para que se aceitasse que os indicadores de bem estar o estavam acompanhando. Isto de fato n\u00e3o acontece.<\/p>\n<p>J\u00e1 h\u00e1 alguns anos, verificam-se os danos causados pela atividade econ\u00f4mica sobre o planeta. Em nome do crescimento a qualquer pre\u00e7o, tudo \u00e9 permitido, inclusive a destrui\u00e7\u00e3o do meio ambiente. S\u00e3o incontestes as evid\u00eancias de que n\u00e3o \u00e9 mais poss\u00edvel crescer e enriquecer para melhorar a qualidade de vida da maioria da popula\u00e7\u00e3o. Ou seja, manter os padr\u00f5es atuais de produ\u00e7\u00e3o e consumo esbarra nos limites f\u00edsicos do nosso planeta.<\/p>\n<p>Estamos recebendo sinais de rea\u00e7\u00e3o da Terra \u00e0 quantidade excessiva de gases emitidos, que geram o denominado \u201cefeito estufa\u201d, em particular devido ao CO2 (di\u00f3xido de carbono), pelo uso massivo dos combust\u00edveis f\u00f3sseis. A Terra reage tamb\u00e9m ao desmatamento desenfreado das florestas para diferentes finalidades, ao desperd\u00edcio e polui\u00e7\u00e3o das fontes de \u00e1gua doce, reduzindo assim sua disponibilidade pelo uso irracional desse bem fundamental para a vida.<\/p>\n<p>O IPCC, atrav\u00e9s de seus relat\u00f3rios e pareceres, traz conclus\u00f5es cient\u00edficas irrefut\u00e1veis sobre o aquecimento global, que provoca um aumento significativo na freq\u00fc\u00eancia e na intensidade dos \u201cdesastres naturais\u201d. A concentra\u00e7\u00e3o de CO2 na t\u00eanue atmosfera que nos protege atingiu, em abril de 2014, 400 ppm (partes por milh\u00e3o), superando o limite hist\u00f3rico. Valor emblem\u00e1tico, pois este \u00e9 valor considerado pelos cientistas como limite para evitar os piores cen\u00e1rios do clima. Segundo o IPCC, acima de 400 ppm de CO2 a temperatura m\u00e9dia do planeta poder\u00e1 subir entre 2 a 5 graus cent\u00edgrados at\u00e9 o final deste s\u00e9culo, e isto poder\u00e1 provocar a acelera\u00e7\u00e3o do degelo, tempestades mais violentas, graves impactos sobre a biodiversidade, com a inevit\u00e1vel extin\u00e7\u00e3o de esp\u00e9cies, e milh\u00f5es de refugiados ambientais, os quais ter\u00e3o de buscar outros lugares para viver.<\/p>\n<p>No entanto, mesmo com todas as cat\u00e1strofes recentes, em todo o mundo, e com os claros alertas cient\u00edficos do IPCC, continuamos sem dar a devida aten\u00e7\u00e3o ao maior desafio de nosso tempo: as mudan\u00e7as clim\u00e1ticas. Elas est\u00e3o entre n\u00f3s e est\u00e3o se acelerando.<\/p>\n<p>Precisamos, pois, entender que todos os que lutam pela vida no planeta Terra \u2013 que lutam por um mundo melhor, por uma sociedade mais igualit\u00e1ria, e socialmente mais justa \u2013 s\u00e3o tamb\u00e9m respons\u00e1veis pela preserva\u00e7\u00e3o ambiental. Ou seja, com exce\u00e7\u00e3o daqueles que lutam apenas para manter os seus privil\u00e9gios, somos todos ambientalistas!<\/p>\n<p><em>Saiba mais sobre o F\u00f3rum Social tem\u00e1tico Energia de 10 a 17 de agosto em Bras\u00edlia<\/em><br \/>\n<a href=\"www.http:\/\/fst-energia.org\/\" target=\"_blank\">www.http:\/\/fst-energia.org\/<\/a><\/p>\n<pre>Heitor Scalambrini Costa \u00e9 professor da Universidade Federal de Pernambuco<\/pre>\n","protected":false},"excerpt":{"rendered":"<p>Por Heitor Scalambrini Costa* Persiste entre formadores de opini\u00e3o, o uso pejorativo do termo \u201cambientalista\u201d, visando depreciar os cidad\u00e3os que lutam pela causa ambiental, al\u00e9m de tentar esconder outras inten\u00e7\u00f5es, menos ing\u00eanuas, como fazer o jogo dos poderosos, dos poluidores, que t\u00eam seus interesses contrariados pela persist\u00eancia daqueles que defendem a preserva\u00e7\u00e3o do meio ambiente [&hellip;]<\/p>\n","protected":false},"author":1,"featured_media":15706,"comment_status":"open","ping_status":"open","sticky":false,"template":"","format":"standard","meta":{"om_disable_all_campaigns":false,"_monsterinsights_skip_tracking":false,"_monsterinsights_sitenote_active":false,"_monsterinsights_sitenote_note":"","_monsterinsights_sitenote_category":0,"footnotes":""},"categories":[10],"tags":[170],"acf":[],"publishpress_future_action":{"enabled":false,"date":"1969-12-31 21:00:00","action":"","terms":[],"taxonomy":"","browser_timezone_offset":0},"_links":{"self":[{"href":"https:\/\/portalfloresnoar.com\/floresnoar\/wp-json\/wp\/v2\/posts\/15705"}],"collection":[{"href":"https:\/\/portalfloresnoar.com\/floresnoar\/wp-json\/wp\/v2\/posts"}],"about":[{"href":"https:\/\/portalfloresnoar.com\/floresnoar\/wp-json\/wp\/v2\/types\/post"}],"author":[{"embeddable":true,"href":"https:\/\/portalfloresnoar.com\/floresnoar\/wp-json\/wp\/v2\/users\/1"}],"replies":[{"embeddable":true,"href":"https:\/\/portalfloresnoar.com\/floresnoar\/wp-json\/wp\/v2\/comments?post=15705"}],"version-history":[{"count":0,"href":"https:\/\/portalfloresnoar.com\/floresnoar\/wp-json\/wp\/v2\/posts\/15705\/revisions"}],"wp:featuredmedia":[{"embeddable":true,"href":"https:\/\/portalfloresnoar.com\/floresnoar\/wp-json\/wp\/v2\/media\/15706"}],"wp:attachment":[{"href":"https:\/\/portalfloresnoar.com\/floresnoar\/wp-json\/wp\/v2\/media?parent=15705"}],"wp:term":[{"taxonomy":"category","embeddable":true,"href":"https:\/\/portalfloresnoar.com\/floresnoar\/wp-json\/wp\/v2\/categories?post=15705"},{"taxonomy":"post_tag","embeddable":true,"href":"https:\/\/portalfloresnoar.com\/floresnoar\/wp-json\/wp\/v2\/tags?post=15705"}],"curies":[{"name":"wp","href":"https:\/\/api.w.org\/{rel}","templated":true}]}}