

{"id":1567,"date":"2012-07-29T10:45:07","date_gmt":"2012-07-29T13:45:07","guid":{"rendered":"http:\/\/portalfloresnoar.hospedagemdesites.ws\/floresnoar\/?p=1567"},"modified":"2012-07-29T10:45:07","modified_gmt":"2012-07-29T13:45:07","slug":"filme-v-i-d-a-retrata-o-cotidiano-de-pessoas-que-sofrem-de-depressao","status":"publish","type":"post","link":"https:\/\/portalfloresnoar.com\/floresnoar\/filme-v-i-d-a-retrata-o-cotidiano-de-pessoas-que-sofrem-de-depressao\/","title":{"rendered":"Filme V.I.D.A. retrata o cotidiano de pessoas que sofrem de depress\u00e3o"},"content":{"rendered":"<p style=\"text-align: justify;\"><iframe loading=\"lazy\" src=\"http:\/\/www.youtube.com\/embed\/CepSCxWhy0o\" frameborder=\"0\" width=\"420\" height=\"315\"><\/iframe><\/p>\n<p>V.I.D.A., dirigido por Geison Ferreira e Vinicius Zinn, \u00e9 o primeiro filme brasileiro a retratar o cotidiano de pessoas que sofrem da doen\u00e7a depress\u00e3o.<\/p>\n<p>A ideia de realizar o filme partiu de Ana Maria Saad que j\u00e1 aos 8 anos sentia os primeiros sintomas da doen\u00e7a e aos 18, quando j\u00e1 estava sob tratamento m\u00e9dico e psicol\u00f3gico, tentou suic\u00eddio duas vezes. Com o amadurecimento, Ana Maria percebeu que sua dor era intensificada pela falta de compreens\u00e3o das pessoas que ela mais amava, e isto se dava porque tais pessoas n\u00e3o entendiam o que de fato \u00e9 a doen\u00e7a depress\u00e3o. Esta situa\u00e7\u00e3o a levou a montar aqui mesmo no site a p\u00e1gina Sexo \u00e9 tabu?, onde est\u00e3o reunidas informa\u00e7\u00f5es esclarecedoras sobre depress\u00e3o, bipolaridade, distimia, ciclotimia, p\u00e2nico e su\u00edcidio, bem como muito de sua experi\u00eancia com a doen\u00e7a e suas descobertas acerca da \u201cAids do s\u00e9culo XXI\u201d, como ela mesma define. \u201c\u00c9 um espa\u00e7o para falar de modo humano dessas doen\u00e7as-tabus, onde os internautas podem desabafar e comentar. Assim trocamos experi\u00eancias e nos ajudamos, pois somente quem sofre disso sabe realmente o que \u00e9.\u201d \u2013 diz Ana Maria.<\/p>\n<p>O fato de atingir cada vez mais pessoas e ser considerada pela Organiza\u00e7\u00e3o Mundial da Sa\u00fade a segunda maior causa de incapacita\u00e7\u00e3o, prova a enorme necessidade de se conhecer esta doen\u00e7a invis\u00edvel para sabermos como lidar com ela.<br \/>\nA depress\u00e3o sempre existiu, mas por que ser\u00e1 que agora \u00e9 a doen\u00e7a da vez? De onde ela surge? Ser\u00e1 que realmente aquele seu amigo est\u00e1 com frescura ou pode ser sintomas de depress\u00e3o? Como voc\u00ea pode ajudar?<br \/>\nE ser\u00e1 que o aumento de indiv\u00edduos acometidos por depress\u00e3o reflete que a nossa sociedade deveria rever o modo de viver?<\/p>\n<p>Confira o site do Instituto Pensamentos Filmados<\/p>\n<p><a href=\"http:\/\/www.pensamentosfilmados.com.br\/\">http:\/\/www.pensamentosfilmados.com.br<\/a><\/p>\n","protected":false},"excerpt":{"rendered":"<p>V.I.D.A., dirigido por Geison Ferreira e Vinicius Zinn, \u00e9 o primeiro filme brasileiro a retratar o cotidiano de pessoas que sofrem da doen\u00e7a depress\u00e3o. A ideia de realizar o filme partiu de Ana Maria Saad que j\u00e1 aos 8 anos sentia os primeiros sintomas da doen\u00e7a e aos 18, quando j\u00e1 estava sob tratamento m\u00e9dico [&hellip;]<\/p>\n","protected":false},"author":1,"featured_media":1568,"comment_status":"open","ping_status":"open","sticky":false,"template":"","format":"standard","meta":{"om_disable_all_campaigns":false,"_monsterinsights_skip_tracking":false,"_monsterinsights_sitenote_active":false,"_monsterinsights_sitenote_note":"","_monsterinsights_sitenote_category":0,"footnotes":""},"categories":[14],"tags":[63],"acf":[],"publishpress_future_action":{"enabled":false,"date":"1969-12-31 21:00:00","action":"","terms":[],"taxonomy":"","browser_timezone_offset":0},"_links":{"self":[{"href":"https:\/\/portalfloresnoar.com\/floresnoar\/wp-json\/wp\/v2\/posts\/1567"}],"collection":[{"href":"https:\/\/portalfloresnoar.com\/floresnoar\/wp-json\/wp\/v2\/posts"}],"about":[{"href":"https:\/\/portalfloresnoar.com\/floresnoar\/wp-json\/wp\/v2\/types\/post"}],"author":[{"embeddable":true,"href":"https:\/\/portalfloresnoar.com\/floresnoar\/wp-json\/wp\/v2\/users\/1"}],"replies":[{"embeddable":true,"href":"https:\/\/portalfloresnoar.com\/floresnoar\/wp-json\/wp\/v2\/comments?post=1567"}],"version-history":[{"count":0,"href":"https:\/\/portalfloresnoar.com\/floresnoar\/wp-json\/wp\/v2\/posts\/1567\/revisions"}],"wp:featuredmedia":[{"embeddable":true,"href":"https:\/\/portalfloresnoar.com\/floresnoar\/wp-json\/wp\/v2\/media\/1568"}],"wp:attachment":[{"href":"https:\/\/portalfloresnoar.com\/floresnoar\/wp-json\/wp\/v2\/media?parent=1567"}],"wp:term":[{"taxonomy":"category","embeddable":true,"href":"https:\/\/portalfloresnoar.com\/floresnoar\/wp-json\/wp\/v2\/categories?post=1567"},{"taxonomy":"post_tag","embeddable":true,"href":"https:\/\/portalfloresnoar.com\/floresnoar\/wp-json\/wp\/v2\/tags?post=1567"}],"curies":[{"name":"wp","href":"https:\/\/api.w.org\/{rel}","templated":true}]}}