

{"id":15459,"date":"2014-02-20T10:10:25","date_gmt":"2014-02-20T13:10:25","guid":{"rendered":"http:\/\/portalfloresnoar.com\/floresnoar\/?p=15459"},"modified":"2014-09-24T18:13:12","modified_gmt":"2014-09-24T21:13:12","slug":"palestra-bachelard-e-jung-obra-de-arte-e-pos-modernidade-dia-2805-horizonte","status":"publish","type":"post","link":"https:\/\/portalfloresnoar.com\/floresnoar\/palestra-bachelard-e-jung-obra-de-arte-e-pos-modernidade-dia-2805-horizonte\/","title":{"rendered":"Palestra &#8216;Bachelard e Jung: Obra de Arte e P\u00f3s-Modernidade&#8217; dia 28\/05 no Horizonte"},"content":{"rendered":"<p><img decoding=\"async\" loading=\"lazy\" class=\"aligncenter size-full wp-image-15594\" alt=\"jung-bachelard\" src=\"http:\/\/portalfloresnoar.com\/floresnoar\/wp-content\/uploads\/2014\/05\/jung-bachelard.jpg\" width=\"636\" height=\"899\" srcset=\"https:\/\/portalfloresnoar.com\/floresnoar\/wp-content\/uploads\/2014\/05\/jung-bachelard.jpg 636w, https:\/\/portalfloresnoar.com\/floresnoar\/wp-content\/uploads\/2014\/05\/jung-bachelard-212x300.jpg 212w\" sizes=\"(max-width: 636px) 100vw, 636px\" \/><\/p>\n<p>O Horizonte Desenvolvimento Humano, com o apoio da Associa\u00e7\u00e3o Yl\u00ea Seti do Imagin\u00e1rio e Associa\u00e7\u00e3o Pernambucana de Arteterapia, promove no dia 28 de maio\/2014 ( quarta-feira), \u00e0s 19h, a palestra &#8216;Bachelard e Jung: Obra de Arte e P\u00f3s-Modernidade&#8217;. Inscri\u00e7\u00f5es e informa\u00e7\u00f5es: (81) 3268.6588\/ 8863.4708.<\/p>\n","protected":false},"excerpt":{"rendered":"<p>O Horizonte Desenvolvimento Humano, com o apoio da Associa\u00e7\u00e3o Yl\u00ea Seti do Imagin\u00e1rio e Associa\u00e7\u00e3o Pernambucana de Arteterapia, promove no dia 28 de maio\/2014 ( quarta-feira), \u00e0s 19h, a palestra &#8216;Bachelard e Jung: Obra de Arte e P\u00f3s-Modernidade&#8217;. Inscri\u00e7\u00f5es e informa\u00e7\u00f5es: (81) 3268.6588\/ 8863.4708.<\/p>\n","protected":false},"author":1,"featured_media":15461,"comment_status":"open","ping_status":"open","sticky":false,"template":"","format":"standard","meta":{"om_disable_all_campaigns":false,"_monsterinsights_skip_tracking":false,"_monsterinsights_sitenote_active":false,"_monsterinsights_sitenote_note":"","_monsterinsights_sitenote_category":0,"footnotes":""},"categories":[8,214],"tags":[60],"acf":[],"publishpress_future_action":{"enabled":false,"date":"1969-12-31 21:00:00","action":"","terms":[],"taxonomy":"","browser_timezone_offset":0},"_links":{"self":[{"href":"https:\/\/portalfloresnoar.com\/floresnoar\/wp-json\/wp\/v2\/posts\/15459"}],"collection":[{"href":"https:\/\/portalfloresnoar.com\/floresnoar\/wp-json\/wp\/v2\/posts"}],"about":[{"href":"https:\/\/portalfloresnoar.com\/floresnoar\/wp-json\/wp\/v2\/types\/post"}],"author":[{"embeddable":true,"href":"https:\/\/portalfloresnoar.com\/floresnoar\/wp-json\/wp\/v2\/users\/1"}],"replies":[{"embeddable":true,"href":"https:\/\/portalfloresnoar.com\/floresnoar\/wp-json\/wp\/v2\/comments?post=15459"}],"version-history":[{"count":0,"href":"https:\/\/portalfloresnoar.com\/floresnoar\/wp-json\/wp\/v2\/posts\/15459\/revisions"}],"wp:featuredmedia":[{"embeddable":true,"href":"https:\/\/portalfloresnoar.com\/floresnoar\/wp-json\/wp\/v2\/media\/15461"}],"wp:attachment":[{"href":"https:\/\/portalfloresnoar.com\/floresnoar\/wp-json\/wp\/v2\/media?parent=15459"}],"wp:term":[{"taxonomy":"category","embeddable":true,"href":"https:\/\/portalfloresnoar.com\/floresnoar\/wp-json\/wp\/v2\/categories?post=15459"},{"taxonomy":"post_tag","embeddable":true,"href":"https:\/\/portalfloresnoar.com\/floresnoar\/wp-json\/wp\/v2\/tags?post=15459"}],"curies":[{"name":"wp","href":"https:\/\/api.w.org\/{rel}","templated":true}]}}