

{"id":1541,"date":"2012-06-28T13:55:00","date_gmt":"2012-06-28T16:55:00","guid":{"rendered":"http:\/\/portalfloresnoar.hospedagemdesites.ws\/floresnoar\/?p=1541"},"modified":"2014-09-24T18:43:25","modified_gmt":"2014-09-24T21:43:25","slug":"ocupeagamenon-dia-11-de-agosto-na-praca-do-parque-amorim","status":"publish","type":"post","link":"https:\/\/portalfloresnoar.com\/floresnoar\/ocupeagamenon-dia-11-de-agosto-na-praca-do-parque-amorim\/","title":{"rendered":"#OcupeAgamenon, dia 11 de agosto, na pra\u00e7a do Parque Amorim"},"content":{"rendered":"<p><img decoding=\"async\" loading=\"lazy\" class=\"alignleft size-thumbnail wp-image-1542\" title=\"ocupe agamenon\" src=\"http:\/\/portalfloresnoar.hospedagemdesites.ws\/floresnoar\/wp-content\/uploads\/2012\/07\/ocupe-agamenon-290x290.jpg\" alt=\"\" width=\"290\" height=\"290\" \/><\/p>\n<p>Dia: 11 de agosto<br \/>\nHora: 10h<br \/>\nLocal: Pra\u00e7a do Parque Amorim<\/p>\n<p>Com a proximidade das elei\u00e7\u00f5es, o tema dos viadutos da Agamenon voltou \u00e0 pauta. V\u00e1rias entidades como o CREA, o IAB, o Clube de Engenharia j\u00e1 se posicionaram contra a obra, desmontando os argumentos t\u00e9cnicos utilizados em sua justificativa. O Minist\u00e9rio P\u00fablico conseguiu que o governo concordasse em fazer os estudos de impacto que tinham que ter sido feitos antes da defini\u00e7\u00e3o do projeto. Agora \u00e9 hora de voltarmos a pressionar o governo para suspender essa obra que ir\u00e1 criar uma cicatriz no meio do Recife, uma cat\u00e1strofe urban\u00edstica que ficar\u00e1 por d\u00e9cadas como um marco negativo da cidade.<\/p>\n<p>Leia mais:<\/p>\n<p><a href=\"http:\/\/1arq.wordpress.com\/2012\/07\/20\/o-governador-e-os-viadutos\/\">Carta ao governador, com uma compila\u00e7\u00e3o por M\u00facio Juc\u00e1 dos v\u00e1rios argumentos t\u00e9cnicos contra os viadutos<\/a><\/p>\n<p><a href=\"http:\/\/direitosurbanos.wordpress.com\/2012\/04\/03\/resumo-comentario-da-audiencia-sobre-os-viadutos-i\/ \">Coment\u00e1rios sobre a audi\u00eancia p\u00fablica convocada pelo MP e o projeto\u00a0I<\/a><\/p>\n<p><a href=\"http:\/\/direitosurbanos.wordpress.com\/2012\/04\/03\/resumo-e-comentario-da-audiencia-sobre-os-viadutos-ii\/\">Coment\u00e1rios sobre a audi\u00eancia p\u00fablica convocada pelo MP e o projeto II<\/a><\/p>\n<p>&nbsp;<\/p>\n<p>&nbsp;<\/p>\n","protected":false},"excerpt":{"rendered":"<p>Dia: 11 de agosto Hora: 10h Local: Pra\u00e7a do Parque Amorim Com a proximidade das elei\u00e7\u00f5es, o tema dos viadutos da Agamenon voltou \u00e0 pauta. V\u00e1rias entidades como o CREA, o IAB, o Clube de Engenharia j\u00e1 se posicionaram contra a obra, desmontando os argumentos t\u00e9cnicos utilizados em sua justificativa. O Minist\u00e9rio P\u00fablico conseguiu que [&hellip;]<\/p>\n","protected":false},"author":1,"featured_media":1543,"comment_status":"open","ping_status":"open","sticky":false,"template":"","format":"standard","meta":{"om_disable_all_campaigns":false,"_monsterinsights_skip_tracking":false,"_monsterinsights_sitenote_active":false,"_monsterinsights_sitenote_note":"","_monsterinsights_sitenote_category":0,"footnotes":""},"categories":[8,214],"tags":[40],"acf":[],"publishpress_future_action":{"enabled":false,"date":"1969-12-31 21:00:00","action":"","terms":[],"taxonomy":"","browser_timezone_offset":0},"_links":{"self":[{"href":"https:\/\/portalfloresnoar.com\/floresnoar\/wp-json\/wp\/v2\/posts\/1541"}],"collection":[{"href":"https:\/\/portalfloresnoar.com\/floresnoar\/wp-json\/wp\/v2\/posts"}],"about":[{"href":"https:\/\/portalfloresnoar.com\/floresnoar\/wp-json\/wp\/v2\/types\/post"}],"author":[{"embeddable":true,"href":"https:\/\/portalfloresnoar.com\/floresnoar\/wp-json\/wp\/v2\/users\/1"}],"replies":[{"embeddable":true,"href":"https:\/\/portalfloresnoar.com\/floresnoar\/wp-json\/wp\/v2\/comments?post=1541"}],"version-history":[{"count":0,"href":"https:\/\/portalfloresnoar.com\/floresnoar\/wp-json\/wp\/v2\/posts\/1541\/revisions"}],"wp:featuredmedia":[{"embeddable":true,"href":"https:\/\/portalfloresnoar.com\/floresnoar\/wp-json\/wp\/v2\/media\/1543"}],"wp:attachment":[{"href":"https:\/\/portalfloresnoar.com\/floresnoar\/wp-json\/wp\/v2\/media?parent=1541"}],"wp:term":[{"taxonomy":"category","embeddable":true,"href":"https:\/\/portalfloresnoar.com\/floresnoar\/wp-json\/wp\/v2\/categories?post=1541"},{"taxonomy":"post_tag","embeddable":true,"href":"https:\/\/portalfloresnoar.com\/floresnoar\/wp-json\/wp\/v2\/tags?post=1541"}],"curies":[{"name":"wp","href":"https:\/\/api.w.org\/{rel}","templated":true}]}}