

{"id":15322,"date":"2014-04-28T08:16:41","date_gmt":"2014-04-28T11:16:41","guid":{"rendered":"http:\/\/portalfloresnoar.com\/floresnoar\/?p=15322"},"modified":"2014-09-24T18:11:45","modified_gmt":"2014-09-24T21:11:45","slug":"curta-doze-e-meia-traz-para-recife-sessao-mundo-livre-com-entrada-gratuita","status":"publish","type":"post","link":"https:\/\/portalfloresnoar.com\/floresnoar\/curta-doze-e-meia-traz-para-recife-sessao-mundo-livre-com-entrada-gratuita\/","title":{"rendered":"Curta Doze e Meia traz para Recife a Sess\u00e3o Mundo Livre, com entrada gratuita"},"content":{"rendered":"<div><img decoding=\"async\" loading=\"lazy\" class=\"aligncenter size-full wp-image-15324\" alt=\"Cartaz-MAIO_Curta Doze e Meia_ONLINE\" src=\"http:\/\/portalfloresnoar.com\/floresnoar\/wp-content\/uploads\/2014\/05\/Cartaz-MAIO_Curta-Doze-e-Meia_ONLINE.png\" width=\"702\" height=\"961\" srcset=\"https:\/\/portalfloresnoar.com\/floresnoar\/wp-content\/uploads\/2014\/05\/Cartaz-MAIO_Curta-Doze-e-Meia_ONLINE.png 702w, https:\/\/portalfloresnoar.com\/floresnoar\/wp-content\/uploads\/2014\/05\/Cartaz-MAIO_Curta-Doze-e-Meia_ONLINE-219x300.png 219w\" sizes=\"(max-width: 702px) 100vw, 702px\" \/><\/div>\n<div><\/div>\n<div><span style=\"line-height: 1.5em;\">As programa\u00e7\u00f5es do Curta Doze e Meia s\u00e3o realizadas a partir de tem\u00e1ticas mensais e neste m\u00eas de maio o tema \u00e9 &#8220;<\/span><b style=\"line-height: 1.5em;\">Especial Mostra do Filme Livre<\/b><span style=\"line-height: 1.5em;\">&#8220;. Esta atividade integra a a\u00e7\u00e3o Cineclubes Livres 2014, que conta com a participa\u00e7\u00e3o de 33 cineclubes de diversos Estados do Brasil. As exibi\u00e7\u00f5es s\u00e3o compostas por filmes da 13\u00aa MFL.\u00a0<\/span><\/div>\n<p>Para a pr\u00f3xima quinta-feira (15\/05) \u00a0a Sess\u00e3o Mundo Livre traz os curtas \u201c<i>Square Times<\/i>\u201d, \u201c<i>Esta\u00e7\u00e3o Bahia<\/i>\u201d, \u201c<i>Turismo de Guerra<\/i>\u201d, \u201c<i>Tango<\/i>\u201d, \u201c<i>Del\u00edrios de Fran\u00e7oise<\/i>\u201d, \u201c<i>Relat\u00f3rio N\u00famero 1<\/i>\u201d, \u201c<i>Hoje<\/i>\u201d e \u201c<i>Vuvuzela\u2019s Dream<\/i>\u201d. A exibi\u00e7\u00e3o come\u00e7a a partir das 12h30 no audit\u00f3rio do Centro Cultural Correios \u2013 CCC Recife, com entrada gratuita.<\/p>\n<p>O Curta Doze e Meia conta com o patroc\u00ednio dos Correios, atrav\u00e9s da Lei Federal de Incentivo \u00e0 Cultura, \u00e9 uma realiza\u00e7\u00e3o da Arrecife Produ\u00e7\u00f5es e conta com o apoio do Centro Cultural Correios, do Caro\u00e9 e da Sambada Comunica\u00e7\u00e3o e Cultura.<\/p>\n<p>Para saber mais sobre a MFL acesse:\u00a0<a href=\"http:\/\/www.mostradofilmelivre.com\/\" target=\"_blank\">www.mostradofilmelivre.com<\/a><\/p>\n<p><span style=\"font-size: xx-small;\"><b>\u00a0VINHETA:\u00a0<\/b><a href=\"https:\/\/www.youtube.com\/watch?v=J4_chdUCr1U\" target=\"_blank\">https:\/\/www.youtube.com\/watch?<wbr \/>v=J4_chdUCr1U<\/a><br \/>\n<b>Facebook:<\/b>\u00a0<a href=\"http:\/\/www.facebook.com\/CurtaDozeMeia\" target=\"_blank\">http:\/\/www.facebook.com\/<wbr \/>CurtaDozeMeia<\/a><br \/>\n<b>Twitter:<\/b>\u00a0<a href=\"http:\/\/twitter.com\/curtadozemeia\" target=\"_blank\">http:\/\/twitter.com\/<wbr \/>curtadozemeia<\/a><br \/>\n<b>YouTube:\u00a0<\/b><a href=\"http:\/\/www.youtube.com\/user\/curtadozemeia\" target=\"_blank\">http:\/\/www.youtube.com\/user\/<wbr \/>curtadozemeia<\/a><\/span><\/p>\n<p><b>V\u00eddeos que ser\u00e3o exibidos:<\/p>\n<p>Square Times<\/b>\u00a0(RJ)<br \/>\nDire\u00e7\u00e3o: Daniel Caetano<br \/>\nDoc, 12min, 2013<\/p>\n<p>Na madrugada de uma sexta-feira, em pleno Times Square, Nova York, um grupo de pregadores do grupo religioso Black Hebrew Israelites, todos negros, envolve-se numa discuss\u00e3o sobre racismo com os espectadores passantes &#8211; eles tamb\u00e9m, em sua maioria, quase todos negros.<\/p>\n<p><b>Esta\u00e7\u00e3o Bahia<\/b>\u00a0(SP)<br \/>\nDire\u00e7\u00e3o: Andr\u00e9 Michiles e F\u00e1bio Bardella<br \/>\nDoc, 14min, 2012<\/p>\n<p>Uma balsa atravessa a ba\u00eda um trem rumo ao interior e o la\u00e7o entre dois povos.<\/p>\n<p><b>Turismo de Guerra\u00a0<\/b>(MG)<br \/>\nDire\u00e7\u00e3o: Felipe Ivanicska<br \/>\nDoc, 8min, 2013<\/p>\n<p>Um interc\u00e2mbio em Israel \u00e9 a oportunidade de dois amigos verem de perto os conflitos l\u00e1 e no Egito. Um m\u00eas depois, j\u00e1 em casa, conversam tranquilamente sobre apartheid, revolu\u00e7\u00e3o \u00e1rabe e preconceitos enquanto reveem as imagens que fizeram.<\/p>\n<p><b>Tango<\/b>\u00a0(SP)<br \/>\nDire\u00e7\u00e3o: Louis Robin<br \/>\nDoc, 6min, 2013<\/p>\n<p>Tango \u00e9 uma reflex\u00e3o sobre uma pergunta: o que leva as pessoas as corridas de cavalos? Atrav\u00e9s de entrevistas, o filme tece um mosaico de opini\u00f5es sobre o tema.<\/p>\n<p><b>Del\u00edrios de Fran\u00e7oise\u00a0<\/b>(SP)<br \/>\nDire\u00e7\u00e3o: Lucas Pelegrino Bonalumi<br \/>\nDoc, 15min, 2013<\/p>\n<p>Enquanto um grupo de pintores trabalha do lado de fora, Fran\u00e7oise conta suas hist\u00f3rias de viagens na sala de seu apartamento.<\/p>\n<p><b>Relat\u00f3rio n\u00famero 1<\/b>\u00a0(RJ)<br \/>\nDire\u00e7\u00e3o: Ricardo Mendon\u00e7a<br \/>\nFic, 4min, 2013<\/p>\n<p>A nave do agente 3147 aterrissou na terra. O que segue \u00e9 o seu relat\u00f3rio sobre a esp\u00e9cie dominante deste planeta.<\/p>\n<p><b>Hoje\u00a0<\/b>(RJ)<br \/>\nDire\u00e7\u00e3o: Alessandra Colasanti<br \/>\nExp, 7min, 2010<\/p>\n<p>Anima\u00e7\u00e3o em stop motion a partir de fotos de Alessandra Colasanti e arquivo de fam\u00edlia. Neste curta-metragem experimental a artista estrutura po\u00e9tica do eu a partir da anima\u00e7\u00e3o de 940 auto-retratos. S\u00e3o imagens da artista pelo mundo dentro de ambientes institucionalizados da arte, como galerias e museus, que se justap\u00f5em \u00e0 narrativa em intertexto, em que fragmentos de seus di\u00e1rios se misturam a trechos de correspond\u00eancias trocadas entre ela e seus pais. O curta exp\u00f5e a experi\u00eancia da artista enquanto espectadora, tribut\u00e1ria e sintoma da Hist\u00f3ria da Arte moderna-contempor\u00e2nea &#8211; seus impasses, mitos e mist\u00e9rios &#8211; em contig\u00fcidade ao seu universo \u00edntimo e pessoal, desejos infantis, sonhos de adolesc\u00eancia, receios e assombros da vida adulta.<\/p>\n<p><b>Vuvuzela&#8217;s dream\u00a0<\/b>(BA)<br \/>\nDire\u00e7\u00e3o: Felipe Kowalczuk<br \/>\nExp, 13min, 2013<\/p>\n<p>A cidade de Espinho (Portugal) est\u00e1 prestes a ser inundada pelo mar e as pessoas devem deixar a cidade imediatamente. Uma linda jovem insiste em esperar at\u00e9 o \u00faltimo segundo por um rapaz por quem se apaixonou naquela semana, durante o festival de cinema da cidade.<\/p>\n<p><b>Servi\u00e7o:<\/p>\n<p>Cineclube Curta Doze e Meia<\/b><br \/>\n\u201c<i>Especial Mostra do Filme Livre<\/i>\u201d<br \/>\nDias 08, 15, 22 e 29 de maio de\u00a0 2014<br \/>\nQuintas-feiras, \u00e0s 12h30<br \/>\nENTRADA GRATUITA<\/p>\n<p>Audit\u00f3rio do Centro Cultural Correios \u2013 CCC Recife<br \/>\nAv. Marqu\u00eas de Olinda, 262 \u2013 Bairro do Recife<\/p>\n<p><b>Informa\u00e7\u00f5es:\u00a0<\/b><br \/>\n<a href=\"mailto:curtadozemeia@gmail.com\" target=\"_blank\">curtadozemeia@gmail.com<\/a><br \/>\n<a href=\"http:\/\/curtadozemeia.blogspot.com\/\" target=\"_blank\">http:\/\/curtadozemeia.blogspot.<wbr \/>com<\/a><br \/>\n<a href=\"tel:%2881%29%209223-2182\" target=\"_blank\">(81) 9223-2182<\/a>\u00a0(Ruth Pinho) \/ 9873-3576 (Amanda Ramos) \/ 8603-9330 (Queops Negronski)<\/p>\n","protected":false},"excerpt":{"rendered":"<p>As programa\u00e7\u00f5es do Curta Doze e Meia s\u00e3o realizadas a partir de tem\u00e1ticas mensais e neste m\u00eas de maio o tema \u00e9 &#8220;Especial Mostra do Filme Livre&#8220;. Esta atividade integra a a\u00e7\u00e3o Cineclubes Livres 2014, que conta com a participa\u00e7\u00e3o de 33 cineclubes de diversos Estados do Brasil. As exibi\u00e7\u00f5es s\u00e3o compostas por filmes da [&hellip;]<\/p>\n","protected":false},"author":1,"featured_media":15323,"comment_status":"open","ping_status":"open","sticky":false,"template":"","format":"standard","meta":{"om_disable_all_campaigns":false,"_monsterinsights_skip_tracking":false,"_monsterinsights_sitenote_active":false,"_monsterinsights_sitenote_note":"","_monsterinsights_sitenote_category":0,"footnotes":""},"categories":[8,214],"tags":[63],"acf":[],"publishpress_future_action":{"enabled":false,"date":"1969-12-31 21:00:00","action":"","terms":[],"taxonomy":"","browser_timezone_offset":0},"_links":{"self":[{"href":"https:\/\/portalfloresnoar.com\/floresnoar\/wp-json\/wp\/v2\/posts\/15322"}],"collection":[{"href":"https:\/\/portalfloresnoar.com\/floresnoar\/wp-json\/wp\/v2\/posts"}],"about":[{"href":"https:\/\/portalfloresnoar.com\/floresnoar\/wp-json\/wp\/v2\/types\/post"}],"author":[{"embeddable":true,"href":"https:\/\/portalfloresnoar.com\/floresnoar\/wp-json\/wp\/v2\/users\/1"}],"replies":[{"embeddable":true,"href":"https:\/\/portalfloresnoar.com\/floresnoar\/wp-json\/wp\/v2\/comments?post=15322"}],"version-history":[{"count":0,"href":"https:\/\/portalfloresnoar.com\/floresnoar\/wp-json\/wp\/v2\/posts\/15322\/revisions"}],"wp:featuredmedia":[{"embeddable":true,"href":"https:\/\/portalfloresnoar.com\/floresnoar\/wp-json\/wp\/v2\/media\/15323"}],"wp:attachment":[{"href":"https:\/\/portalfloresnoar.com\/floresnoar\/wp-json\/wp\/v2\/media?parent=15322"}],"wp:term":[{"taxonomy":"category","embeddable":true,"href":"https:\/\/portalfloresnoar.com\/floresnoar\/wp-json\/wp\/v2\/categories?post=15322"},{"taxonomy":"post_tag","embeddable":true,"href":"https:\/\/portalfloresnoar.com\/floresnoar\/wp-json\/wp\/v2\/tags?post=15322"}],"curies":[{"name":"wp","href":"https:\/\/api.w.org\/{rel}","templated":true}]}}