

{"id":15239,"date":"2014-04-22T19:30:42","date_gmt":"2014-04-22T22:30:42","guid":{"rendered":"http:\/\/portalfloresnoar.com\/floresnoar\/?p=15239"},"modified":"2014-09-24T18:11:45","modified_gmt":"2014-09-24T21:11:45","slug":"vivencia-veggie-dia-17-de-maio-parque-da-jaqueira","status":"publish","type":"post","link":"https:\/\/portalfloresnoar.com\/floresnoar\/vivencia-veggie-dia-17-de-maio-parque-da-jaqueira\/","title":{"rendered":"Viv\u00eancia Veggie dia 17 de maio no Parque da Jaqueira"},"content":{"rendered":"<p><img decoding=\"async\" loading=\"lazy\" class=\"size-full wp-image-15240 alignleft\" alt=\"vegan recife\" src=\"http:\/\/portalfloresnoar.com\/floresnoar\/wp-content\/uploads\/2014\/05\/vegan-recife.jpg\" width=\"299\" height=\"450\" srcset=\"https:\/\/portalfloresnoar.com\/floresnoar\/wp-content\/uploads\/2014\/05\/vegan-recife.jpg 299w, https:\/\/portalfloresnoar.com\/floresnoar\/wp-content\/uploads\/2014\/05\/vegan-recife-199x300.jpg 199w\" sizes=\"(max-width: 299px) 100vw, 299px\" \/><\/p>\n<p>\u201cO que leva uma pessoa a parar de comer carne?\u201d \u201cQuais s\u00e3o as motiva\u00e7\u00f5es de um ativista que luta pelo direito dos animais?\u201d Sem d\u00favida, os motivos s\u00e3o muitos e dentro de uma bela pluralidade de ideologias e pensamentos cada veg(etari)ano ou simpatizante encontra espa\u00e7o para se expressar e\/ou lutar.<\/p>\n<p>Vegetarianos ou curiosos, que queiram aprender, se divertir e celebrar numa viv\u00eancia veggie ao ar livre ser\u00e3o muito bem-vindos na viv\u00eancia que acontece no\u00a0dia 17 de maio (s\u00e1bado), a partir das 11h, no Parque da Jaqueira.\u00a0&#8220;Nesta viv\u00eancia responderemos aos questionamentos acima em clima de amizade e acolhimento&#8221;, comenta a produ\u00e7\u00e3o do evento, acrescentando que tamb\u00e9m ser\u00e1 oferecida uma oficina gratuita de fotografia.<\/p>\n<p><span style=\"line-height: 1.5em;\"><strong>Detalhes da Programa\u00e7\u00e3o:<\/strong><\/span><br \/>\n11:00 \u2013 Concentra\u00e7\u00e3o e Recep\u00e7\u00e3o no Parque da Jaqueira (local a ser divulgado)<br \/>\n11:00 \u2013 Picnic veg(etari)ano : levar sucos, frutas e comidas doces ou salgadas. Por favor, dar prefer\u00eancia \u00e0s comidas veganas.<br \/>\n13:00 \u2013 Roda de di\u00e1logo com o tema: Especismo versus direitos dos animais e a essencialidade do ativismo vegetariano.<br \/>\n14:30 \u2013 Oficina de Fotografia: para a participa\u00e7\u00e3o \u00e9 necess\u00e1rio confirmar a presen\u00e7a pelo email: ativegrecife@gmail.com.<\/p>\n<p>Durante todo o evento:<br \/>\nMovimento Mundial Pegue&amp;Leve: Voc\u00ea tem livros, CDs, roupas, utens\u00edlios, cal\u00e7ados que n\u00e3o usa? Leve e disponibilize aos demais participantes.<\/p>\n<p>Comemora\u00e7\u00e3o do Anivers\u00e1rio de 4 Anos do Ativeg Recife!<\/p>\n<p>Evento no facebook:<a href=\"https:\/\/www.facebook.com\/events\/264038993767416\/\" target=\"_blank\">\u00a0https:\/\/www.facebook.com\/events\/264038993767416\/<\/a><\/p>\n","protected":false},"excerpt":{"rendered":"<p>\u201cO que leva uma pessoa a parar de comer carne?\u201d \u201cQuais s\u00e3o as motiva\u00e7\u00f5es de um ativista que luta pelo direito dos animais?\u201d Sem d\u00favida, os motivos s\u00e3o muitos e dentro de uma bela pluralidade de ideologias e pensamentos cada veg(etari)ano ou simpatizante encontra espa\u00e7o para se expressar e\/ou lutar. Vegetarianos ou curiosos, que queiram [&hellip;]<\/p>\n","protected":false},"author":1,"featured_media":15241,"comment_status":"open","ping_status":"open","sticky":false,"template":"","format":"standard","meta":{"om_disable_all_campaigns":false,"_monsterinsights_skip_tracking":false,"_monsterinsights_sitenote_active":false,"_monsterinsights_sitenote_note":"","_monsterinsights_sitenote_category":0,"footnotes":""},"categories":[8,214],"tags":[50,27,162,72],"acf":[],"publishpress_future_action":{"enabled":false,"date":"1969-12-31 21:00:00","action":"","terms":[],"taxonomy":"","browser_timezone_offset":0},"_links":{"self":[{"href":"https:\/\/portalfloresnoar.com\/floresnoar\/wp-json\/wp\/v2\/posts\/15239"}],"collection":[{"href":"https:\/\/portalfloresnoar.com\/floresnoar\/wp-json\/wp\/v2\/posts"}],"about":[{"href":"https:\/\/portalfloresnoar.com\/floresnoar\/wp-json\/wp\/v2\/types\/post"}],"author":[{"embeddable":true,"href":"https:\/\/portalfloresnoar.com\/floresnoar\/wp-json\/wp\/v2\/users\/1"}],"replies":[{"embeddable":true,"href":"https:\/\/portalfloresnoar.com\/floresnoar\/wp-json\/wp\/v2\/comments?post=15239"}],"version-history":[{"count":0,"href":"https:\/\/portalfloresnoar.com\/floresnoar\/wp-json\/wp\/v2\/posts\/15239\/revisions"}],"wp:featuredmedia":[{"embeddable":true,"href":"https:\/\/portalfloresnoar.com\/floresnoar\/wp-json\/wp\/v2\/media\/15241"}],"wp:attachment":[{"href":"https:\/\/portalfloresnoar.com\/floresnoar\/wp-json\/wp\/v2\/media?parent=15239"}],"wp:term":[{"taxonomy":"category","embeddable":true,"href":"https:\/\/portalfloresnoar.com\/floresnoar\/wp-json\/wp\/v2\/categories?post=15239"},{"taxonomy":"post_tag","embeddable":true,"href":"https:\/\/portalfloresnoar.com\/floresnoar\/wp-json\/wp\/v2\/tags?post=15239"}],"curies":[{"name":"wp","href":"https:\/\/api.w.org\/{rel}","templated":true}]}}