

{"id":15193,"date":"2014-05-06T08:00:31","date_gmt":"2014-05-06T11:00:31","guid":{"rendered":"http:\/\/portalfloresnoar.com\/floresnoar\/?p=15193"},"modified":"2014-05-06T08:14:51","modified_gmt":"2014-05-06T11:14:51","slug":"terapia-dos-aromas-na-essencia-gestar-e-nascer","status":"publish","type":"post","link":"https:\/\/portalfloresnoar.com\/floresnoar\/terapia-dos-aromas-na-essencia-gestar-e-nascer\/","title":{"rendered":"&#8216;A Terapia dos Aromas na ess\u00eancia do gestar e do nascer&#8217;"},"content":{"rendered":"<pre>Por Ma\u00edra Darllen*\r\nm_darllen@hotmail.com<\/pre>\n<p><strong><em>Sobre um acolhimento da gesta\u00e7\u00e3o, parto e puerp\u00e9rio com Aromaterapia<\/em><\/strong><\/p>\n<p>Cada gestar implica um mundo, permeado de possibilidades, de sonhos, por vezes de conflitos e abertura para clareza.<\/p>\n<p>Nessa experi\u00eancia humana, ritmada essencialmente pelo\u00a0poder da terra, os corpos se moldam num \u00e1pice florescente de mem\u00f3rias de vida, de constela\u00e7\u00f5es familiares, da hist\u00f3ria\u00a0de todas as mulheres do mundo&#8230;\u00a0E nessas express\u00f5es tantas imagens pedem colo, ouvidos, sensatez e compreens\u00e3o, para que os nascimentos de\u00a0novos seres aconte\u00e7am de modo mais saud\u00e1vel.<\/p>\n<p>O parto, enquanto manifesta\u00e7\u00e3o de transi\u00e7\u00e3o e de nova cria\u00e7\u00e3o, tem a for\u00e7a de revelar cren\u00e7as e sentimentos que guardadas no ba\u00fa de nossa\u00a0identidade, pode nos abrir espa\u00e7o de desapego, renova\u00e7\u00e3o\u00a0e matura\u00e7\u00e3o.<\/p>\n<p>E neste trajeto, que apenas se d\u00e1 em nosso espa\u00e7o interno,\u00a0algo pede cena: o nosso centramento, para a express\u00e3o do novo e\u00a0verdadeiro tom de todos implicados nesse nascimento poder brotar, com novo ar e novos sentidos.<\/p>\n<p>A Aromaterapia, ent\u00e3o, se configura como uma das ferramentas complementares mais sutil e ben\u00e9fica para media\u00e7\u00e3o\u00a0deste processo, uma vez que utiliza a terap\u00eautica das ess\u00eancias medicinais de plantas arom\u00e1ticas, 100% natural, em prol da modifica\u00e7\u00e3o e al\u00edvio de sintomas de car\u00e1ter f\u00edsico e emocional.<\/p>\n<p>Na medicina dos \u00f3leos essenciais h\u00e1 um\u00a0amplo leque de perfis de plantas, derivados de ra\u00edzes,\u00a0resinas, sementes, madeiras, folhas e flores, que expressam\u00a0parte da din\u00e2mica natural de vida dos vegetais em forma de\u00a0composi\u00e7\u00f5es qu\u00edmicas, aromas e atmosfera que atuam por\u00a0resson\u00e2ncia nas necessidades humanas de sa\u00fade e harmonia.<\/p>\n<p>Em rela\u00e7\u00e3o \u00e0 experi\u00eancia do gestar, parir e adaptar-se \u00e0\u00a0transi\u00e7\u00e3o do nascimento, a terapia dos aromas pode bem servir\u00a0frente a sintomas comuns destas fases como incha\u00e7os; enjoos;\u00a0azias; falta de ar; de leite; de vitalidade; ansiedade; medo;\u00a0inseguran\u00e7a; para contribuir no desenrolar do trabalho de parto,\u00a0dando suporte a uma percep\u00e7\u00e3o mais clara \u00e0 pessoa que est\u00e1 fazendo uso sobre a potencialidade natural de seu corpo regenerar-se; assim como a serenidade frente ao tempo necess\u00e1rio de cada demanda ser intimamente transformada.<\/p>\n<p>Para se beneficiar desta terap\u00eautica, faz-se necess\u00e1rio um\u00a0conhecimento amplo e seguro sobre os \u00f3leos essenciais, em\u00a0seus caminhos de atua\u00e7\u00e3o; os poss\u00edveis modos de utiliz\u00e1-los;\u00a0os limites de seguran\u00e7a adequados para cada ciclo da gesta\u00e7\u00e3o e do crescimento do beb\u00ea; seu m\u00e9todo eficaz de manipula\u00e7\u00e3o,\u00a0a fim de contribuir com um estado de sa\u00fade e harmoniza\u00e7\u00e3o consciente da mulher no cuidado com seu rec\u00e9m-nascido.<\/p>\n<pre>*Ma\u00edra Darllen \u00e9 aromaterapeuta, doula e psic\u00f3loga.<\/pre>\n<p><strong><em>Veja tamb\u00e9m:<\/em><\/strong><\/p>\n<h2><span style=\"text-decoration: underline;\"><a href=\"http:\/\/portalfloresnoar.com\/floresnoar\/oficina-aromaterapia-gestacao-e-nascimento-dia-17-de-maio-recife\/\">Oficina \u2018Aromaterapia \u2013 Gesta\u00e7\u00e3o e Nascimento\u2019 dia 17 de maio no Recife<\/a><\/span><\/h2>\n","protected":false},"excerpt":{"rendered":"<p>Por Ma\u00edra Darllen* m_darllen@hotmail.com Sobre um acolhimento da gesta\u00e7\u00e3o, parto e puerp\u00e9rio com Aromaterapia Cada gestar implica um mundo, permeado de possibilidades, de sonhos, por vezes de conflitos e abertura para clareza. Nessa experi\u00eancia humana, ritmada essencialmente pelo\u00a0poder da terra, os corpos se moldam num \u00e1pice florescente de mem\u00f3rias de vida, de constela\u00e7\u00f5es familiares, da [&hellip;]<\/p>\n","protected":false},"author":1,"featured_media":15223,"comment_status":"open","ping_status":"open","sticky":false,"template":"","format":"standard","meta":{"om_disable_all_campaigns":false,"_monsterinsights_skip_tracking":false,"_monsterinsights_sitenote_active":false,"_monsterinsights_sitenote_note":"","_monsterinsights_sitenote_category":0,"footnotes":""},"categories":[10],"tags":[73,80,22,39],"acf":[],"publishpress_future_action":{"enabled":false,"date":"1969-12-31 21:00:00","action":"","terms":[],"taxonomy":"","browser_timezone_offset":0},"_links":{"self":[{"href":"https:\/\/portalfloresnoar.com\/floresnoar\/wp-json\/wp\/v2\/posts\/15193"}],"collection":[{"href":"https:\/\/portalfloresnoar.com\/floresnoar\/wp-json\/wp\/v2\/posts"}],"about":[{"href":"https:\/\/portalfloresnoar.com\/floresnoar\/wp-json\/wp\/v2\/types\/post"}],"author":[{"embeddable":true,"href":"https:\/\/portalfloresnoar.com\/floresnoar\/wp-json\/wp\/v2\/users\/1"}],"replies":[{"embeddable":true,"href":"https:\/\/portalfloresnoar.com\/floresnoar\/wp-json\/wp\/v2\/comments?post=15193"}],"version-history":[{"count":0,"href":"https:\/\/portalfloresnoar.com\/floresnoar\/wp-json\/wp\/v2\/posts\/15193\/revisions"}],"wp:featuredmedia":[{"embeddable":true,"href":"https:\/\/portalfloresnoar.com\/floresnoar\/wp-json\/wp\/v2\/media\/15223"}],"wp:attachment":[{"href":"https:\/\/portalfloresnoar.com\/floresnoar\/wp-json\/wp\/v2\/media?parent=15193"}],"wp:term":[{"taxonomy":"category","embeddable":true,"href":"https:\/\/portalfloresnoar.com\/floresnoar\/wp-json\/wp\/v2\/categories?post=15193"},{"taxonomy":"post_tag","embeddable":true,"href":"https:\/\/portalfloresnoar.com\/floresnoar\/wp-json\/wp\/v2\/tags?post=15193"}],"curies":[{"name":"wp","href":"https:\/\/api.w.org\/{rel}","templated":true}]}}