

{"id":15024,"date":"2014-02-05T09:12:25","date_gmt":"2014-02-05T12:12:25","guid":{"rendered":"http:\/\/portalfloresnoar.com\/floresnoar\/?p=15024"},"modified":"2014-09-24T18:13:14","modified_gmt":"2014-09-24T21:13:14","slug":"internacao-acoesperformaticaspradoidover-dia-2604-hospital-psiquiatrico-ulysses-pernambucano","status":"publish","type":"post","link":"https:\/\/portalfloresnoar.com\/floresnoar\/internacao-acoesperformaticaspradoidover-dia-2604-hospital-psiquiatrico-ulysses-pernambucano\/","title":{"rendered":"&#8216;INTERNA\u00c7\u00c3O: a\u00e7\u00f5esperform\u00e1ticaspradoidover&#8217; dia 26\/04 no Hospital Psiqui\u00e1trico Ulysses Pernambucano"},"content":{"rendered":"<p style=\"text-align: center;\"><img decoding=\"async\" loading=\"lazy\" class=\"aligncenter  wp-image-15025\" alt=\"interna\u00e7\u00e3o\" src=\"http:\/\/portalfloresnoar.com\/floresnoar\/wp-content\/uploads\/2014\/04\/interna\u00e7\u00e3o.jpg\" width=\"576\" height=\"432\" srcset=\"https:\/\/portalfloresnoar.com\/floresnoar\/wp-content\/uploads\/2014\/04\/interna\u00e7\u00e3o.jpg 720w, https:\/\/portalfloresnoar.com\/floresnoar\/wp-content\/uploads\/2014\/04\/interna\u00e7\u00e3o-300x225.jpg 300w, https:\/\/portalfloresnoar.com\/floresnoar\/wp-content\/uploads\/2014\/04\/interna\u00e7\u00e3o-160x120.jpg 160w\" sizes=\"(max-width: 576px) 100vw, 576px\" \/><br \/>\nNeste m\u00eas de abril\/2014 acontece a VIII Mostra \u2018INTERNA\u00c7\u00c3O: a\u00e7\u00f5esperform\u00e1ticaspradoidover\u2019, no dia 26 (s\u00e1bado), \u00e0s 10h, no Hospital Psiqui\u00e1trico Ulysses Pernambucano (HUP),com entrada gratuita.<\/p>\n<p>Programa\u00e7\u00e3o:<br \/>\n&#8211; Ciganos de Luz<br \/>\n&#8211; Fernanda Melo<br \/>\n&#8211; Rafaella Cavalcante<br \/>\n&#8211; Uana Mahin<\/p>\n<p>Local: Hospital Psiqui\u00e1trico Ulysses Pernambucano<br \/>\nData: 26\/04 (s\u00e1bado)<br \/>\nHora: 10h<\/p>\n<p>As mostras INTERNA\u00c7\u00c3O fazem parte do projeto DOIDA DE PEDRA, desenvolvido por Ingrid Kaline de Souza, dentro do Hospital Psiqui\u00e1trico Ulysses Pernambucano (HUP), no Recife. \u201cA ideia do Doida de Pedra \u00e9 o da socializa\u00e7\u00e3o atrav\u00e9s da arte e especialmente de como a conviv\u00eancia com a loucura afeta meu corpo e este malucamente afetado produz performance, seja no espa\u00e7o InstintoCionalizado (dentro da cl\u00ednica) ou no ExtintoCionalizado (onde vivemos)\u201d, explica Ingrid Kaline.<\/p>\n<p>\u2018INTERNA\u00c7\u00c3O: a\u00e7\u00f5esperform\u00e1ticaspradoidover\u2019 \u00e9 um evento aberto a artistas que queiram levar um momento perform\u00e1tico para o hospital. Durante o dia das apresenta\u00e7\u00f5es os pacientes t\u00eam total liberdade de interferir nas obras e as grades da institui\u00e7\u00e3o ficam abertas para o p\u00fablico em geral adentrar e vivenciar momentos humanos.<\/p>\n<p>Apoio<br \/>\nHospital Psiqui\u00e1trico Ulysses Pernambucano |Portal Flores No Ar | R\u00e1dio Universit\u00e1ria FM<\/p>\n<p>Produ\u00e7\u00e3o<br \/>\nDoida de Pedra<\/p>\n","protected":false},"excerpt":{"rendered":"<p>Neste m\u00eas de abril\/2014 acontece a VIII Mostra \u2018INTERNA\u00c7\u00c3O: a\u00e7\u00f5esperform\u00e1ticaspradoidover\u2019, no dia 26 (s\u00e1bado), \u00e0s 10h, no Hospital Psiqui\u00e1trico Ulysses Pernambucano (HUP),com entrada gratuita. Programa\u00e7\u00e3o: &#8211; Ciganos de Luz &#8211; Fernanda Melo &#8211; Rafaella Cavalcante &#8211; Uana Mahin Local: Hospital Psiqui\u00e1trico Ulysses Pernambucano Data: 26\/04 (s\u00e1bado) Hora: 10h As mostras INTERNA\u00c7\u00c3O fazem parte do projeto [&hellip;]<\/p>\n","protected":false},"author":1,"featured_media":15026,"comment_status":"open","ping_status":"open","sticky":false,"template":"","format":"standard","meta":{"om_disable_all_campaigns":false,"_monsterinsights_skip_tracking":false,"_monsterinsights_sitenote_active":false,"_monsterinsights_sitenote_note":"","_monsterinsights_sitenote_category":0,"footnotes":""},"categories":[8,214],"tags":[44,27],"acf":[],"publishpress_future_action":{"enabled":false,"date":"1969-12-31 21:00:00","action":"","terms":[],"taxonomy":"","browser_timezone_offset":0},"_links":{"self":[{"href":"https:\/\/portalfloresnoar.com\/floresnoar\/wp-json\/wp\/v2\/posts\/15024"}],"collection":[{"href":"https:\/\/portalfloresnoar.com\/floresnoar\/wp-json\/wp\/v2\/posts"}],"about":[{"href":"https:\/\/portalfloresnoar.com\/floresnoar\/wp-json\/wp\/v2\/types\/post"}],"author":[{"embeddable":true,"href":"https:\/\/portalfloresnoar.com\/floresnoar\/wp-json\/wp\/v2\/users\/1"}],"replies":[{"embeddable":true,"href":"https:\/\/portalfloresnoar.com\/floresnoar\/wp-json\/wp\/v2\/comments?post=15024"}],"version-history":[{"count":0,"href":"https:\/\/portalfloresnoar.com\/floresnoar\/wp-json\/wp\/v2\/posts\/15024\/revisions"}],"wp:featuredmedia":[{"embeddable":true,"href":"https:\/\/portalfloresnoar.com\/floresnoar\/wp-json\/wp\/v2\/media\/15026"}],"wp:attachment":[{"href":"https:\/\/portalfloresnoar.com\/floresnoar\/wp-json\/wp\/v2\/media?parent=15024"}],"wp:term":[{"taxonomy":"category","embeddable":true,"href":"https:\/\/portalfloresnoar.com\/floresnoar\/wp-json\/wp\/v2\/categories?post=15024"},{"taxonomy":"post_tag","embeddable":true,"href":"https:\/\/portalfloresnoar.com\/floresnoar\/wp-json\/wp\/v2\/tags?post=15024"}],"curies":[{"name":"wp","href":"https:\/\/api.w.org\/{rel}","templated":true}]}}