

{"id":14853,"date":"2014-04-10T22:32:56","date_gmt":"2014-04-11T01:32:56","guid":{"rendered":"http:\/\/portalfloresnoar.com\/floresnoar\/?p=14853"},"modified":"2014-04-14T22:04:52","modified_gmt":"2014-04-15T01:04:52","slug":"cidade-em-desequilibrio","status":"publish","type":"post","link":"https:\/\/portalfloresnoar.com\/floresnoar\/cidade-em-desequilibrio\/","title":{"rendered":"&#8216;Cidade em desequil\u00edbrio&#8217;"},"content":{"rendered":"<pre>Por Jo\u00e3o Vale Neto\r\njoaovalesanga@gmail.com<\/pre>\n<figure id=\"attachment_14854\" aria-describedby=\"caption-attachment-14854\" style=\"width: 358px\" class=\"wp-caption alignleft\"><img decoding=\"async\" loading=\"lazy\" class=\" wp-image-14854 \" alt=\"Foto: Ana Lira\" src=\"http:\/\/portalfloresnoar.com\/floresnoar\/wp-content\/uploads\/2014\/04\/foto-empatando-sua-vista.jpg\" width=\"358\" height=\"239\" srcset=\"https:\/\/portalfloresnoar.com\/floresnoar\/wp-content\/uploads\/2014\/04\/foto-empatando-sua-vista.jpg 511w, https:\/\/portalfloresnoar.com\/floresnoar\/wp-content\/uploads\/2014\/04\/foto-empatando-sua-vista-300x200.jpg 300w\" sizes=\"(max-width: 358px) 100vw, 358px\" \/><figcaption id=\"caption-attachment-14854\" class=\"wp-caption-text\">Foto: Ana Lira<\/figcaption><\/figure>\n<p>Recife est\u00e1 na capa da National Geographic desse m\u00eas. A mat\u00e9ria \u00e9 sobre os tubar\u00f5es e de como a evidente escalada de desenvolvimento trouxe, desde 1992, um desequil\u00edbrio no ambiente desses predadores ao ponto deles virem buscar alimento pertinho da praia. E o alimento deles somos n\u00f3s.<\/p>\n<p>Recife acordou sem \u00e1rvores tamb\u00e9m. Uma poda \u201cdescontrolada\u201d matou e destruiu a copa de diversas \u00e1rvores da cidade.<\/p>\n<p>A F\u00e1brica Tacaruna, um prometido centro de cultura da cidade foi cedida pelo ex-Governador para ser escrit\u00f3rio da empresa FIAT.<\/p>\n<p>Isso tudo me vem \u00e0 mente nessa manh\u00e3, as pessoas est\u00e3o engarrafadas em seus carros, tentando chegar no trabalho. N\u00e3o h\u00e1 protesto ou manifesta\u00e7\u00e3o nas ruas. Mesmo assim, ningu\u00e9m consegue se movimentar. As buzinas explodem, a taxa de estresse sobe e vamos adoecendo dentro dessas \u201ccaixas\u201d automotivas que s\u00e3o os carros. Eventualmente, um ciclista \u2013 muitas vezes um trabalhador &#8211; \u00e9 atropelado no caminho, retornando para casa. Mas a cidade segue, com seus estressados e seus mortos, como se nada estivesse acontecendo.<\/p>\n<p>Vamos fazer uma Copa do Mundo, vai ser muito bonito. Mas muitas pessoas, por causa disso, perderam suas casas e s\u00e3o tratadas com morosidade e desrespeito por parte do Governo do Estado. Alguns relatam o terror psicol\u00f3gico que \u00e9 ter que lutar contra o Estado, a press\u00e3o que recebem. Mas a Copa t\u00e1 chegando, afinal. Se eles n\u00e3o v\u00e3o ter casa, quem se importa? Os movimentos e coletivos se re\u00fanem, coletam mais de 3.000 assinaturas por um motivo \u201cbanal\u201d: querem preservar um edif\u00edcio hist\u00f3rico \u2013 amea\u00e7ado de demoli\u00e7\u00e3o &#8211; na Avenida Boa Viagem. Um pr\u00e9dio baixinho dos anos 40 que cativou muitos dos moradores da regi\u00e3o e de toda a cidade: n\u00e3o \u00e9 impressionante que no meio de tantos arranha-c\u00e9us possa existir constru\u00e7\u00f5es como aquela?<\/p>\n<p>Temos reuni\u00e3o com o Secret\u00e1rio de Mobilidade e Controle Urbano, Jo\u00e3o Braga para defender a preserva\u00e7\u00e3o. Ele nos recebe muito prestativo e simp\u00e1tico e diz que tamb\u00e9m concorda com a preserva\u00e7\u00e3o, mas que precisa levar para o Conselho de Desenvolvimento Urbano. No Conselho, diversas entidades votam conosco, pela preserva\u00e7\u00e3o: o Instituto de Arquitetos do Brasil, o Conselho de Arquitetura e Urbanismo, Clube de Engenharia, FIDEM, Instituto do Patrim\u00f4nio Hist\u00f3rico e Art\u00edstico Nacional, a P\u00f3s-Gradua\u00e7\u00e3o em Desenvolvimento Urbano da UFPE, a Ordem dos Advogados do Brasil,o Conselho Regional de Economia, a Habitat para a Humanidade Brasil e a Federa\u00e7\u00e3o Ibura-Jord\u00e3o. V\u00e1rios t\u00e9cnicos e secret\u00e1rias da Prefeitura votam contr\u00e1rio \u00e0 sociedade. Entre eles, o presidente do Conselho, o Secret\u00e1rio Jo\u00e3o Braga. \u00c9 assim \u2013 consonante com o poder privado e em detrimento da sociedade \u2013 que a prefeitura vem aprimorando um modelo de gest\u00e3o que come\u00e7ou quando, na segunda gest\u00e3o do PT, se permitiu que duas torres fossem constru\u00eddas no bairro de S\u00e3o Jos\u00e9 &#8211; o que fez que Recife perdesse a possibilidade de se candidatar a Patrim\u00f4nio da Humanidade.<\/p>\n<p>Esse modelo de gest\u00e3o permitiu que o projeto Novo Recife, prevendo a constru\u00e7\u00e3o de doze torres (com quarenta andares e mais de cem metros de altura) tentasse ser implementado no Cais Jos\u00e9 Estelita. A privatiza\u00e7\u00e3o da paisagem e o aumento da segrega\u00e7\u00e3o entre ricos e pobres \u00e9 uma das consequ\u00eancias diretas desse empreendimento. Trabalhos tempor\u00e1rios ser\u00e3o gerados, mas a que custo?<\/p>\n<p>\u00c9 por isso que esse modelo de gest\u00e3o \u00e9 chamado de \u201cdesequil\u00edbrio\u201d. \u00c9 por isso que os coletivos e movimentos sociais urbanos est\u00e3o se unindo: uma busca de equil\u00edbrio. Uma cidade mais justa para as \u00e1rvores. Uma cidade que em meio aos arranha-c\u00e9us de Boa Viagem pode-se respirar diante do pequeno Ed\u00edficio Cai\u00e7ara. Uma cidade onde as constru\u00e7\u00f5es no Cais Jos\u00e9 Estelita estejam de acordo com a paisagem do bairro de S\u00e3o Jos\u00e9. Uma cidade onde trabalhadores ambulantes n\u00e3o sejam marginalizados e tratados como criminosos. Uma cidade com um plano de preserva\u00e7\u00e3o e de mem\u00f3ria \u2013 incluindo nisso os espa\u00e7os populares como o Coque, Ibura, Ilha de Deus. Uma cidade que tenha orgulho de fazer uma Copa do Mundo com alegria e sem tanto sofrimento e desrespeito. Uma cidade que um dia volte a se equilibrar e possamos tomar banho no mar (oxal\u00e1!).<\/p>\n<p>Esses coletivos e movimentos foram reiteradamente chamados, por um comentador ass\u00edduo do blog do jornalista Jamildo, de \u201cos caranguejos\u201d. Aqueles que teimam em gritar, em se queixar, em dizer que t\u00e1 errado. Eles correm e se unem para tentar resolver as coisas como podem. Tentam apontar de que as coisas est\u00e3o invertidas e que \u00e9 preciso redimensionar a cidade para as pessoas que moram nela. Os \u201ccaranguejos\u201d, no entanto, segundo o comentador, devem ser \u201cmortos por uma faca, no c\u00f3rtex\u201d, pois \u00e9 assim a melhor forma de por fim \u00e0s discuss\u00f5es sobre a cidade. N\u00f3s dizemos que n\u00e3o: que os \u201ccaranguejos\u201d da lama e do caos, com suas antenas parab\u00f3licas, est\u00e3o colados por amor ao mangue e \u00e0 mar\u00e9, e que v\u00e3o permanecer juntos, bem juntos, para lutar por essa cidade e pelo seu equil\u00edbrio.<\/p>\n<p><span style=\"line-height: 1.5em;\">Mais informa\u00e7\u00f5es<\/span><a style=\"line-height: 1.5em;\" href=\"https:\/\/www.facebook.com\/events\/291140757710904\/?source=1\" target=\"_blank\">\u00a0aqui<\/a><span style=\"line-height: 1.5em;\">!<\/span><\/p>\n<p><em>Leia tamb\u00e9m:\u00a0<\/em><strong style=\"line-height: 1.5em;\"><a href=\"http:\/\/direitosurbanos.wordpress.com\/2014\/04\/07\/nao-e-apenas-pelo-caicara-e-pela-memoria-e-historia-de-uma-cidade\/\" target=\"_blank\">N\u00e3o \u00e9 apenas pelo Cai\u00e7ara, \u00e9 pela mem\u00f3ria e hist\u00f3ria de uma cidade<\/a><\/strong><\/p>\n","protected":false},"excerpt":{"rendered":"<p>Por Jo\u00e3o Vale Neto joaovalesanga@gmail.com Recife est\u00e1 na capa da National Geographic desse m\u00eas. A mat\u00e9ria \u00e9 sobre os tubar\u00f5es e de como a evidente escalada de desenvolvimento trouxe, desde 1992, um desequil\u00edbrio no ambiente desses predadores ao ponto deles virem buscar alimento pertinho da praia. E o alimento deles somos n\u00f3s. Recife acordou sem [&hellip;]<\/p>\n","protected":false},"author":1,"featured_media":14854,"comment_status":"open","ping_status":"open","sticky":false,"template":"","format":"standard","meta":{"om_disable_all_campaigns":false,"_monsterinsights_skip_tracking":false,"_monsterinsights_sitenote_active":false,"_monsterinsights_sitenote_note":"","_monsterinsights_sitenote_category":0,"footnotes":""},"categories":[10],"tags":[19,40],"acf":[],"publishpress_future_action":{"enabled":false,"date":"1969-12-31 21:00:00","action":"","terms":[],"taxonomy":"","browser_timezone_offset":0},"_links":{"self":[{"href":"https:\/\/portalfloresnoar.com\/floresnoar\/wp-json\/wp\/v2\/posts\/14853"}],"collection":[{"href":"https:\/\/portalfloresnoar.com\/floresnoar\/wp-json\/wp\/v2\/posts"}],"about":[{"href":"https:\/\/portalfloresnoar.com\/floresnoar\/wp-json\/wp\/v2\/types\/post"}],"author":[{"embeddable":true,"href":"https:\/\/portalfloresnoar.com\/floresnoar\/wp-json\/wp\/v2\/users\/1"}],"replies":[{"embeddable":true,"href":"https:\/\/portalfloresnoar.com\/floresnoar\/wp-json\/wp\/v2\/comments?post=14853"}],"version-history":[{"count":0,"href":"https:\/\/portalfloresnoar.com\/floresnoar\/wp-json\/wp\/v2\/posts\/14853\/revisions"}],"wp:featuredmedia":[{"embeddable":true,"href":"https:\/\/portalfloresnoar.com\/floresnoar\/wp-json\/wp\/v2\/media\/14854"}],"wp:attachment":[{"href":"https:\/\/portalfloresnoar.com\/floresnoar\/wp-json\/wp\/v2\/media?parent=14853"}],"wp:term":[{"taxonomy":"category","embeddable":true,"href":"https:\/\/portalfloresnoar.com\/floresnoar\/wp-json\/wp\/v2\/categories?post=14853"},{"taxonomy":"post_tag","embeddable":true,"href":"https:\/\/portalfloresnoar.com\/floresnoar\/wp-json\/wp\/v2\/tags?post=14853"}],"curies":[{"name":"wp","href":"https:\/\/api.w.org\/{rel}","templated":true}]}}