

{"id":14762,"date":"2014-02-07T13:24:07","date_gmt":"2014-02-07T16:24:07","guid":{"rendered":"http:\/\/portalfloresnoar.com\/floresnoar\/?p=14762"},"modified":"2014-09-24T18:13:13","modified_gmt":"2014-09-24T21:13:13","slug":"oficina-de-bonecos-e-cantorias-neste-sabado-124-em-olinda","status":"publish","type":"post","link":"https:\/\/portalfloresnoar.com\/floresnoar\/oficina-de-bonecos-e-cantorias-neste-sabado-124-em-olinda\/","title":{"rendered":"Oficina de bonecos e cantorias dia 12\/4 em Olinda"},"content":{"rendered":"<p style=\"text-align: center;\"><img decoding=\"async\" loading=\"lazy\" class=\"aligncenter  wp-image-14763\" alt=\"oficina de bonecas e cantorias\" src=\"http:\/\/portalfloresnoar.com\/floresnoar\/wp-content\/uploads\/2014\/04\/oficina-de-bonecas-e-cantorias.jpg\" width=\"635\" height=\"577\" srcset=\"https:\/\/portalfloresnoar.com\/floresnoar\/wp-content\/uploads\/2014\/04\/oficina-de-bonecas-e-cantorias.jpg 794w, https:\/\/portalfloresnoar.com\/floresnoar\/wp-content\/uploads\/2014\/04\/oficina-de-bonecas-e-cantorias-300x272.jpg 300w\" sizes=\"(max-width: 635px) 100vw, 635px\" \/><\/p>\n<p><span style=\"line-height: 1.5em;\">Num mundo com tantos apelos consumistas alienantes, quando os computadores ocupam a maior parte do seu tempo, a crian\u00e7a acaba por embotar sua sensibilidade e capacidade de criar seus pr\u00f3prios brinquedos e brincadeiras, deixando ainda de valorizar sua cultura e aproveitar o potencial l\u00fadico de diversos materiais facilmente encontrados em seu cotidiano.<\/span><\/p>\n<p><span style=\"line-height: 1.5em;\"> Para incentivar a express\u00e3o criativa da crian\u00e7ada, o\u00a0Projeto Griinha promove<strong>\u00a0s\u00e1bado (12\/04\/2014), no Sobrado Espa\u00e7o Cultural, em Olinda, das 9h \u00e0s 12h<\/strong>, uma <strong>oficina de inicia\u00e7\u00e3o musical e trabalho manual para crian\u00e7as<\/strong>. \u00a0O p\u00fablico-alvo s\u00e3o crian\u00e7as a partir dos seis anos.<\/span><\/p>\n<p>&#8220;\u00c9 muito importante proporcionar \u00e0 crian\u00e7a momentos de conviv\u00eancia criativa, estimulando, valorizando e potencializando a sua capacidade de se expressar.\u00a0Faremos isso atrav\u00e9s da confec\u00e7\u00e3o de bonecas ou bonecos de diferentes materiais (tecido, sucatas, pap\u00e9is etc.), utilizando cantigas infantis e parlendas como elemento direcionador do trabalho&#8221;, explica Meire Valin, facilitadora do encontro.<\/p>\n<p>&#8212;&#8212;&#8212;&#8212;&#8212;&#8212;&#8212;&#8212;&#8212;&#8212;&#8212;&#8212;&#8212;&#8212;&#8212;&#8212;&#8212;&#8212;&#8212;&#8212;&#8212;&#8212;&#8212;&#8212;&#8212;-<\/p>\n<p>Os materiais \u2013 sucatas, tecidos, linhas, bot\u00f5es, etc. \u2013 est\u00e3o inclusos, mas os participantes podem trazer mais coisas para que tenhamos muitas op\u00e7\u00f5es!<\/p>\n<p>&#8212;&#8212;&#8212;&#8212;&#8212;&#8212;&#8212;&#8212;&#8212;&#8212;&#8212;&#8212;&#8212;&#8212;&#8212;&#8212;&#8212;&#8212;&#8212;&#8212;&#8212;&#8212;&#8212;&#8212;&#8212;-<br \/>\nMeire Valin \u00e9 natural de Corn\u00e9lio Proc\u00f3pio (PR), graduada em Servi\u00e7o Social pela Universidade Estadual de Londrina, com forma\u00e7\u00e3o em Terapias Florais e Consci\u00eancia Energ\u00e9tica.<\/p>\n<p>\u00c9 professora de m\u00fasica, atuando nas \u00e1reas de inicia\u00e7\u00e3o musical, canto, e prepara\u00e7\u00e3o vocal de espet\u00e1culos musicais e teatrais, com crian\u00e7as e adultos. Realizou projetos como:<\/p>\n<p>Musicaliza\u00e7\u00e3o para professores, constru\u00e7\u00e3o e toque de instrumentos afro-brasileiros; M\u00fasica na Educa\u00e7\u00e3o; Canto em grupo; Pr\u00e1tica coral; Teoria e Percep\u00e7\u00e3o Musical; R\u00edtmica; Percuss\u00e3o; Viol\u00e3o; Canto Popular; Interpreta\u00e7\u00e3o do Samba; Orienta\u00e7\u00e3o Art\u00edstica; Oficinas de teatro de bonecos; Cria\u00e7\u00e3o e montagem de figurinos pra espet\u00e1culos; Inicia\u00e7\u00e3o ao canto dif\u00f4nico; T\u00e9cnicas circenses aplicadas \u00e0 Educa\u00e7\u00e3o; Poesia Falada entre outros cursos e oficinas.<\/p>\n<p>Tem tamb\u00e9m experi\u00eancia em montagem e dire\u00e7\u00e3o de espet\u00e1culos integrativos e em gerenciamento de cursos, projetos e espa\u00e7os s\u00f3cio-culturais. Coordenando\/regendo grupos de CANTORIA.<\/p>\n<p><strong>Inscri\u00e7\u00f5es &amp; Maiores informa\u00e7\u00f5es:<\/strong><br \/>\n9589.3045\/ 8312.5290 ou 9906.5492\/ 8547.7791<br \/>\noprojetocria@gmail.com<\/p>\n","protected":false},"excerpt":{"rendered":"<p>Num mundo com tantos apelos consumistas alienantes, quando os computadores ocupam a maior parte do seu tempo, a crian\u00e7a acaba por embotar sua sensibilidade e capacidade de criar seus pr\u00f3prios brinquedos e brincadeiras, deixando ainda de valorizar sua cultura e aproveitar o potencial l\u00fadico de diversos materiais facilmente encontrados em seu cotidiano. Para incentivar a [&hellip;]<\/p>\n","protected":false},"author":1,"featured_media":14764,"comment_status":"open","ping_status":"open","sticky":false,"template":"","format":"standard","meta":{"om_disable_all_campaigns":false,"_monsterinsights_skip_tracking":false,"_monsterinsights_sitenote_active":false,"_monsterinsights_sitenote_note":"","_monsterinsights_sitenote_category":0,"footnotes":""},"categories":[8,214],"tags":[120],"acf":[],"publishpress_future_action":{"enabled":false,"date":"1969-12-31 21:00:00","action":"","terms":[],"taxonomy":"","browser_timezone_offset":0},"_links":{"self":[{"href":"https:\/\/portalfloresnoar.com\/floresnoar\/wp-json\/wp\/v2\/posts\/14762"}],"collection":[{"href":"https:\/\/portalfloresnoar.com\/floresnoar\/wp-json\/wp\/v2\/posts"}],"about":[{"href":"https:\/\/portalfloresnoar.com\/floresnoar\/wp-json\/wp\/v2\/types\/post"}],"author":[{"embeddable":true,"href":"https:\/\/portalfloresnoar.com\/floresnoar\/wp-json\/wp\/v2\/users\/1"}],"replies":[{"embeddable":true,"href":"https:\/\/portalfloresnoar.com\/floresnoar\/wp-json\/wp\/v2\/comments?post=14762"}],"version-history":[{"count":0,"href":"https:\/\/portalfloresnoar.com\/floresnoar\/wp-json\/wp\/v2\/posts\/14762\/revisions"}],"wp:featuredmedia":[{"embeddable":true,"href":"https:\/\/portalfloresnoar.com\/floresnoar\/wp-json\/wp\/v2\/media\/14764"}],"wp:attachment":[{"href":"https:\/\/portalfloresnoar.com\/floresnoar\/wp-json\/wp\/v2\/media?parent=14762"}],"wp:term":[{"taxonomy":"category","embeddable":true,"href":"https:\/\/portalfloresnoar.com\/floresnoar\/wp-json\/wp\/v2\/categories?post=14762"},{"taxonomy":"post_tag","embeddable":true,"href":"https:\/\/portalfloresnoar.com\/floresnoar\/wp-json\/wp\/v2\/tags?post=14762"}],"curies":[{"name":"wp","href":"https:\/\/api.w.org\/{rel}","templated":true}]}}