

{"id":14761,"date":"2014-02-01T18:43:14","date_gmt":"2014-02-01T21:43:14","guid":{"rendered":"http:\/\/portalfloresnoar.com\/floresnoar\/?p=14761"},"modified":"2014-09-24T18:13:29","modified_gmt":"2014-09-24T21:13:29","slug":"cidade-e-nossa-ato-de-repudio-ao-poder-publico-municipal-e-estadual-nesta-sexta-dia-1104","status":"publish","type":"post","link":"https:\/\/portalfloresnoar.com\/floresnoar\/cidade-e-nossa-ato-de-repudio-ao-poder-publico-municipal-e-estadual-nesta-sexta-dia-1104\/","title":{"rendered":"&#8216;A cidade \u00e9 nossa! &#8216; Ato de rep\u00fadio ao poder p\u00fablico municipal e estadual dia  11\/04"},"content":{"rendered":"<p><img decoding=\"async\" loading=\"lazy\" class=\"aligncenter size-full wp-image-14767\" alt=\"a cidade \u00e9 nossa\" src=\"http:\/\/portalfloresnoar.com\/floresnoar\/wp-content\/uploads\/2014\/04\/a-cidade-\u00e9-nossa.jpg\" width=\"576\" height=\"408\" srcset=\"https:\/\/portalfloresnoar.com\/floresnoar\/wp-content\/uploads\/2014\/04\/a-cidade-\u00e9-nossa.jpg 576w, https:\/\/portalfloresnoar.com\/floresnoar\/wp-content\/uploads\/2014\/04\/a-cidade-\u00e9-nossa-300x212.jpg 300w\" sizes=\"(max-width: 576px) 100vw, 576px\" \/><\/p>\n<p>A recente decis\u00e3o da Prefeitura do Recife de apoiar a demoli\u00e7\u00e3o do edf.Cai\u00e7ara, a constru\u00e7\u00e3o das torres no Cais Jos\u00e9 Estelita + a cess\u00e3o da f\u00e1brica Tacaruna para a empresa FIAT, a privatiza\u00e7\u00e3o de espa\u00e7os p\u00fablicos e o desprezo do Governo do Estado \u00e0s demandas sociais das fam\u00edlias removidas pelas obras da Copa do Mundo motivam esse ato de rep\u00fadio ao poder p\u00fablico municipal e estadual. A paisagem, as frentes d&#8217;\u00e1gua, os equipamentos culturais, a hist\u00f3ria, a mem\u00f3ria urbana s\u00e3o do povo e n\u00e3o podem ser destru\u00eddos ou privatizados.<\/p>\n<p>A concentra\u00e7\u00e3o \u00e9 \u00e0s 12h do dia 11\/04\/2014, na Pra\u00e7a do Di\u00e1rio.<\/p>\n<p>Mais informa\u00e7\u00f5es<a href=\"https:\/\/www.facebook.com\/events\/291140757710904\/?source=1\" target=\"_blank\"> aqui<\/a>!<\/p>\n<p><em>Leia tamb\u00e9m:<\/em><br \/>\n<span style=\"text-decoration: underline;\"><strong><a href=\"http:\/\/portalfloresnoar.com\/floresnoar\/cidade-em-desequilibrio\/\" target=\"_blank\">Cidade em desequil\u00edbrio<\/a><\/strong><\/span><\/p>\n<p><span style=\"text-decoration: underline;\"><strong><a href=\"http:\/\/direitosurbanos.wordpress.com\/2014\/04\/07\/nao-e-apenas-pelo-caicara-e-pela-memoria-e-historia-de-uma-cidade\/\" target=\"_blank\">N\u00e3o \u00e9 apenas pelo Cai\u00e7ara, \u00e9 pela mem\u00f3ria e hist\u00f3ria de uma cidade<\/a><\/strong><\/span><\/p>\n","protected":false},"excerpt":{"rendered":"<p>A recente decis\u00e3o da Prefeitura do Recife de apoiar a demoli\u00e7\u00e3o do edf.Cai\u00e7ara, a constru\u00e7\u00e3o das torres no Cais Jos\u00e9 Estelita + a cess\u00e3o da f\u00e1brica Tacaruna para a empresa FIAT, a privatiza\u00e7\u00e3o de espa\u00e7os p\u00fablicos e o desprezo do Governo do Estado \u00e0s demandas sociais das fam\u00edlias removidas pelas obras da Copa do Mundo [&hellip;]<\/p>\n","protected":false},"author":1,"featured_media":14768,"comment_status":"open","ping_status":"open","sticky":false,"template":"","format":"standard","meta":{"om_disable_all_campaigns":false,"_monsterinsights_skip_tracking":false,"_monsterinsights_sitenote_active":false,"_monsterinsights_sitenote_note":"","_monsterinsights_sitenote_category":0,"footnotes":""},"categories":[8,214],"tags":[40],"acf":[],"publishpress_future_action":{"enabled":false,"date":"1969-12-31 21:00:00","action":"","terms":[],"taxonomy":"","browser_timezone_offset":0},"_links":{"self":[{"href":"https:\/\/portalfloresnoar.com\/floresnoar\/wp-json\/wp\/v2\/posts\/14761"}],"collection":[{"href":"https:\/\/portalfloresnoar.com\/floresnoar\/wp-json\/wp\/v2\/posts"}],"about":[{"href":"https:\/\/portalfloresnoar.com\/floresnoar\/wp-json\/wp\/v2\/types\/post"}],"author":[{"embeddable":true,"href":"https:\/\/portalfloresnoar.com\/floresnoar\/wp-json\/wp\/v2\/users\/1"}],"replies":[{"embeddable":true,"href":"https:\/\/portalfloresnoar.com\/floresnoar\/wp-json\/wp\/v2\/comments?post=14761"}],"version-history":[{"count":0,"href":"https:\/\/portalfloresnoar.com\/floresnoar\/wp-json\/wp\/v2\/posts\/14761\/revisions"}],"wp:featuredmedia":[{"embeddable":true,"href":"https:\/\/portalfloresnoar.com\/floresnoar\/wp-json\/wp\/v2\/media\/14768"}],"wp:attachment":[{"href":"https:\/\/portalfloresnoar.com\/floresnoar\/wp-json\/wp\/v2\/media?parent=14761"}],"wp:term":[{"taxonomy":"category","embeddable":true,"href":"https:\/\/portalfloresnoar.com\/floresnoar\/wp-json\/wp\/v2\/categories?post=14761"},{"taxonomy":"post_tag","embeddable":true,"href":"https:\/\/portalfloresnoar.com\/floresnoar\/wp-json\/wp\/v2\/tags?post=14761"}],"curies":[{"name":"wp","href":"https:\/\/api.w.org\/{rel}","templated":true}]}}