

{"id":14681,"date":"2014-04-02T09:40:06","date_gmt":"2014-04-02T12:40:06","guid":{"rendered":"http:\/\/portalfloresnoar.com\/floresnoar\/?p=14681"},"modified":"2014-09-24T18:12:08","modified_gmt":"2014-09-24T21:12:08","slug":"grupo-de-estudos-introdutorios-em-psicologia-junguiana-partir-de-2504-lumen-novum","status":"publish","type":"post","link":"https:\/\/portalfloresnoar.com\/floresnoar\/grupo-de-estudos-introdutorios-em-psicologia-junguiana-partir-de-2504-lumen-novum\/","title":{"rendered":"Grupo de Estudos Introdut\u00f3rios em Psicologia Junguiana, a partir de 25\/04, no Lumen Novum"},"content":{"rendered":"<p><img decoding=\"async\" loading=\"lazy\" class=\"size-full wp-image-14682 alignleft\" alt=\"jung\" src=\"http:\/\/portalfloresnoar.com\/floresnoar\/wp-content\/uploads\/2014\/04\/jung.jpg\" width=\"250\" height=\"266\" \/>O Lumen Novum promove um novo Grupo de Estudos Introdut\u00f3rio em Psicologia Junguiana, a partir do dia 25 de abril. Os encontros ser\u00e3o quinzenais, sempre nas sextas-feiras,\u00a0das 18h \u00e0s 20h.<\/p>\n<p>O grupo tem como objetivo proporcionar a compreens\u00e3o e a troca de saberes sobre os principais conceitos da Psicologia Anal\u00edtica de Carl Gustav Jung. A teoria ser\u00e1 trabalhada atrav\u00e9s de material bibliogr\u00e1fico, casos cl\u00ednicos e trabalhos expressivos.<\/p>\n<p>O investimento \u00e9 de R$100,00 para estudantes ainda n\u00e3o graduados e R$120,00 para graduados.<\/p>\n<p>Os interessados devem entrar em contato com o Lumen Novum \u00a0e agendar uma entrevista de inscri\u00e7\u00e3o. Ligue e deixe seus dados:\u00a0nome, telefone de contato e email.<\/p>\n<p><strong>Fones:<\/strong>\u00a0(81) 3266-3044\/ ( 81) 9659-6131<\/p>\n<p><strong>Local:<\/strong> Lumen Novum &#8211; N\u00facleo de Psicologia Anal\u00edtica e Arteterapia,\u00a0Rua Comendador Bernardino Costa, 117, Casa Forte, Recife\/PE<\/p>\n<p>&nbsp;<\/p>\n<p>&nbsp;<\/p>\n<p>&nbsp;<\/p>\n<p>&nbsp;<\/p>\n","protected":false},"excerpt":{"rendered":"<p>O Lumen Novum promove um novo Grupo de Estudos Introdut\u00f3rio em Psicologia Junguiana, a partir do dia 25 de abril. Os encontros ser\u00e3o quinzenais, sempre nas sextas-feiras,\u00a0das 18h \u00e0s 20h. O grupo tem como objetivo proporcionar a compreens\u00e3o e a troca de saberes sobre os principais conceitos da Psicologia Anal\u00edtica de Carl Gustav Jung. A [&hellip;]<\/p>\n","protected":false},"author":1,"featured_media":14682,"comment_status":"open","ping_status":"open","sticky":false,"template":"","format":"standard","meta":{"om_disable_all_campaigns":false,"_monsterinsights_skip_tracking":false,"_monsterinsights_sitenote_active":false,"_monsterinsights_sitenote_note":"","_monsterinsights_sitenote_category":0,"footnotes":""},"categories":[8,214],"tags":[60],"acf":[],"publishpress_future_action":{"enabled":false,"date":"1969-12-31 21:00:00","action":"","terms":[],"taxonomy":"","browser_timezone_offset":0},"_links":{"self":[{"href":"https:\/\/portalfloresnoar.com\/floresnoar\/wp-json\/wp\/v2\/posts\/14681"}],"collection":[{"href":"https:\/\/portalfloresnoar.com\/floresnoar\/wp-json\/wp\/v2\/posts"}],"about":[{"href":"https:\/\/portalfloresnoar.com\/floresnoar\/wp-json\/wp\/v2\/types\/post"}],"author":[{"embeddable":true,"href":"https:\/\/portalfloresnoar.com\/floresnoar\/wp-json\/wp\/v2\/users\/1"}],"replies":[{"embeddable":true,"href":"https:\/\/portalfloresnoar.com\/floresnoar\/wp-json\/wp\/v2\/comments?post=14681"}],"version-history":[{"count":0,"href":"https:\/\/portalfloresnoar.com\/floresnoar\/wp-json\/wp\/v2\/posts\/14681\/revisions"}],"wp:featuredmedia":[{"embeddable":true,"href":"https:\/\/portalfloresnoar.com\/floresnoar\/wp-json\/wp\/v2\/media\/14682"}],"wp:attachment":[{"href":"https:\/\/portalfloresnoar.com\/floresnoar\/wp-json\/wp\/v2\/media?parent=14681"}],"wp:term":[{"taxonomy":"category","embeddable":true,"href":"https:\/\/portalfloresnoar.com\/floresnoar\/wp-json\/wp\/v2\/categories?post=14681"},{"taxonomy":"post_tag","embeddable":true,"href":"https:\/\/portalfloresnoar.com\/floresnoar\/wp-json\/wp\/v2\/tags?post=14681"}],"curies":[{"name":"wp","href":"https:\/\/api.w.org\/{rel}","templated":true}]}}