

{"id":1464,"date":"2012-07-03T15:05:21","date_gmt":"2012-07-03T18:05:21","guid":{"rendered":"http:\/\/portalfloresnoar.hospedagemdesites.ws\/floresnoar\/?p=1464"},"modified":"2014-09-24T18:43:08","modified_gmt":"2014-09-24T21:43:08","slug":"marcha-pela-humanizacao-do-parto-dia-5-de-agosto-no-marco-zero","status":"publish","type":"post","link":"https:\/\/portalfloresnoar.com\/floresnoar\/marcha-pela-humanizacao-do-parto-dia-5-de-agosto-no-marco-zero\/","title":{"rendered":"Marcha pela Humaniza\u00e7\u00e3o do Parto, dia 5 de agosto, no Marco Zero"},"content":{"rendered":"<p><img decoding=\"async\" loading=\"lazy\" class=\"alignleft size-full wp-image-1465\" title=\"parto\" src=\"http:\/\/portalfloresnoar.hospedagemdesites.ws\/floresnoar\/wp-content\/uploads\/2012\/07\/parto.jpg\" alt=\"\" width=\"180\" height=\"174\" \/>Movimento contra as Resolu\u00e7\u00f5es 265 e 266\/12 do Conselho Regional de Medicina do Rio de Janeiro (CREMERJ) que vetam a participa\u00e7\u00e3o de doulas, parteiras e obstetrizes em partos hospitalares e a participa\u00e7\u00e3o de m\u00e9dicos em equipes de parto domiciliar planejado.<\/p>\n<p>Convoca\u00e7\u00e3o \u00e0 MARCHA PELA HUMANIZA\u00c7\u00c3O DO PARTO, domingo, 5 de Agosto de 2012, \u00e0s 15h, no Marco Zero<\/p>\n<p>Prezados(as),<\/p>\n<p>\u00c0 favor da Humaniza\u00e7\u00e3o da assist\u00eancia ao parto no Brasil, indignadas com as resolu\u00e7\u00f5es do Cremerj publicadas no dia 17 de julho deste ano de 2012: n\u00ba 265\/12, que visa punir os m\u00e9dicos cariocas que prestarem assist\u00eancia a partos domiciliares e tamb\u00e9m os que fizerem parte de equipes de retaguarda caso a mulher que opte por um parto domiciliar e necessite de remo\u00e7\u00e3o a um hospital. E a resolu\u00e7\u00e3o n\u00ba 266\/12 que pro\u00edbe a participa\u00e7\u00e3o de \u201cdoulas, obstetrizes, parteiras etc\u201d (conforme o texto original) em partos hospitalares.<\/p>\n<p>Essas resolu\u00e7\u00f5es supracitadas, al\u00e9m de ferir o nosso direito de escolha sobre quem nos acompanhar\u00e1 e o local de nascimento de nossos filhos e serem opostas ao que recomenda a OMS, o Minist\u00e9rio da Sa\u00fade e as mais atualizadas evid\u00eancias cient\u00edficas, estamos organizando uma manifesta\u00e7\u00e3o em rep\u00fadio a essas resolu\u00e7\u00f5es, a favor da Humaniza\u00e7\u00e3o do Parto e Nascimento e pela soberania da mulher sobre seus direitos sexuais e reprodutivos.<\/p>\n<p>Convidamos aos cidad\u00e3os e cidad\u00e3s e institui\u00e7\u00f5es a participarem e apoiarem a MARCHA PELA HUMANIZA\u00c7\u00c3O DO PARTO.<\/p>\n<p>A MARCHA PELA HUMANIZA\u00c7\u00c3O DO PARTO acontecer\u00e1 no dia 05\/08\/2012, com concentra\u00e7\u00e3o \u00e0s 15 horas na Pra\u00e7a do Marco Zero.<\/p>\n<p>As bandeiras da MARCHA PELA HUMANIZA\u00c7\u00c3O DO PARTO s\u00e3o:<\/p>\n<p>Que a Mulher tenha o direito de escolher como , com quem e onde deve parir;<\/p>\n<p>Pelo cumprimento da Lei 11.108, de abril de 2005. Que a mulher tenha preservado o direito ao acompanhante que ela desejar na sala de Parto;<\/p>\n<p>Que a mulher possa ter o direito de acompanhamento de uma Doula em seu trabalho de parto e parto;<\/p>\n<p>Que a mulher, sendo gestante de baixo risco, tenha o direito de optar por um parto domiciliar planejado e seguro, com equipe m\u00e9dica em retaguarda caso necessite ou deseje assist\u00eancia hospitalar durante o Trabalho de Parto;<\/p>\n<p>Que a mulher tenha o direito de se movimentar livremente para encontrar as posi\u00e7\u00f5es mais apropriadas e confort\u00e1veis durante seu trabalho de parto e parto;<\/p>\n<p>Que a mulher possa ter acesso a metodos naturais de al\u00edvio de dor durante o trabalho de parto, que consistem em: massagens, banho quente, compressa, etc;<\/p>\n<p>Contra a Viol\u00eancia Obst\u00e9trica e interven\u00e7\u00f5es desnecess\u00e1rias que consistem em: coment\u00e1rios agressivos, direcionamento de puxos, exames de toque, episiotomia, litotomia, etc;<\/p>\n<p>Pela fiscaliza\u00e7\u00e3o das altas taxas de ces\u00e1reas nas maternidades brasileiras e que as a\u00e7\u00f5es cab\u00edveis sejam tomadas no sentido de reduzir essas taxas;<\/p>\n<p>Pela Humaniza\u00e7\u00e3o da Assist\u00eancia aos Rec\u00e9m-Nascidos, contra as interven\u00e7\u00f5es de rotina;<\/p>\n<p>Que a mulher que optar pelo parto domiciliar tenha direito ao acompanhamento pedi\u00e1trico caso deseje ou seja necess\u00e1rio.<\/p>\n<p>Todas as nossas bandeiras s\u00e3o respaldadas por evid\u00eancias cient\u00edficas e recomendadas pela Organiza\u00e7\u00e3o Mundial de Sa\u00fade (OMS), Federa\u00e7\u00e3o Internacional de Ginecologia e Obstetricia (FIGO), Minist\u00e9rio da Sa\u00fade entre outras.<\/p>\n<p>Chegou a hora de darmos um basta \u00e0 mercantiliza\u00e7\u00e3o do parto e nascimento, n\u00e3o somos rebanho, n\u00e3o somos mercadoria, somos Humanos e temos o direito de receber nossos filhos cercados de amor, paz e, primordialmente, RESPEITO!<\/p>\n<p>Contamos com seu apoio, divulga\u00e7\u00e3o e presen\u00e7a!<\/p>\n<p>Maria Antonieta Oliveira<\/p>\n","protected":false},"excerpt":{"rendered":"<p>Movimento contra as Resolu\u00e7\u00f5es 265 e 266\/12 do Conselho Regional de Medicina do Rio de Janeiro (CREMERJ) que vetam a participa\u00e7\u00e3o de doulas, parteiras e obstetrizes em partos hospitalares e a participa\u00e7\u00e3o de m\u00e9dicos em equipes de parto domiciliar planejado. Convoca\u00e7\u00e3o \u00e0 MARCHA PELA HUMANIZA\u00c7\u00c3O DO PARTO, domingo, 5 de Agosto de 2012, \u00e0s 15h, [&hellip;]<\/p>\n","protected":false},"author":1,"featured_media":1466,"comment_status":"open","ping_status":"open","sticky":false,"template":"","format":"standard","meta":{"om_disable_all_campaigns":false,"_monsterinsights_skip_tracking":false,"_monsterinsights_sitenote_active":false,"_monsterinsights_sitenote_note":"","_monsterinsights_sitenote_category":0,"footnotes":""},"categories":[8,214],"tags":[39],"acf":[],"publishpress_future_action":{"enabled":false,"date":"1969-12-31 21:00:00","action":"","terms":[],"taxonomy":"","browser_timezone_offset":0},"_links":{"self":[{"href":"https:\/\/portalfloresnoar.com\/floresnoar\/wp-json\/wp\/v2\/posts\/1464"}],"collection":[{"href":"https:\/\/portalfloresnoar.com\/floresnoar\/wp-json\/wp\/v2\/posts"}],"about":[{"href":"https:\/\/portalfloresnoar.com\/floresnoar\/wp-json\/wp\/v2\/types\/post"}],"author":[{"embeddable":true,"href":"https:\/\/portalfloresnoar.com\/floresnoar\/wp-json\/wp\/v2\/users\/1"}],"replies":[{"embeddable":true,"href":"https:\/\/portalfloresnoar.com\/floresnoar\/wp-json\/wp\/v2\/comments?post=1464"}],"version-history":[{"count":0,"href":"https:\/\/portalfloresnoar.com\/floresnoar\/wp-json\/wp\/v2\/posts\/1464\/revisions"}],"wp:featuredmedia":[{"embeddable":true,"href":"https:\/\/portalfloresnoar.com\/floresnoar\/wp-json\/wp\/v2\/media\/1466"}],"wp:attachment":[{"href":"https:\/\/portalfloresnoar.com\/floresnoar\/wp-json\/wp\/v2\/media?parent=1464"}],"wp:term":[{"taxonomy":"category","embeddable":true,"href":"https:\/\/portalfloresnoar.com\/floresnoar\/wp-json\/wp\/v2\/categories?post=1464"},{"taxonomy":"post_tag","embeddable":true,"href":"https:\/\/portalfloresnoar.com\/floresnoar\/wp-json\/wp\/v2\/tags?post=1464"}],"curies":[{"name":"wp","href":"https:\/\/api.w.org\/{rel}","templated":true}]}}