

{"id":14587,"date":"2014-03-27T10:42:05","date_gmt":"2014-03-27T13:42:05","guid":{"rendered":"http:\/\/portalfloresnoar.com\/floresnoar\/?p=14587"},"modified":"2014-09-24T18:12:08","modified_gmt":"2014-09-24T21:12:08","slug":"aula-aberta-de-danca-ventre-curativa-dias-3-e-4-de-abril-em-boa-viagem","status":"publish","type":"post","link":"https:\/\/portalfloresnoar.com\/floresnoar\/aula-aberta-de-danca-ventre-curativa-dias-3-e-4-de-abril-em-boa-viagem\/","title":{"rendered":"Aula de Dan\u00e7a do Ventre Curativa em Boa Viagem dia 24\/04"},"content":{"rendered":"<div><span style=\"line-height: 1.5em;\"><img decoding=\"async\" loading=\"lazy\" class=\"size-full wp-image-14589 alignleft\" alt=\"dan\u00e7a do ventre recife\" src=\"http:\/\/portalfloresnoar.com\/floresnoar\/wp-content\/uploads\/2014\/03\/dan\u00e7a-do-ventre-recife.jpg\" width=\"182\" height=\"241\" \/><\/span><\/div>\n<div>Na pr\u00f3xima quinta-feira (24\/04), das \u00a010h30 \u00e0s 12h30, \u00a0a<span style=\"line-height: 1.5em;\">\u00a0terapeuta corporal e\u00a0dan\u00e7arina \u00a0Josie Duarte realiza uma aula aberta de Dan\u00e7ado Ventre Curativa,\u00a0na Cl\u00ednica Physio Corpus,\u00a0em Boa Viagem. \u00a0Interessadas em participar devem colaborar com uma taxa de R$ 20,00. O principal objetivo do trabalho \u00e9 o autoconhecimento e a reorganiza\u00e7\u00e3o emocional a partir da dan\u00e7a.\u00a0<\/span><\/div>\n<div><\/div>\n<div>CURSO<\/div>\n<div><span style=\"line-height: 1.5em;\">O curso de Dan\u00e7a do Ventre Curativa tem dura\u00e7\u00e3o de nove meses, divididos\u00a0em tr\u00eas trimestres, com aulas semanais de duas horas cada encontro, com foco na cura e bem-estar das mulheres. Est\u00e1 sendo aberta \u00a0uma nova turma nas quintas-feiras, das 10h30 \u00e0s 12h30. O valor do curso \u00e9 \u00a0de R$140,00 mensal.<\/span><\/div>\n<p>Nos encontros s\u00e3o trabalhados o contato consigo mesma, a\u00a0partir de viv\u00eancias terap\u00eauticas com a &#8216;Dan\u00e7a do Seu\u00a0Ventre&#8217;, integrando o corpo f\u00edsico, mental, emocional e espiritual.<\/p>\n<p><strong>\u00a0Programa<\/strong><br \/>\n<strong>1\u00ba Trimestre:\u00a0<span style=\"text-decoration: underline;\">PERCEP\u00c7\u00c3O, CONTATO E PRESEN\u00c7A<\/span><\/strong><br \/>\nComo me reconhe\u00e7o atrav\u00e9s do corpo e do que penso? S\u00e3o 12 encontros com viv\u00eancias que estruturam ferramentas que abrem a consci\u00eancia de onde estamos Agora. Percep\u00e7\u00e3o e sensibilidade nos encontram atrav\u00e9s de propostas terap\u00eauticas com a dan\u00e7a na compreens\u00e3o do movimento e de uma estrutura a respeito do Feminino. Todo fluxo e o conhecimento de decis\u00f5es e novas decis\u00f5es que escolhemos contra ou a favor de nossa natureza Feminina. Profundidade, leveza, entrega dan\u00e7am decis\u00f5es ao nosso melhor quando geramos espa\u00e7os em n\u00f3s mesmas.<\/p>\n<div><strong>2\u00ba Trimestre:\u00a0<span style=\"text-decoration: underline;\">ANCESTRALIDADE<\/span><\/strong><\/div>\n<p>Meu ventre Dan\u00e7a e ensina a sinceridade das escolhas.\u00a012 viv\u00eancias onde encontramos dentro das tradi\u00e7\u00f5es e\u00a0culturas que envolvem essa dan\u00e7a, um olhar que\u00a0reconhece movimento herdados, simbolismos e sentido.\u00a0Dan\u00e7a dos v\u00e9us, espada, pandeiro, punhal, candelabro, ta\u00e7as.<\/p>\n<p>Trimestre de contato com as dan\u00e7as folcl\u00f3ricas, os ritmos,\u00a0os elementos dessa arte milenar unida \u00e0 natureza do corpo,\u00a0e possibilitando formas de cuidar tamb\u00e9m de nossas\u00a0atitudes na cura do sagrado movimento em nos\u00a0relacionar com o mundo e o outro<\/p>\n<div><strong>3\u00ba Trimestre: \u00a0<\/strong><span style=\"text-decoration: underline;\"><span style=\"text-decoration: underline;\"><strong>Harmonizo e Encontro. A Dan\u00e7a Sagrada de meu Ventre<\/strong><br \/>\n<\/span><\/span>Mais 12 possibilidades para harmonizar todo o conhecimento\u00a0recordado. A t\u00e9cnica e a forma que tecem sua dan\u00e7a no contato e na\u00a0comunica\u00e7\u00e3o clara entre o corpo e a inten\u00e7\u00e3o que direcionamos.\u00a0O sentido que dou ao meu templo quando dan\u00e7o \u00e9 claro?\u00a0A constru\u00e7\u00e3o da clareza em comunicar como sou.\u00a0A curativa for\u00e7a de entender o tempo que dan\u00e7a minha vida, minhas emo\u00e7\u00f5es, une a todos os ventres.<\/div>\n<div><\/div>\n<div><strong>Local: Physio Corpus<\/strong>: Edif\u00edcio\u00a0Cristal Trade Center (Rua Coronel An\u00edzio Rodrigues Coelho, 464\u00a0sobreloja) Ponto de refer\u00eancia: na rua da Padaria Delicadessen<\/div>\n<div><strong>Telefone:<\/strong> (81) 3038-1522<\/div>\n<div><\/div>\n<div><img decoding=\"async\" loading=\"lazy\" class=\"aligncenter size-full wp-image-14588\" alt=\"dan\u00e7a ventre boa viagem\" src=\"http:\/\/portalfloresnoar.com\/floresnoar\/wp-content\/uploads\/2014\/03\/dan\u00e7a-ventre-boa-viagem.jpg\" width=\"666\" height=\"970\" srcset=\"https:\/\/portalfloresnoar.com\/floresnoar\/wp-content\/uploads\/2014\/03\/dan\u00e7a-ventre-boa-viagem.jpg 666w, https:\/\/portalfloresnoar.com\/floresnoar\/wp-content\/uploads\/2014\/03\/dan\u00e7a-ventre-boa-viagem-205x300.jpg 205w\" sizes=\"(max-width: 666px) 100vw, 666px\" \/><\/div>\n","protected":false},"excerpt":{"rendered":"<p>Na pr\u00f3xima quinta-feira (24\/04), das \u00a010h30 \u00e0s 12h30, \u00a0a\u00a0terapeuta corporal e\u00a0dan\u00e7arina \u00a0Josie Duarte realiza uma aula aberta de Dan\u00e7ado Ventre Curativa,\u00a0na Cl\u00ednica Physio Corpus,\u00a0em Boa Viagem. \u00a0Interessadas em participar devem colaborar com uma taxa de R$ 20,00. O principal objetivo do trabalho \u00e9 o autoconhecimento e a reorganiza\u00e7\u00e3o emocional a partir da dan\u00e7a.\u00a0 CURSO O [&hellip;]<\/p>\n","protected":false},"author":1,"featured_media":14589,"comment_status":"open","ping_status":"open","sticky":false,"template":"","format":"standard","meta":{"om_disable_all_campaigns":false,"_monsterinsights_skip_tracking":false,"_monsterinsights_sitenote_active":false,"_monsterinsights_sitenote_note":"","_monsterinsights_sitenote_category":0,"footnotes":""},"categories":[8,214],"tags":[],"acf":[],"publishpress_future_action":{"enabled":false,"date":"1969-12-31 21:00:00","action":"","terms":[],"taxonomy":"","browser_timezone_offset":0},"_links":{"self":[{"href":"https:\/\/portalfloresnoar.com\/floresnoar\/wp-json\/wp\/v2\/posts\/14587"}],"collection":[{"href":"https:\/\/portalfloresnoar.com\/floresnoar\/wp-json\/wp\/v2\/posts"}],"about":[{"href":"https:\/\/portalfloresnoar.com\/floresnoar\/wp-json\/wp\/v2\/types\/post"}],"author":[{"embeddable":true,"href":"https:\/\/portalfloresnoar.com\/floresnoar\/wp-json\/wp\/v2\/users\/1"}],"replies":[{"embeddable":true,"href":"https:\/\/portalfloresnoar.com\/floresnoar\/wp-json\/wp\/v2\/comments?post=14587"}],"version-history":[{"count":0,"href":"https:\/\/portalfloresnoar.com\/floresnoar\/wp-json\/wp\/v2\/posts\/14587\/revisions"}],"wp:featuredmedia":[{"embeddable":true,"href":"https:\/\/portalfloresnoar.com\/floresnoar\/wp-json\/wp\/v2\/media\/14589"}],"wp:attachment":[{"href":"https:\/\/portalfloresnoar.com\/floresnoar\/wp-json\/wp\/v2\/media?parent=14587"}],"wp:term":[{"taxonomy":"category","embeddable":true,"href":"https:\/\/portalfloresnoar.com\/floresnoar\/wp-json\/wp\/v2\/categories?post=14587"},{"taxonomy":"post_tag","embeddable":true,"href":"https:\/\/portalfloresnoar.com\/floresnoar\/wp-json\/wp\/v2\/tags?post=14587"}],"curies":[{"name":"wp","href":"https:\/\/api.w.org\/{rel}","templated":true}]}}