

{"id":1430,"date":"2012-09-22T07:00:21","date_gmt":"2012-09-22T10:00:21","guid":{"rendered":"http:\/\/portalfloresnoar.hospedagemdesites.ws\/floresnoar\/?p=1430"},"modified":"2014-09-24T18:39:32","modified_gmt":"2014-09-24T21:39:32","slug":"curso-de-florais-de-bach-modulo-i-dias-8-e-9-de-setembro-na-clinica-luz-azul-nas-gracas","status":"publish","type":"post","link":"https:\/\/portalfloresnoar.com\/floresnoar\/curso-de-florais-de-bach-modulo-i-dias-8-e-9-de-setembro-na-clinica-luz-azul-nas-gracas\/","title":{"rendered":"Curso de Florais de Bach, dias 3 e 4 de novembro, na Cl\u00ednica Luz Azul, nas Gra\u00e7as"},"content":{"rendered":"<p style=\"text-align: center;\"><img decoding=\"async\" loading=\"lazy\" class=\"aligncenter  wp-image-3470\" title=\"florais\" src=\"http:\/\/portalfloresnoar.hospedagemdesites.ws\/floresnoar\/wp-content\/uploads\/2012\/10\/florais.jpg\" alt=\"\" width=\"679\" height=\"452\" srcset=\"https:\/\/portalfloresnoar.com\/floresnoar\/wp-content\/uploads\/2012\/10\/florais.jpg 849w, https:\/\/portalfloresnoar.com\/floresnoar\/wp-content\/uploads\/2012\/10\/florais-300x199.jpg 300w, https:\/\/portalfloresnoar.com\/floresnoar\/wp-content\/uploads\/2012\/10\/florais-150x99.jpg 150w, https:\/\/portalfloresnoar.com\/floresnoar\/wp-content\/uploads\/2012\/10\/florais-400x266.jpg 400w\" sizes=\"(max-width: 679px) 100vw, 679px\" \/><\/p>\n<p>&nbsp;<\/p>\n<p>A terapeuta Flaviana de C\u00e1ssia Salom\u00e3o estar\u00e1 no Recife nos dias 3 e 4 de novembro facilitando o I m\u00f3dulo do Curso de Florais de Bach. O encontro ser\u00e1 na Cl\u00ednica Luz Azul, nas Gra\u00e7as, das 9h \u00e0s 18h. O investimento para participar \u00e9 de R$ 450,00. Inscri\u00e7\u00f5es e informa\u00e7\u00f5es: (81) 4101-6310, 8729-6385 e 9702-7654.<\/p>\n<p>Os Florais de Bach \u00e9 um m\u00e9todo terap\u00eautico criado pelo m\u00e9dico ingl\u00eas Edward Bach, na d\u00e9cada de 1930. A ideia principal da Filosofia do Dr. Bach baseia-se na seguinte premissa: \u201c\u00c9 necess\u00e1rio tratar o paciente e n\u00e3o a doen\u00e7a.\u201d O m\u00e9todo \u00e9 composto de 38 ess\u00eancias extra\u00eddas de flores silvestres, al\u00e9m de uma composi\u00e7\u00e3o chamada Rescue Remedy, utilizada para situa\u00e7\u00f5es emergenciais. Os Florais de Bach t\u00eam sido usados nos \u00faltimos 80 anos mundialmente como terapia complementar, atuando na harmoniza\u00e7\u00e3o das emo\u00e7\u00f5es e equil\u00edbrio do ser.<\/p>\n<p>A Terapia Floral \u00e9 definida pelo Governo Federal como Atividades de Pr\u00e1ticas Integrativas e Complementares em Sa\u00fade Humana, Servi\u00e7os de Floral, e a profiss\u00e3o recebeu o c\u00f3digo 8690-9\/01 da Comiss\u00e3o Nacional de Classifica\u00e7\u00e3o (CONCLA), formada por 17 Minist\u00e9rios Federais.<\/p>\n<p>No primeiro m\u00f3dulo do curso, os participantes aprender\u00e3o a se auto avaliar , descobrir as causas de desconfortos e escolher as ess\u00eancias que podem lev\u00e1-lo \u00e0 pr\u00f3pria cura. Ser\u00e3o abordadas a Filosofia e a Hist\u00f3ria do Dr. Edward Bach e seu sistema de cura; cada uma das flores descobertas pelo Dr. Bach e os principais aspectos das Ess\u00eancias Florais. Os participantes tamb\u00e9m ser\u00e3o orientados quanto \u00e0 prepara\u00e7\u00e3o e utiliza\u00e7\u00e3o dos Florais no dia-a-dia. A Forma\u00e7\u00e3o completa se d\u00e1 em 3 m\u00f3dulos.<br \/>\nFlaviana de C\u00e1ssia Salom\u00e3o e Ara\u00fajo reside em Bras\u00edlia- DF, e atua como Terapeuta Floral h\u00e1 mais de dez anos. \u00c9 Graduada em Psicologia e especializada em Psicologia Anal\u00edtica de base Junguiana. Fez sua forma\u00e7\u00e3o em Florais de Bach pelo Instituto Bach (SP, Brasil), representante legal do Bach Centre (Inglaterra).\u00c9 a criadora do Curso de Autoconhecimento com os Florais de Bach, \u00e9 s\u00f3cio fundadora e vice-presidente da Associa\u00e7\u00e3o dos Terapeutas Florais, ASTEFLOR. Participou ativamente do I Encontro Internacional de Florais de Bach Originais (2002).<\/p>\n<p>Confira entrevista com Flaviana <a href=\"http:\/\/portalfloresnoar.hospedagemdesites.ws\/floresnoar\/a-terapeuta-floral-flaviana-de-cassia-em-entrevista-ao-flores-no-ar-fala-do-seu-encontro-com-os-florais-de-bach-e-do-crescimento-das-terapias-integrativas-no-brasil\/\">aqui<\/a>!<\/p>\n<p>SERVI\u00c7O<br \/>\nCURSO DE FLORAIS DE BACH<br \/>\nFacilitadora: Flaviana de C\u00e1ssia Salom\u00e3o e Ara\u00fajo<br \/>\nLocal: Cl\u00ednica Luz Azul<br \/>\nData: 3 e 4 de novembro<br \/>\nHora: 9h \u00e0s 18h<br \/>\nVALOR: R$ 450,00 \u00e0 vista ( neste valor j\u00e1 est\u00e1 incluso o manual do m\u00f3dulo I, certifica\u00e7\u00e3o e ess\u00eancia floral correspondente ao seu momento)<\/p>\n<p>Contatos: (81) 4101-6310, 8729-6385 e 9702-7654<br \/>\nE-mail: nelsonmatheus.luzazul@gmail.com<\/p>\n<p>WEB SITE:<br \/>\nwww.luzazul.blog.br<br \/>\nwww.centroreiki.com.br<\/p>\n","protected":false},"excerpt":{"rendered":"<p>&nbsp; A terapeuta Flaviana de C\u00e1ssia Salom\u00e3o estar\u00e1 no Recife nos dias 3 e 4 de novembro facilitando o I m\u00f3dulo do Curso de Florais de Bach. O encontro ser\u00e1 na Cl\u00ednica Luz Azul, nas Gra\u00e7as, das 9h \u00e0s 18h. O investimento para participar \u00e9 de R$ 450,00. Inscri\u00e7\u00f5es e informa\u00e7\u00f5es: (81) 4101-6310, 8729-6385 e [&hellip;]<\/p>\n","protected":false},"author":1,"featured_media":3327,"comment_status":"open","ping_status":"open","sticky":false,"template":"","format":"standard","meta":{"om_disable_all_campaigns":false,"_monsterinsights_skip_tracking":false,"_monsterinsights_sitenote_active":false,"_monsterinsights_sitenote_note":"","_monsterinsights_sitenote_category":0,"footnotes":""},"categories":[8,214],"tags":[70],"acf":[],"publishpress_future_action":{"enabled":false,"date":"1969-12-31 21:00:00","action":"","terms":[],"taxonomy":"","browser_timezone_offset":0},"_links":{"self":[{"href":"https:\/\/portalfloresnoar.com\/floresnoar\/wp-json\/wp\/v2\/posts\/1430"}],"collection":[{"href":"https:\/\/portalfloresnoar.com\/floresnoar\/wp-json\/wp\/v2\/posts"}],"about":[{"href":"https:\/\/portalfloresnoar.com\/floresnoar\/wp-json\/wp\/v2\/types\/post"}],"author":[{"embeddable":true,"href":"https:\/\/portalfloresnoar.com\/floresnoar\/wp-json\/wp\/v2\/users\/1"}],"replies":[{"embeddable":true,"href":"https:\/\/portalfloresnoar.com\/floresnoar\/wp-json\/wp\/v2\/comments?post=1430"}],"version-history":[{"count":0,"href":"https:\/\/portalfloresnoar.com\/floresnoar\/wp-json\/wp\/v2\/posts\/1430\/revisions"}],"wp:featuredmedia":[{"embeddable":true,"href":"https:\/\/portalfloresnoar.com\/floresnoar\/wp-json\/wp\/v2\/media\/3327"}],"wp:attachment":[{"href":"https:\/\/portalfloresnoar.com\/floresnoar\/wp-json\/wp\/v2\/media?parent=1430"}],"wp:term":[{"taxonomy":"category","embeddable":true,"href":"https:\/\/portalfloresnoar.com\/floresnoar\/wp-json\/wp\/v2\/categories?post=1430"},{"taxonomy":"post_tag","embeddable":true,"href":"https:\/\/portalfloresnoar.com\/floresnoar\/wp-json\/wp\/v2\/tags?post=1430"}],"curies":[{"name":"wp","href":"https:\/\/api.w.org\/{rel}","templated":true}]}}