

{"id":14280,"date":"2014-01-18T13:42:26","date_gmt":"2014-01-18T16:42:26","guid":{"rendered":"http:\/\/portalfloresnoar.com\/floresnoar\/?p=14280"},"modified":"2014-09-24T18:13:47","modified_gmt":"2014-09-24T21:13:47","slug":"duas-companhias-estreia-a-dona-da-historia-no-teatro-apolo","status":"publish","type":"post","link":"https:\/\/portalfloresnoar.com\/floresnoar\/duas-companhias-estreia-a-dona-da-historia-no-teatro-apolo\/","title":{"rendered":"Pe\u00e7a &#8216;A Dona da Hist\u00f3ria&#8217; em cartaz de quinta a domingo no Teatro Apolo"},"content":{"rendered":"<p style=\"text-align: center;\"><img decoding=\"async\" loading=\"lazy\" class=\"aligncenter  wp-image-14281\" alt=\"a dona da hist\u00f3ria\" src=\"http:\/\/portalfloresnoar.com\/floresnoar\/wp-content\/uploads\/2014\/03\/a-dona-da-hist\u00f3ria.jpg\" width=\"768\" height=\"287\" srcset=\"https:\/\/portalfloresnoar.com\/floresnoar\/wp-content\/uploads\/2014\/03\/a-dona-da-hist\u00f3ria.jpg 960w, https:\/\/portalfloresnoar.com\/floresnoar\/wp-content\/uploads\/2014\/03\/a-dona-da-hist\u00f3ria-300x112.jpg 300w\" sizes=\"(max-width: 768px) 100vw, 768px\" \/><br \/>\n<em><strong>A temporada do espet\u00e1culo, que fica em cartaz at\u00e9 o final deste m\u00eas de mar\u00e7o, celebra o anivers\u00e1rio de uma d\u00e9cada de trabalho e encantamento compartilhados pela companhia teatral com o p\u00fablico de Pernambuco, do Brasil e do mundo. A dire\u00e7\u00e3o \u00e9 da ex-bailarina e core\u00f3grafa Duda Maia, fazendo dos movimentos das atrizes um dos pontos fortes da dramaturgia.<\/strong><\/em><\/p>\n<p>O grupo teatral Duas Companhias celebra o seu ano 10 com a montagem de A Dona da Hist\u00f3ria. O texto de Jo\u00e3o Falc\u00e3o, diretor, roteirista, dramaturgo e compositor pernambucano, se desenrola quando uma mulher resolve conversar com seu passado e \u00e0s vezes propositadamente, \u00e0s vezes surpreendida por ela mesma, vai reinventando sua caminhada. \u201cUm dia eu tinha 20 anos e tudo o que queria era viver uma hist\u00f3ria&#8230;. eu queria um dia ter uma hist\u00f3ria pra contar&#8230;\u201d Realismo fant\u00e1stico compartilhando vidas&#8230; \u00c9 dif\u00edcil n\u00e3o se identificar com as viagens entre o passado, o presente e o futuro nessa reescritura constante que todos arriscamos em nossos passos di\u00e1rios. Com dire\u00e7\u00e3o de Duda Maia, parceira de Jo\u00e3o Falc\u00e3o no teatro por 12 anos e que h\u00e1 mais de 20 anos vive no Rio de Janeiro &#8211; mas que tamb\u00e9m tem ra\u00edzes pernambucanas: os pais s\u00e3o daqui e a m\u00e3e ainda mora em Pernambuco, a estreia ser\u00e1 agora em mar\u00e7o, dia 13, quinta, no Teatro Apolo. O espet\u00e1culo tem incentivo do FUNCULTURA e ficar\u00e1 em cartaz de quinta a domingo, sempre \u00e0s 20h, at\u00e9 o final do m\u00eas. Nos dias 15 e 16 de mar\u00e7o, em parceria com a VouVer Acessibilidade, haver\u00e1 tradu\u00e7\u00e3o em LIBRAS e \u00e1udio-descri\u00e7\u00e3o. Em cena estar\u00e3o as atrizes L\u00edvia Falc\u00e3o e Olga Ferr\u00e1rio.<\/p>\n<p>Duda Maia, que por causa da pe\u00e7a est\u00e1 morando temporariamente outra vez no Recife, promete muita dan\u00e7a no palco, uma novidade que est\u00e1 literalmente mexendo com as atrizes. A diretora \u00e9 formada pela Escola de Dan\u00e7a Angel Vianna (RJ), ex-bailarina da Lia Rodrigues Companhia de Dan\u00e7a e desde 1996 desenvolve trabalhos de prepara\u00e7\u00e3o corporal e dire\u00e7\u00e3o de movimento para teatro, al\u00e9m de dire\u00e7\u00e3o e codire\u00e7\u00e3o de espet\u00e1culos, ao lado de nomes como o pr\u00f3prio Jo\u00e3o Falc\u00e3o e Lucio Mauro Filho. O convite para que Duda assumisse a dire\u00e7\u00e3o de A Dona da Hist\u00f3ria veio depois da experi\u00eancia vivida em 2012, quando junto com a Duas Companhias ela trabalhou a dire\u00e7\u00e3o da leitura do mesmo texto no Centro Cultural Correios, durante a temporada do projeto Que Maravilha! Ciclo de Leituras do Teatro Pernambucano.<br \/>\n\u201cEu come\u00e7o sempre pelo movimento. Come\u00e7o a marcar o espa\u00e7o, o deslocamento dos corpos, a composi\u00e7\u00e3o com o vestido que ficou como uma extens\u00e3o do corpo delas. Tudo antes da fala\u201d, revela a core\u00f3grafa. N\u00e3o haver\u00e1 cen\u00e1rio. A luz de Luciana Raposo, a m\u00fasica de Beto Lemos e os corpos de L\u00edvia Falc\u00e3o e Olga Ferr\u00e1rio \u00e9 que v\u00e3o dialogando com o texto no desenho do espa\u00e7o c\u00eanico, criando delicadezas que fecundam a imagina\u00e7\u00e3o. O figurino, assinado por Fabiana Pirro, \u00e9 outro elemento que se torna vital na encena\u00e7\u00e3o proposta por Duda Maia. Do in\u00edcio ao fim do espet\u00e1culo, os vestidos comp\u00f5em, juntos ou separados, uma multiplicidade de seres e objetos; se transformam em flores, em rua, em outras pessoas, em cigarro ou em peda\u00e7o de pau jogado numa marcante brincadeira para o cachorro Rex da inf\u00e2ncia&#8230; ou seria Fox o nome do bichinho???<\/p>\n<p>A Dona da Hist\u00f3ria \u00e9 uma brincadeira com o tempo, uma mulher que \u00e9 a mesma e \u00e9 outra, uma mulher de 20 repleta de presente e futuro na constru\u00e7\u00e3o de um novo passado e outra, que \u00e9 a mesma, de 50, repleta de presente e passado, na esperan\u00e7a de vivenciar um novo futuro. Ou seria o contr\u00e1rio? Futuro e passado se encontram no presente-presen\u00e7a de corpos que trazem em si todos os tempos do mundo&#8230; E muitas vozes.<\/p>\n<p>Livia Falc\u00e3o e Olga Ferr\u00e1rio, m\u00e3e e filha na vida real, encarnam na cena, respectivamente, a mais velha e a mais jovem, num texto bem-humorado que nos leva a uma reflex\u00e3o sobre o tempo e seus contratempos. \u201cEu tenho muita saudade dos textos de Jo\u00e3o, porque marcaram muito o in\u00edcio da minha carreira. Depois do projeto Que Maravilha! eu fiquei pensando que seria lindo trazer e montar A Dona da Hist\u00f3ria aqui e com Olga ent\u00e3o! Eu j\u00e1 havia dirigido Olga, mas at\u00e9 a leitura desse texto, que aconteceu em 2012, nunca contracenamos antes. Agora estamos juntas no espet\u00e1culo. Quando olho para ela eu realmente me vejo mais nova. \u00c9 muito bom!\u201d, diz L\u00edvia Falc\u00e3o.<\/p>\n<p>Para a realiza\u00e7\u00e3o de toda a prepara\u00e7\u00e3o e ensaios at\u00e9 a estreia a equipe conta com o apoio da Folha de Pernambuco, Rede Globo Nordeste, S\u00e1dhana N\u00facleo Cultural de Yoga, Bistr\u00f4 Bonfim, Cl\u00ednica UP, Gr\u00e1fica do Parque, Muzak, Revista Continente, O Vegetariano, Parraxax\u00e1, Espa\u00e7o 560, Centro Apolo Hermilo, e Vouver Acessibilidade.<\/p>\n<p><strong>Duas Companhias &#8211;<\/strong> A Duas Companhias \u00e9 uma das maiores refer\u00eancias do teatro pernambucano. Gestada e criada pelas atrizes L\u00edvia Falc\u00e3o e Fabiana Pirro, hoje agrega mais de 30 pessoas entre artistas, parceiros e t\u00e9cnicos. O nascimento da Duas Companhias, em 2003, partiu da vontade que L\u00edvia e Fabiana compartilhavam de falar do seu lugar de origem, investigar sua cultura, mergulhar nas suas ra\u00edzes. De 2004 a 2010, elas realizaram as montagens de Caetana, com texto e dire\u00e7\u00e3o de Moncho Rodriguez (espet\u00e1culo visto por mais de 100 mil espectadores no Brasil e na Europa e que permanece em cartaz at\u00e9 hoje), e A \u00c1rvore de J\u00falia, com dire\u00e7\u00e3o de L\u00edvia Falc\u00e3o; lan\u00e7aram o livro \u201cUma hist\u00f3ria do teatro pernambucano daqui pr&#8217;ali e de l\u00e1 pra c\u00e1\u201d e o document\u00e1rio \u201cCaetana o Filme\u201d; produziram oficinas e ciclos de leituras dramatizadas; e viajaram pelo Brasil e pela Europa com o repert\u00f3rio da Companhia. Em 2011, com o elenco e o time de produ\u00e7\u00e3o refor\u00e7ados, a Duas Companhias realizou o pioneiro projeto \u201cForma\u00e7\u00e3o de Mulheres Palha\u00e7as em PE\u201d e o \u201cQue Com\u00e9dia! Ciclo de Leituras da Commedia Dell&#8217;Arte\u201d e estreou mais um espet\u00e1culo, Divinas. Em 2012, a companhia comemorou oito anos de vida e trabalho com Caetana e Divinas na estrada, e o nascimento do musical Caxuxa com o elenco jovem da trupe. Em 2013 Caetana e Divinas seguiram viagem, circulando por mais de 50 cidades no Projeto Palco Girat\u00f3rio, do SESC.<\/p>\n<p><strong>Servi\u00e7o:<\/strong><\/p>\n<p><em><strong>A Dona da Hist\u00f3ria<\/strong><\/em><br \/>\nNo Teatro Apolo<br \/>\nDe quinta a domingo, de 13 a 30 de mar\u00e7o<br \/>\nDias 15 e 16 \u2013 com tradu\u00e7\u00e3o em libras e \u00e1udio-descri\u00e7\u00e3o<br \/>\nHor\u00e1rio: 20h<\/p>\n<p>Ingressos:<br \/>\nQuintas \u2013 R$ 8,00 (pre\u00e7o promocional para todo o p\u00fablico)<br \/>\nSexta a Domingo \u2013 R$ 20,00 (inteira) e R$ 10,00 (meia)<\/p>\n","protected":false},"excerpt":{"rendered":"<p>A temporada do espet\u00e1culo, que fica em cartaz at\u00e9 o final deste m\u00eas de mar\u00e7o, celebra o anivers\u00e1rio de uma d\u00e9cada de trabalho e encantamento compartilhados pela companhia teatral com o p\u00fablico de Pernambuco, do Brasil e do mundo. A dire\u00e7\u00e3o \u00e9 da ex-bailarina e core\u00f3grafa Duda Maia, fazendo dos movimentos das atrizes um dos [&hellip;]<\/p>\n","protected":false},"author":1,"featured_media":14373,"comment_status":"open","ping_status":"open","sticky":false,"template":"","format":"standard","meta":{"om_disable_all_campaigns":false,"_monsterinsights_skip_tracking":false,"_monsterinsights_sitenote_active":false,"_monsterinsights_sitenote_note":"","_monsterinsights_sitenote_category":0,"footnotes":""},"categories":[8,214],"tags":[],"acf":[],"publishpress_future_action":{"enabled":false,"date":"1969-12-31 21:00:00","action":"","terms":[],"taxonomy":"","browser_timezone_offset":0},"_links":{"self":[{"href":"https:\/\/portalfloresnoar.com\/floresnoar\/wp-json\/wp\/v2\/posts\/14280"}],"collection":[{"href":"https:\/\/portalfloresnoar.com\/floresnoar\/wp-json\/wp\/v2\/posts"}],"about":[{"href":"https:\/\/portalfloresnoar.com\/floresnoar\/wp-json\/wp\/v2\/types\/post"}],"author":[{"embeddable":true,"href":"https:\/\/portalfloresnoar.com\/floresnoar\/wp-json\/wp\/v2\/users\/1"}],"replies":[{"embeddable":true,"href":"https:\/\/portalfloresnoar.com\/floresnoar\/wp-json\/wp\/v2\/comments?post=14280"}],"version-history":[{"count":0,"href":"https:\/\/portalfloresnoar.com\/floresnoar\/wp-json\/wp\/v2\/posts\/14280\/revisions"}],"wp:featuredmedia":[{"embeddable":true,"href":"https:\/\/portalfloresnoar.com\/floresnoar\/wp-json\/wp\/v2\/media\/14373"}],"wp:attachment":[{"href":"https:\/\/portalfloresnoar.com\/floresnoar\/wp-json\/wp\/v2\/media?parent=14280"}],"wp:term":[{"taxonomy":"category","embeddable":true,"href":"https:\/\/portalfloresnoar.com\/floresnoar\/wp-json\/wp\/v2\/categories?post=14280"},{"taxonomy":"post_tag","embeddable":true,"href":"https:\/\/portalfloresnoar.com\/floresnoar\/wp-json\/wp\/v2\/tags?post=14280"}],"curies":[{"name":"wp","href":"https:\/\/api.w.org\/{rel}","templated":true}]}}