

{"id":14275,"date":"2014-01-11T13:21:12","date_gmt":"2014-01-11T16:21:12","guid":{"rendered":"http:\/\/portalfloresnoar.com\/floresnoar\/?p=14275"},"modified":"2014-09-24T18:13:47","modified_gmt":"2014-09-24T21:13:47","slug":"curso-de-ayurveda-no-espaco-terapeutico-lis-dias-22-e-23-de-marco","status":"publish","type":"post","link":"https:\/\/portalfloresnoar.com\/floresnoar\/curso-de-ayurveda-no-espaco-terapeutico-lis-dias-22-e-23-de-marco\/","title":{"rendered":"Curso de Ayurveda no Espa\u00e7o Terap\u00eautico Lis dias 22 e 23 de mar\u00e7o"},"content":{"rendered":"<p><img decoding=\"async\" loading=\"lazy\" class=\"aligncenter size-full wp-image-14276\" alt=\"ayurveda lis\" src=\"http:\/\/portalfloresnoar.com\/floresnoar\/wp-content\/uploads\/2014\/03\/ayurveda-lis.jpg\" width=\"502\" height=\"754\" srcset=\"https:\/\/portalfloresnoar.com\/floresnoar\/wp-content\/uploads\/2014\/03\/ayurveda-lis.jpg 502w, https:\/\/portalfloresnoar.com\/floresnoar\/wp-content\/uploads\/2014\/03\/ayurveda-lis-199x300.jpg 199w\" sizes=\"(max-width: 502px) 100vw, 502px\" \/><br \/>\nO Espa\u00e7o Terap\u00eautico Lis promove o primeiro m\u00f3dulo do Curso de Ayurveda, dias \u00a022 e 23 de mar\u00e7o\/2014.<\/p>\n<p><strong>Hor\u00e1rio:<\/strong><br \/>\nDia 22 (s\u00e1bado) &#8211; das 9h30 \u00e0s18h30<br \/>\nDia 23 (domingo) &#8211; das 10h \u00e0s 17h<\/p>\n<p><strong>Investimento:<\/strong> R$ 260,00 o m\u00f3dulo (incluso certificado e material did\u00e1tico de apoio)<\/p>\n<p>A AYURVEDA \u00e9 a medicina tradicional e milenar da \u00cdndia que tem como miss\u00e3o proporcionar uma sa\u00fade corporal, mental e emocional equilibrada atrav\u00e9s de suas diversas t\u00e9cnicas de cuidado. Al\u00e9m de tratar doen\u00e7as e desconfortos a AYURVEDA propicia a quem faz seu tratamento uma vida mais saud\u00e1vel.<\/p>\n<p><strong>Objetivos do curso:<\/strong><br \/>\n1. Ensinar aos participantes como cuidar de si mesmo atrav\u00e9s dos ensinamentos da Ayurveda com suas diversas t\u00e9cnicas: medita\u00e7\u00e3o, nutri\u00e7\u00e3o, banhos e massagens.<br \/>\n2. Ensinar aos participantes como cuidar e tratar seus pacientes com a Medicina tradicional Indiana \u2013 AYURVEDA<\/p>\n<p><strong>Facilita\u00e7\u00e3o:<\/strong><br \/>\nSCHEILA GOMES &#8211; \u00a0formada em Medicina Ayurveda pelo JIVA Institute &#8211; Faribadab\/ \u00cdndia, Scheila Gomes \u00e9 terapeuta Sist\u00eamica (abordagem corporal, constela\u00e7\u00e3o sist\u00eamica, arte em terapia, tarot terap\u00eautico e terapia veda), especialista em Terapia de Casal e Fam\u00edlia, terapeuta Floral e Acupunturista Microssistema com Cristais Radi\u00f4nicos.<\/p>\n<p><strong>Informa\u00e7\u00f5es e inscri\u00e7\u00f5es:<\/strong><br \/>\nEspa\u00e7o Terap\u00eautico Lis \u2013 Rua Visconde de Ouro Preto 106 \u2013 Casa Forte, Recife\/PE<br \/>\nFone: (81) 3127.3531<\/p>\n","protected":false},"excerpt":{"rendered":"<p>O Espa\u00e7o Terap\u00eautico Lis promove o primeiro m\u00f3dulo do Curso de Ayurveda, dias \u00a022 e 23 de mar\u00e7o\/2014. Hor\u00e1rio: Dia 22 (s\u00e1bado) &#8211; das 9h30 \u00e0s18h30 Dia 23 (domingo) &#8211; das 10h \u00e0s 17h Investimento: R$ 260,00 o m\u00f3dulo (incluso certificado e material did\u00e1tico de apoio) A AYURVEDA \u00e9 a medicina tradicional e milenar da [&hellip;]<\/p>\n","protected":false},"author":1,"featured_media":14277,"comment_status":"open","ping_status":"open","sticky":false,"template":"","format":"standard","meta":{"om_disable_all_campaigns":false,"_monsterinsights_skip_tracking":false,"_monsterinsights_sitenote_active":false,"_monsterinsights_sitenote_note":"","_monsterinsights_sitenote_category":0,"footnotes":""},"categories":[8,214],"tags":[],"acf":[],"publishpress_future_action":{"enabled":false,"date":"1969-12-31 21:00:00","action":"","terms":[],"taxonomy":"","browser_timezone_offset":0},"_links":{"self":[{"href":"https:\/\/portalfloresnoar.com\/floresnoar\/wp-json\/wp\/v2\/posts\/14275"}],"collection":[{"href":"https:\/\/portalfloresnoar.com\/floresnoar\/wp-json\/wp\/v2\/posts"}],"about":[{"href":"https:\/\/portalfloresnoar.com\/floresnoar\/wp-json\/wp\/v2\/types\/post"}],"author":[{"embeddable":true,"href":"https:\/\/portalfloresnoar.com\/floresnoar\/wp-json\/wp\/v2\/users\/1"}],"replies":[{"embeddable":true,"href":"https:\/\/portalfloresnoar.com\/floresnoar\/wp-json\/wp\/v2\/comments?post=14275"}],"version-history":[{"count":0,"href":"https:\/\/portalfloresnoar.com\/floresnoar\/wp-json\/wp\/v2\/posts\/14275\/revisions"}],"wp:featuredmedia":[{"embeddable":true,"href":"https:\/\/portalfloresnoar.com\/floresnoar\/wp-json\/wp\/v2\/media\/14277"}],"wp:attachment":[{"href":"https:\/\/portalfloresnoar.com\/floresnoar\/wp-json\/wp\/v2\/media?parent=14275"}],"wp:term":[{"taxonomy":"category","embeddable":true,"href":"https:\/\/portalfloresnoar.com\/floresnoar\/wp-json\/wp\/v2\/categories?post=14275"},{"taxonomy":"post_tag","embeddable":true,"href":"https:\/\/portalfloresnoar.com\/floresnoar\/wp-json\/wp\/v2\/tags?post=14275"}],"curies":[{"name":"wp","href":"https:\/\/api.w.org\/{rel}","templated":true}]}}