

{"id":14170,"date":"2014-02-10T08:46:18","date_gmt":"2014-02-10T11:46:18","guid":{"rendered":"http:\/\/portalfloresnoar.com\/floresnoar\/?p=14170"},"modified":"2014-09-24T18:13:13","modified_gmt":"2014-09-24T21:13:13","slug":"um-olhar-sobre-minorias-no-trabalho-arteterapeutico-e-o-tema-do-proximo-articulacoes-no-dia-27-de-marco","status":"publish","type":"post","link":"https:\/\/portalfloresnoar.com\/floresnoar\/um-olhar-sobre-minorias-no-trabalho-arteterapeutico-e-o-tema-do-proximo-articulacoes-no-dia-27-de-marco\/","title":{"rendered":"&#8216;Um olhar sobre minorias no trabalho arteterap\u00eautico&#8217; \u00e9 o tema do pr\u00f3ximo ArticulA\u00e7\u00f5es, no dia 27 de mar\u00e7o"},"content":{"rendered":"<p><img decoding=\"async\" loading=\"lazy\" class=\"aligncenter size-full wp-image-14171\" alt=\"articula\u00e7\u00e3o mar\u00e7o 2014\" src=\"http:\/\/portalfloresnoar.com\/floresnoar\/wp-content\/uploads\/2014\/03\/articula\u00e7\u00e3o-mar\u00e7o-2014.jpg\" width=\"587\" height=\"450\" srcset=\"https:\/\/portalfloresnoar.com\/floresnoar\/wp-content\/uploads\/2014\/03\/articula\u00e7\u00e3o-mar\u00e7o-2014.jpg 587w, https:\/\/portalfloresnoar.com\/floresnoar\/wp-content\/uploads\/2014\/03\/articula\u00e7\u00e3o-mar\u00e7o-2014-300x229.jpg 300w\" sizes=\"(max-width: 587px) 100vw, 587px\" \/><\/p>\n<p>A proposta do encontro \u00e9 conversar sobre a articula\u00e7\u00e3o entre a arteterapia, cidadania e direitos humanos, abordando como a arteterapia pode servir de ferramenta no trabalho com as\u00a0&#8216;minorias&#8217;, ou seja, \u00a0grupos socialmente discriminados.<\/p>\n<p>O ArticulA\u00e7\u00f5es \u00e9 um evento promovido pela <a href=\"http:\/\/www.arteterapia-pe.com\" target=\"_blank\">Associa\u00e7\u00e3o Pernambucana de Arteterapia (ARTE-PE)<\/a>, toda \u00faltima quinta-feira do m\u00eas, \u00e0s 19h. Para os associados em dia, a participa\u00e7\u00e3o \u00e9 gratuita. N\u00e3o associados contribuem com o valor de R$ 15,00.<\/p>\n<p>Mais informa\u00e7\u00f5es: (81) 3266.3044\/ 9659.6131.<br \/>\nLocal: \u00a0LUMEN NOVUM &#8211;\u00a0Rua Comendador Bernardino Costa, 117, Casa Forte, Recife\/PE<br \/>\nFones:\u00a0(81) 3266-3044\/ ( 81) 9659-6131<a href=\"http:\/\/www.lumennovum.com\/\" target=\"_blank\"><br \/>\n<\/a><\/p>\n","protected":false},"excerpt":{"rendered":"<p>A proposta do encontro \u00e9 conversar sobre a articula\u00e7\u00e3o entre a arteterapia, cidadania e direitos humanos, abordando como a arteterapia pode servir de ferramenta no trabalho com as\u00a0&#8216;minorias&#8217;, ou seja, \u00a0grupos socialmente discriminados. O ArticulA\u00e7\u00f5es \u00e9 um evento promovido pela Associa\u00e7\u00e3o Pernambucana de Arteterapia (ARTE-PE), toda \u00faltima quinta-feira do m\u00eas, \u00e0s 19h. Para os associados [&hellip;]<\/p>\n","protected":false},"author":1,"featured_media":14189,"comment_status":"open","ping_status":"open","sticky":false,"template":"","format":"standard","meta":{"om_disable_all_campaigns":false,"_monsterinsights_skip_tracking":false,"_monsterinsights_sitenote_active":false,"_monsterinsights_sitenote_note":"","_monsterinsights_sitenote_category":0,"footnotes":""},"categories":[8,214],"tags":[],"acf":[],"publishpress_future_action":{"enabled":false,"date":"1969-12-31 21:00:00","action":"","terms":[],"taxonomy":"","browser_timezone_offset":0},"_links":{"self":[{"href":"https:\/\/portalfloresnoar.com\/floresnoar\/wp-json\/wp\/v2\/posts\/14170"}],"collection":[{"href":"https:\/\/portalfloresnoar.com\/floresnoar\/wp-json\/wp\/v2\/posts"}],"about":[{"href":"https:\/\/portalfloresnoar.com\/floresnoar\/wp-json\/wp\/v2\/types\/post"}],"author":[{"embeddable":true,"href":"https:\/\/portalfloresnoar.com\/floresnoar\/wp-json\/wp\/v2\/users\/1"}],"replies":[{"embeddable":true,"href":"https:\/\/portalfloresnoar.com\/floresnoar\/wp-json\/wp\/v2\/comments?post=14170"}],"version-history":[{"count":0,"href":"https:\/\/portalfloresnoar.com\/floresnoar\/wp-json\/wp\/v2\/posts\/14170\/revisions"}],"wp:featuredmedia":[{"embeddable":true,"href":"https:\/\/portalfloresnoar.com\/floresnoar\/wp-json\/wp\/v2\/media\/14189"}],"wp:attachment":[{"href":"https:\/\/portalfloresnoar.com\/floresnoar\/wp-json\/wp\/v2\/media?parent=14170"}],"wp:term":[{"taxonomy":"category","embeddable":true,"href":"https:\/\/portalfloresnoar.com\/floresnoar\/wp-json\/wp\/v2\/categories?post=14170"},{"taxonomy":"post_tag","embeddable":true,"href":"https:\/\/portalfloresnoar.com\/floresnoar\/wp-json\/wp\/v2\/tags?post=14170"}],"curies":[{"name":"wp","href":"https:\/\/api.w.org\/{rel}","templated":true}]}}