

{"id":14142,"date":"2014-06-07T15:52:19","date_gmt":"2014-06-07T18:52:19","guid":{"rendered":"http:\/\/portalfloresnoar.com\/floresnoar\/?p=14142"},"modified":"2014-06-11T10:46:39","modified_gmt":"2014-06-11T13:46:39","slug":"foliao-interpela-eduardo-campos-por-ana-lira","status":"publish","type":"post","link":"https:\/\/portalfloresnoar.com\/floresnoar\/foliao-interpela-eduardo-campos-por-ana-lira\/","title":{"rendered":"&#8216;Foli\u00e3o interpela Eduardo Campos&#8217;, por Ana Lira"},"content":{"rendered":"<p style=\"text-align: center;\"><img decoding=\"async\" loading=\"lazy\" class=\"aligncenter  wp-image-14143\" alt=\"foto de ana lira carnaval 2014\" src=\"http:\/\/portalfloresnoar.com\/floresnoar\/wp-content\/uploads\/2014\/03\/foto-de-ana-lira-carnaval-2014.jpg\" width=\"691\" height=\"459\" srcset=\"https:\/\/portalfloresnoar.com\/floresnoar\/wp-content\/uploads\/2014\/03\/foto-de-ana-lira-carnaval-2014.jpg 960w, https:\/\/portalfloresnoar.com\/floresnoar\/wp-content\/uploads\/2014\/03\/foto-de-ana-lira-carnaval-2014-300x199.jpg 300w\" sizes=\"(max-width: 691px) 100vw, 691px\" \/><\/p>\n<p style=\"text-align: center;\">Durante a interven\u00e7\u00e3o da Tro\u00e7a Carnavalesca Empatando Tua Vista, no Galo da Madrugada (Recife, Carnaval 2014), \u00a0um cidad\u00e3o interpela o governador de Pernambuco Eduardo Campos. \u00a0A foto \u00e9 de Ana Lira.<\/p>\n","protected":false},"excerpt":{"rendered":"<p>Durante a interven\u00e7\u00e3o da Tro\u00e7a Carnavalesca Empatando Tua Vista, no Galo da Madrugada (Recife, Carnaval 2014), \u00a0um cidad\u00e3o interpela o governador de Pernambuco Eduardo Campos. \u00a0A foto \u00e9 de Ana Lira.<\/p>\n","protected":false},"author":1,"featured_media":14144,"comment_status":"open","ping_status":"open","sticky":false,"template":"","format":"standard","meta":{"om_disable_all_campaigns":false,"_monsterinsights_skip_tracking":false,"_monsterinsights_sitenote_active":false,"_monsterinsights_sitenote_note":"","_monsterinsights_sitenote_category":0,"footnotes":""},"categories":[12],"tags":[47],"acf":[],"publishpress_future_action":{"enabled":false,"date":"1969-12-31 21:00:00","action":"","terms":[],"taxonomy":"","browser_timezone_offset":0},"_links":{"self":[{"href":"https:\/\/portalfloresnoar.com\/floresnoar\/wp-json\/wp\/v2\/posts\/14142"}],"collection":[{"href":"https:\/\/portalfloresnoar.com\/floresnoar\/wp-json\/wp\/v2\/posts"}],"about":[{"href":"https:\/\/portalfloresnoar.com\/floresnoar\/wp-json\/wp\/v2\/types\/post"}],"author":[{"embeddable":true,"href":"https:\/\/portalfloresnoar.com\/floresnoar\/wp-json\/wp\/v2\/users\/1"}],"replies":[{"embeddable":true,"href":"https:\/\/portalfloresnoar.com\/floresnoar\/wp-json\/wp\/v2\/comments?post=14142"}],"version-history":[{"count":0,"href":"https:\/\/portalfloresnoar.com\/floresnoar\/wp-json\/wp\/v2\/posts\/14142\/revisions"}],"wp:featuredmedia":[{"embeddable":true,"href":"https:\/\/portalfloresnoar.com\/floresnoar\/wp-json\/wp\/v2\/media\/14144"}],"wp:attachment":[{"href":"https:\/\/portalfloresnoar.com\/floresnoar\/wp-json\/wp\/v2\/media?parent=14142"}],"wp:term":[{"taxonomy":"category","embeddable":true,"href":"https:\/\/portalfloresnoar.com\/floresnoar\/wp-json\/wp\/v2\/categories?post=14142"},{"taxonomy":"post_tag","embeddable":true,"href":"https:\/\/portalfloresnoar.com\/floresnoar\/wp-json\/wp\/v2\/tags?post=14142"}],"curies":[{"name":"wp","href":"https:\/\/api.w.org\/{rel}","templated":true}]}}