

{"id":14110,"date":"2014-01-10T10:49:27","date_gmt":"2014-01-10T13:49:27","guid":{"rendered":"http:\/\/portalfloresnoar.com\/floresnoar\/?p=14110"},"modified":"2014-09-24T18:13:47","modified_gmt":"2014-09-24T21:13:47","slug":"meditacao-da-lua-cheia-dia-2003-na-praia-de-boa-viagem","status":"publish","type":"post","link":"https:\/\/portalfloresnoar.com\/floresnoar\/meditacao-da-lua-cheia-dia-2003-na-praia-de-boa-viagem\/","title":{"rendered":"&#8216;Medita\u00e7\u00e3o da Lua Cheia&#8217; dia 16\/03\/2014 na Praia de Boa Viagem"},"content":{"rendered":"<p><img decoding=\"async\" loading=\"lazy\" class=\"aligncenter size-full wp-image-14113\" alt=\"medita\u00e7\u00e3o da lua cheia mar\u00e7o 2014\" src=\"http:\/\/portalfloresnoar.com\/floresnoar\/wp-content\/uploads\/2014\/02\/medita\u00e7\u00e3o-da-lua-cheia-mar\u00e7o-2014.jpg\" width=\"714\" height=\"264\" srcset=\"https:\/\/portalfloresnoar.com\/floresnoar\/wp-content\/uploads\/2014\/02\/medita\u00e7\u00e3o-da-lua-cheia-mar\u00e7o-2014.jpg 714w, https:\/\/portalfloresnoar.com\/floresnoar\/wp-content\/uploads\/2014\/02\/medita\u00e7\u00e3o-da-lua-cheia-mar\u00e7o-2014-300x110.jpg 300w\" sizes=\"(max-width: 714px) 100vw, 714px\" \/><\/p>\n<p>A Lua tem um efeito muito espec\u00edfico nas mar\u00e9s e em toda a \u00e1gua do planeta, e o nosso corpo \u00e9 70% de \u00e1gua. Uma grande oportunidade de mergulhar no sil\u00eancio do seu Ser.\u00a0A medita\u00e7\u00e3o da Lua Cheia de Mar\u00e7o ser\u00e1 no domingo, 16\/03, \u00e0s 20h, na\u00a0Praia de Boa Viagem (em frente ao n\u00famero 1230).<\/p>\n<p>N\u00e3o \u00e9 necess\u00e1rio ter experi\u00eancia pr\u00e9via pois ser\u00e1 uma medita\u00e7\u00e3o guiada.<\/p>\n<p>Se poss\u00edvel levem sua canga\/yoga mat\/manta\/toalha para se sentar mais confortavelmente.<\/p>\n<p>Ser\u00e3o v\u00e1rias medita\u00e7\u00f5es simult\u00e2neas em todo o pa\u00eds!!!<\/p>\n<p>V\u00eddeo sobre a Medita\u00e7\u00e3o da Lua Cheia:<br \/>\n<a href=\"http:\/\/youtu.be\/ZGccj2kYRlU\" target=\"_blank\" rel=\"nofollow nofollow\">http:\/\/youtu.be\/<wbr \/>ZGccj2kYRlU<\/a><\/p>\n<p>Veja o v\u00eddeo &#8211; Medita\u00e7\u00e3o Antes e Agora:\u00a0<a href=\"http:\/\/www.youtube.com\/watch?v=QRin3_bxPKs\" target=\"_blank\" rel=\"nofollow nofollow\">http:\/\/www.youtube.com\/<wbr \/>watch?v=QRin3_bxPKs<\/a><\/p>\n<p>Veja os eventos de cada cidade, e outros eventos na p\u00e1gina:<br \/>\n<a href=\"http:\/\/www.facebook.com\/artedeviverbr\/events\" rel=\"nofollow\">www.facebook.com\/<wbr \/>artedeviverbr\/events<\/a><\/p>\n","protected":false},"excerpt":{"rendered":"<p>A Lua tem um efeito muito espec\u00edfico nas mar\u00e9s e em toda a \u00e1gua do planeta, e o nosso corpo \u00e9 70% de \u00e1gua. Uma grande oportunidade de mergulhar no sil\u00eancio do seu Ser.\u00a0A medita\u00e7\u00e3o da Lua Cheia de Mar\u00e7o ser\u00e1 no domingo, 16\/03, \u00e0s 20h, na\u00a0Praia de Boa Viagem (em frente ao n\u00famero 1230). [&hellip;]<\/p>\n","protected":false},"author":1,"featured_media":14115,"comment_status":"open","ping_status":"open","sticky":false,"template":"","format":"standard","meta":{"om_disable_all_campaigns":false,"_monsterinsights_skip_tracking":false,"_monsterinsights_sitenote_active":false,"_monsterinsights_sitenote_note":"","_monsterinsights_sitenote_category":0,"footnotes":""},"categories":[8,214],"tags":[],"acf":[],"publishpress_future_action":{"enabled":false,"date":"1969-12-31 21:00:00","action":"","terms":[],"taxonomy":"","browser_timezone_offset":0},"_links":{"self":[{"href":"https:\/\/portalfloresnoar.com\/floresnoar\/wp-json\/wp\/v2\/posts\/14110"}],"collection":[{"href":"https:\/\/portalfloresnoar.com\/floresnoar\/wp-json\/wp\/v2\/posts"}],"about":[{"href":"https:\/\/portalfloresnoar.com\/floresnoar\/wp-json\/wp\/v2\/types\/post"}],"author":[{"embeddable":true,"href":"https:\/\/portalfloresnoar.com\/floresnoar\/wp-json\/wp\/v2\/users\/1"}],"replies":[{"embeddable":true,"href":"https:\/\/portalfloresnoar.com\/floresnoar\/wp-json\/wp\/v2\/comments?post=14110"}],"version-history":[{"count":0,"href":"https:\/\/portalfloresnoar.com\/floresnoar\/wp-json\/wp\/v2\/posts\/14110\/revisions"}],"wp:featuredmedia":[{"embeddable":true,"href":"https:\/\/portalfloresnoar.com\/floresnoar\/wp-json\/wp\/v2\/media\/14115"}],"wp:attachment":[{"href":"https:\/\/portalfloresnoar.com\/floresnoar\/wp-json\/wp\/v2\/media?parent=14110"}],"wp:term":[{"taxonomy":"category","embeddable":true,"href":"https:\/\/portalfloresnoar.com\/floresnoar\/wp-json\/wp\/v2\/categories?post=14110"},{"taxonomy":"post_tag","embeddable":true,"href":"https:\/\/portalfloresnoar.com\/floresnoar\/wp-json\/wp\/v2\/tags?post=14110"}],"curies":[{"name":"wp","href":"https:\/\/api.w.org\/{rel}","templated":true}]}}