

{"id":14094,"date":"2014-01-03T13:59:51","date_gmt":"2014-01-03T16:59:51","guid":{"rendered":"http:\/\/portalfloresnoar.com\/floresnoar\/?p=14094"},"modified":"2014-09-24T18:14:06","modified_gmt":"2014-09-24T21:14:06","slug":"bloco-do-nada-anima-a-segunda-feira-de-carnaval-no-bairro-da-boa-vista-2","status":"publish","type":"post","link":"https:\/\/portalfloresnoar.com\/floresnoar\/bloco-do-nada-anima-a-segunda-feira-de-carnaval-no-bairro-da-boa-vista-2\/","title":{"rendered":"Bloco do Nada anima a segunda-feira de Carnaval no bairro da Boa Vista"},"content":{"rendered":"<p>Pelo d\u00e9cimo primeiro Carnaval consecutivo, o Bloco do Nada vai ganhar as ruas do Recife em 2014. A Concentra\u00e7\u00e3o ser\u00e1 na segunda-feira de Carnaval, a partir das 13 horas, no lindo P\u00e1tio de Santa Cruz, no Bar e Restaurante Santa Cruz. Durante a concentra\u00e7\u00e3o vai rolar a gr\u00e9ia de sempre, a Ala de Compositores do Bloco do Nada, ou seja, a ACBN e convidados, com direito a tapete vermelho e tudo o mais!<\/p>\n<p>Por volta das 15h30, a Orquestra de Frevo chega e o Bloco do Nada sai em cortejo pelas ruas do bairro da Boa Vista. O Bloco do Nada vai passar por onde Nada passa.<\/p>\n<p>Depois de ter sido barrado no Mercado da Boa Vista, e apesar de tudo ter realizado uma bela Pr\u00e9via Carnavalesca e um Sarau Filos\u00f3fico dos mais instigados, o Bloco do Nada est\u00e1 contando as horas para fazer uma grande concentra\u00e7\u00e3o no P\u00e1tio de Santa Cruz e um cortejo muito alto astral pelas ruas do bairro da Boa Vista, na segunda-feira de Carnaval.<\/p>\n<p>O Bloco do Nada faz uma op\u00e7\u00e3o singular. N\u00e3o vai para o ruge-ruge das multid\u00f5es. Bloco do Nada vai passar por onde Nada passa!<\/p>\n<p>Nos encontraremos l\u00e1, no meio do Nada, porque o Bloco do Nada \u00e9 carnaval de rua, \u00e9 frevo no p\u00e9 e resist\u00eancia cultural na cabe\u00e7a!<\/p>\n<p>Conhe\u00e7a a hist\u00f3ria deste bloco filos\u00f3fico carnavalesco nesta vinheta produzida pelo Ventilador Cultural, em parceria com a TV Pernambuco.<\/p>\n<p><iframe loading=\"lazy\" src=\"http:\/\/www.youtube.com\/embed\/38fqDkyiuxc\" height=\"315\" width=\"420\" allowfullscreen=\"\" frameborder=\"0\"><\/iframe><\/p>\n<p><span style=\"color: #ffffff;\">&#8211;<\/span><\/p>\n<p><span style=\"color: #ffffff;\">&#8211;<\/span><\/p>\n<p><span style=\"color: #ffffff;\">&#8211;<\/span><\/p>\n","protected":false},"excerpt":{"rendered":"<p>Pelo d\u00e9cimo primeiro Carnaval consecutivo, o Bloco do Nada vai ganhar as ruas do Recife em 2014. A Concentra\u00e7\u00e3o ser\u00e1 na segunda-feira de Carnaval, a partir das 13 horas, no lindo P\u00e1tio de Santa Cruz, no Bar e Restaurante Santa Cruz. Durante a concentra\u00e7\u00e3o vai rolar a gr\u00e9ia de sempre, a Ala de Compositores do [&hellip;]<\/p>\n","protected":false},"author":1,"featured_media":14095,"comment_status":"open","ping_status":"open","sticky":false,"template":"","format":"standard","meta":{"om_disable_all_campaigns":false,"_monsterinsights_skip_tracking":false,"_monsterinsights_sitenote_active":false,"_monsterinsights_sitenote_note":"","_monsterinsights_sitenote_category":0,"footnotes":""},"categories":[8,214],"tags":[108],"acf":[],"publishpress_future_action":{"enabled":false,"date":"1969-12-31 21:00:00","action":"","terms":[],"taxonomy":"","browser_timezone_offset":0},"_links":{"self":[{"href":"https:\/\/portalfloresnoar.com\/floresnoar\/wp-json\/wp\/v2\/posts\/14094"}],"collection":[{"href":"https:\/\/portalfloresnoar.com\/floresnoar\/wp-json\/wp\/v2\/posts"}],"about":[{"href":"https:\/\/portalfloresnoar.com\/floresnoar\/wp-json\/wp\/v2\/types\/post"}],"author":[{"embeddable":true,"href":"https:\/\/portalfloresnoar.com\/floresnoar\/wp-json\/wp\/v2\/users\/1"}],"replies":[{"embeddable":true,"href":"https:\/\/portalfloresnoar.com\/floresnoar\/wp-json\/wp\/v2\/comments?post=14094"}],"version-history":[{"count":0,"href":"https:\/\/portalfloresnoar.com\/floresnoar\/wp-json\/wp\/v2\/posts\/14094\/revisions"}],"wp:featuredmedia":[{"embeddable":true,"href":"https:\/\/portalfloresnoar.com\/floresnoar\/wp-json\/wp\/v2\/media\/14095"}],"wp:attachment":[{"href":"https:\/\/portalfloresnoar.com\/floresnoar\/wp-json\/wp\/v2\/media?parent=14094"}],"wp:term":[{"taxonomy":"category","embeddable":true,"href":"https:\/\/portalfloresnoar.com\/floresnoar\/wp-json\/wp\/v2\/categories?post=14094"},{"taxonomy":"post_tag","embeddable":true,"href":"https:\/\/portalfloresnoar.com\/floresnoar\/wp-json\/wp\/v2\/tags?post=14094"}],"curies":[{"name":"wp","href":"https:\/\/api.w.org\/{rel}","templated":true}]}}