

{"id":13888,"date":"2014-01-01T09:25:39","date_gmt":"2014-01-01T12:25:39","guid":{"rendered":"http:\/\/portalfloresnoar.com\/floresnoar\/?p=13888"},"modified":"2014-09-24T18:14:07","modified_gmt":"2014-09-24T21:14:07","slug":"grupo-arteterapeutico-feminino-frutas-maduras-realiza-encontro-dia-1903-no-horizonte","status":"publish","type":"post","link":"https:\/\/portalfloresnoar.com\/floresnoar\/grupo-arteterapeutico-feminino-frutas-maduras-realiza-encontro-dia-1903-no-horizonte\/","title":{"rendered":"Grupo Arteterap\u00eautico Feminino Frutas Maduras realiza encontro dia 19\/03 no Horizonte"},"content":{"rendered":"<p><img decoding=\"async\" loading=\"lazy\" class=\" wp-image-13889 alignleft\" alt=\"frutas maduras arteterapia\" src=\"http:\/\/portalfloresnoar.com\/floresnoar\/wp-content\/uploads\/2014\/02\/frutas-maduras-arteterapia.jpg\" width=\"313\" height=\"235\" srcset=\"https:\/\/portalfloresnoar.com\/floresnoar\/wp-content\/uploads\/2014\/02\/frutas-maduras-arteterapia.jpg 391w, https:\/\/portalfloresnoar.com\/floresnoar\/wp-content\/uploads\/2014\/02\/frutas-maduras-arteterapia-300x225.jpg 300w, https:\/\/portalfloresnoar.com\/floresnoar\/wp-content\/uploads\/2014\/02\/frutas-maduras-arteterapia-160x120.jpg 160w\" sizes=\"(max-width: 313px) 100vw, 313px\" \/>Mulheres a partir dos 40 anos interessadas no autoconhecimento e na partilha de experi\u00eancias s\u00e3o as convidadas para participar do Grupo Frutas Maduras, que realiza o encontro de lan\u00e7amento no dia 19 de mar\u00e7o\/2014, das 14h30 \u00e0s 16h, \u00a0no Horizonte Desenvolvimento Humano, no Po\u00e7o da Panela, Recife\/PE.<\/p>\n<p>De acordo com as arteterapeutas\u00a0Mila Andrade e Ana Luiza R\u00eago, facilitadoras do grupo, &#8220;como \u00a0frutas maduras, atrav\u00e9s de nossas experi\u00eancias, refletimos e vivemos transforma\u00e7\u00f5es importantes em nossas vidas. Agu\u00e7amos o olhar para essa busca e para a necessidade de tantas pessoas. Naturalmente chegaram as mulheres maduras, com\u00a0 valiosas experi\u00eancias, carentes do encontro ou reencontro com o afeto, a partilha, onde a solid\u00e3o, as perdas, o sentido da vida precisam ser trabalhados.\u00a0 Atrav\u00e9s da arteterapia, acessando conte\u00fados inconscientes, na express\u00e3o individual e partilha no grupo podemos ativar a autoestima, a criatividade e a\u00a0 alegria de viver fortalecendo os la\u00e7os afetivos numa celebra\u00e7\u00e3o de conquistas dessa nova fase.&#8221;<\/p>\n<p>SERVI\u00c7O<br \/>\n<strong>Encontro de lan\u00e7amento do Grupo Arteterap\u00eautico Feminino Frutas Maduras<\/strong><br \/>\n<strong>Dia:<\/strong> 19.03.2014<br \/>\n<strong>Hora:<\/strong> 14h30 \u00e0s 16h<br \/>\n<strong>Local:<\/strong> Horizonte &#8211; Desenvolvimento Humano &#8211; Rua Joaquim Xavier de Andrade, 117, Po\u00e7o da Panela, Recife\/PE<br \/>\n<strong>Fone:<\/strong> (81) 3268.6588<\/p>\n","protected":false},"excerpt":{"rendered":"<p>Mulheres a partir dos 40 anos interessadas no autoconhecimento e na partilha de experi\u00eancias s\u00e3o as convidadas para participar do Grupo Frutas Maduras, que realiza o encontro de lan\u00e7amento no dia 19 de mar\u00e7o\/2014, das 14h30 \u00e0s 16h, \u00a0no Horizonte Desenvolvimento Humano, no Po\u00e7o da Panela, Recife\/PE. De acordo com as arteterapeutas\u00a0Mila Andrade e Ana [&hellip;]<\/p>\n","protected":false},"author":1,"featured_media":13890,"comment_status":"open","ping_status":"open","sticky":false,"template":"","format":"standard","meta":{"om_disable_all_campaigns":false,"_monsterinsights_skip_tracking":false,"_monsterinsights_sitenote_active":false,"_monsterinsights_sitenote_note":"","_monsterinsights_sitenote_category":0,"footnotes":""},"categories":[8,214],"tags":[34],"acf":[],"publishpress_future_action":{"enabled":false,"date":"1969-12-31 21:00:00","action":"","terms":[],"taxonomy":"","browser_timezone_offset":0},"_links":{"self":[{"href":"https:\/\/portalfloresnoar.com\/floresnoar\/wp-json\/wp\/v2\/posts\/13888"}],"collection":[{"href":"https:\/\/portalfloresnoar.com\/floresnoar\/wp-json\/wp\/v2\/posts"}],"about":[{"href":"https:\/\/portalfloresnoar.com\/floresnoar\/wp-json\/wp\/v2\/types\/post"}],"author":[{"embeddable":true,"href":"https:\/\/portalfloresnoar.com\/floresnoar\/wp-json\/wp\/v2\/users\/1"}],"replies":[{"embeddable":true,"href":"https:\/\/portalfloresnoar.com\/floresnoar\/wp-json\/wp\/v2\/comments?post=13888"}],"version-history":[{"count":0,"href":"https:\/\/portalfloresnoar.com\/floresnoar\/wp-json\/wp\/v2\/posts\/13888\/revisions"}],"wp:featuredmedia":[{"embeddable":true,"href":"https:\/\/portalfloresnoar.com\/floresnoar\/wp-json\/wp\/v2\/media\/13890"}],"wp:attachment":[{"href":"https:\/\/portalfloresnoar.com\/floresnoar\/wp-json\/wp\/v2\/media?parent=13888"}],"wp:term":[{"taxonomy":"category","embeddable":true,"href":"https:\/\/portalfloresnoar.com\/floresnoar\/wp-json\/wp\/v2\/categories?post=13888"},{"taxonomy":"post_tag","embeddable":true,"href":"https:\/\/portalfloresnoar.com\/floresnoar\/wp-json\/wp\/v2\/tags?post=13888"}],"curies":[{"name":"wp","href":"https:\/\/api.w.org\/{rel}","templated":true}]}}