

{"id":13850,"date":"2014-05-03T07:32:49","date_gmt":"2014-05-03T10:32:49","guid":{"rendered":"http:\/\/portalfloresnoar.com\/floresnoar\/?p=13850"},"modified":"2014-09-24T18:11:09","modified_gmt":"2014-09-24T21:11:09","slug":"novos-grupos-de-danca-do-ventre-curativa-a-partir-de-14-de-fevereiro-no-gerar","status":"publish","type":"post","link":"https:\/\/portalfloresnoar.com\/floresnoar\/novos-grupos-de-danca-do-ventre-curativa-a-partir-de-14-de-fevereiro-no-gerar\/","title":{"rendered":"Novas turmas de Dan\u00e7a do Ventre Curativa no Gerar"},"content":{"rendered":"<p>A terapeuta corporal e dan\u00e7arina Josie Duarte est\u00e1 abrindo duas novas turmas de Dan\u00e7a do Ventre Curativa. O principal objetivo do trabalho \u00e9 o autoconhecimento a partir da dan\u00e7a.<\/p>\n<p>Em uma das turmas as aulas acontecem nas sextas-feiras, \u00e0s 16h30.<\/p>\n<p>Na outra turma as aulas s\u00e3o nas segundas-feiras,das 9h30 \u00e0s 11h30.<\/p>\n<p>Interessadas, devem entrar em contato com o Gerar pelo telefone: 3268-1749.<\/p>\n<p>CURSO<br \/>\nO curso de Dan\u00e7a do Ventre Curativa tem dura\u00e7\u00e3o de 9 meses, divididos em 3 trimestres, com aulas semanais de duas horas cada encontro, com foco na cura e bem-estar das mulheres. O valor do curso \u00e9 R$130,00 mensal.<\/p>\n<p>Nos encontros s\u00e3o trabalhados o contato consigo mesma, a partir de viv\u00eancias terap\u00eauticas com a Dan\u00e7a do Seu Ventre, integrando o corpo f\u00edsico, mental, emocional e espiritual.<\/p>\n<p>\u201cIncorporamos ferramentas para acordar e encontrar o que elimina nossas necessidades da Alma. Essa escuta profunda de Si mesma e dessa dan\u00e7a milenar, faz dessa proposta n\u00e3o somente um formato de aprendizado da Dan\u00e7a Oriental, mas de um profundo encontro com uma Mulher Outra, mais real, mais toc\u00e1vel e que habita em casa Ser Integrado e feminino\u201d, declara Josie, acrescentando que \u201ca consci\u00eancia torna-se pr\u00e1tica atrav\u00e9s da flu\u00eancia da constru\u00e7\u00e3o de novos movimentos dentro da leveza consistente e na Sabedoria unida da dan\u00e7a curativa de cada corpo.\u201d<\/p>\n<p>Josie Duarte \u00e9 Terapeuta Corporal e Professora de Dan\u00e7a Do Ventre Curativa. Formada mas n\u00e3o atuante em Psicologia, est\u00e1 aprofundando seus estudo em forma\u00e7\u00e3o como Dan\u00e7aterapeuta (Centro Internacional Dan\u00e7aterapia Maria Fux), e em Pedagogia. A metodologia da Dan\u00e7a-Consci\u00eancia, foi criada ao longo de 15 anos de experiencia e pesquisa no campo da Dan\u00e7a e da linguagem Corporal por todo o Brasil. Em S\u00e3o Paulo tornou-se um trabalho pioneiro vivenciado na rela\u00e7\u00e3o curativa Corpo e Dan\u00e7a, onde consiste em propostas terap\u00eauticas que abrem a cura e a consci\u00eancia de refer\u00eancias emocionais humanas atrav\u00e9s da dan\u00e7a. O Desenvolvimento da consci\u00eancia de emo\u00e7\u00f5es, padr\u00f5es de atitudes, dan\u00e7am atrav\u00e9s de nosso corpo, transformando qualquer equivoco de percep\u00e7\u00e3o em cura. Uma metodologia aplicada com sucesso em grupos terap\u00eauticos, espirituais, rodas de mulheres, hospitais,escolas, e inclus\u00e3o social de naturezas variadas (orfanatos, idosos,dependentes qu\u00edmicos, abuso sexual,moral, portadores de necessidades diferentes autismo). No Recife h\u00e1 dois anos essa proposta vem sendo vivenciada com muito sucesso, expandindo cada vez mais essa ferramenta complementar de cura e bem-estar.<\/p>\n<p>Local: Gerar Arteterapia e Bem-Estar \u2013 Rua Jorge de Albuquerque, 103, Casa Forte, Recife-PE<br \/>\nTelefone: (81) 3268-1749<br \/>\nE-mail: jodanca@hotmail.com<\/p>\n","protected":false},"excerpt":{"rendered":"<p>A terapeuta corporal e dan\u00e7arina Josie Duarte est\u00e1 abrindo duas novas turmas de Dan\u00e7a do Ventre Curativa. O principal objetivo do trabalho \u00e9 o autoconhecimento a partir da dan\u00e7a. Em uma das turmas as aulas acontecem nas sextas-feiras, \u00e0s 16h30. Na outra turma as aulas s\u00e3o nas segundas-feiras,das 9h30 \u00e0s 11h30. Interessadas, devem entrar em [&hellip;]<\/p>\n","protected":false},"author":1,"featured_media":13851,"comment_status":"open","ping_status":"open","sticky":false,"template":"","format":"standard","meta":{"om_disable_all_campaigns":false,"_monsterinsights_skip_tracking":false,"_monsterinsights_sitenote_active":false,"_monsterinsights_sitenote_note":"","_monsterinsights_sitenote_category":0,"footnotes":""},"categories":[8,214],"tags":[42,22,127],"acf":[],"publishpress_future_action":{"enabled":false,"date":"1969-12-31 21:00:00","action":"","terms":[],"taxonomy":"","browser_timezone_offset":0},"_links":{"self":[{"href":"https:\/\/portalfloresnoar.com\/floresnoar\/wp-json\/wp\/v2\/posts\/13850"}],"collection":[{"href":"https:\/\/portalfloresnoar.com\/floresnoar\/wp-json\/wp\/v2\/posts"}],"about":[{"href":"https:\/\/portalfloresnoar.com\/floresnoar\/wp-json\/wp\/v2\/types\/post"}],"author":[{"embeddable":true,"href":"https:\/\/portalfloresnoar.com\/floresnoar\/wp-json\/wp\/v2\/users\/1"}],"replies":[{"embeddable":true,"href":"https:\/\/portalfloresnoar.com\/floresnoar\/wp-json\/wp\/v2\/comments?post=13850"}],"version-history":[{"count":0,"href":"https:\/\/portalfloresnoar.com\/floresnoar\/wp-json\/wp\/v2\/posts\/13850\/revisions"}],"wp:featuredmedia":[{"embeddable":true,"href":"https:\/\/portalfloresnoar.com\/floresnoar\/wp-json\/wp\/v2\/media\/13851"}],"wp:attachment":[{"href":"https:\/\/portalfloresnoar.com\/floresnoar\/wp-json\/wp\/v2\/media?parent=13850"}],"wp:term":[{"taxonomy":"category","embeddable":true,"href":"https:\/\/portalfloresnoar.com\/floresnoar\/wp-json\/wp\/v2\/categories?post=13850"},{"taxonomy":"post_tag","embeddable":true,"href":"https:\/\/portalfloresnoar.com\/floresnoar\/wp-json\/wp\/v2\/tags?post=13850"}],"curies":[{"name":"wp","href":"https:\/\/api.w.org\/{rel}","templated":true}]}}