

{"id":13807,"date":"2014-02-11T09:25:42","date_gmt":"2014-02-11T12:25:42","guid":{"rendered":"http:\/\/portalfloresnoar.com\/floresnoar\/?p=13807"},"modified":"2014-02-15T09:31:52","modified_gmt":"2014-02-15T12:31:52","slug":"atendimento-gratuito-em-aromaterapia-com-waleska-romao-no-gerar","status":"publish","type":"post","link":"https:\/\/portalfloresnoar.com\/floresnoar\/atendimento-gratuito-em-aromaterapia-com-waleska-romao-no-gerar\/","title":{"rendered":"Atendimento gratuito em Aromaterapia com Waleska Rom\u00e3o no Gerar"},"content":{"rendered":"<p><img decoding=\"async\" loading=\"lazy\" class=\"size-full wp-image-13813 alignleft\" alt=\"waleska\" src=\"http:\/\/portalfloresnoar.com\/floresnoar\/wp-content\/uploads\/2014\/02\/waleska.jpg\" width=\"198\" height=\"254\" \/>Com o intuito de difundir a\u00a0Aromaterapia Eg\u00edpcia Tradicional e Vibracional a aromaterapeuta Waleska Rom\u00e3o oferece no Gerar, nas sextas-feiras, consultas gratuitas de Aromaterapia, at\u00e9 o dia 21 de mar\u00e7o\/2014.\u00a0Ser\u00e3o disponibilizados tr\u00eas hor\u00e1rios a cada sexta-feira. Os interessados devem marcar consulta pelos telefones: 3268-1749 ou\u00a09945-5142<\/p>\n<p>&#8220;Como trabalho j\u00e1 h\u00e1 algum tempo com Aromaterapia Eg\u00edpcia Tradicional e Vibracional \u00a0e como tenho visto resultados fant\u00e1sticos na vida das pessoas que fizeram (e fazem!) a terapia e utilizam nossos produtos*, nasceu um forte desejo de fazer chegar a mais e mais pessoas esta terap\u00eautica de preven\u00e7\u00e3o e cura, que faz parte das Ess\u00eancias Vivas Medicinais, e que tanto tem sido gratificante e me deixado muito feliz em trabalhar com ela&#8221;,declara Waleska.<\/p>\n<p><em>*Sujeitos aos pre\u00e7os de tabela.<\/em><\/p>\n<p><strong>GERAR \u2013 Arteterapia e Bem-Estar<\/strong><br \/>\nRua Jorge de Albuquerque, 103, Casa Forte, Recife-PE.<br \/>\nFone:(81) 3268-1749<\/p>\n<p><strong>Saiba mais sobre Aromaterapia:<\/strong><br \/>\n<img decoding=\"async\" loading=\"lazy\" class=\"aligncenter size-full wp-image-13814\" alt=\"aromaterapia recife\" src=\"http:\/\/portalfloresnoar.com\/floresnoar\/wp-content\/uploads\/2014\/02\/aromaterapia-recife.jpg\" width=\"381\" height=\"250\" srcset=\"https:\/\/portalfloresnoar.com\/floresnoar\/wp-content\/uploads\/2014\/02\/aromaterapia-recife.jpg 381w, https:\/\/portalfloresnoar.com\/floresnoar\/wp-content\/uploads\/2014\/02\/aromaterapia-recife-300x196.jpg 300w\" sizes=\"(max-width: 381px) 100vw, 381px\" \/>TOMADOS NA \u00c1GUA ou fazendo parte da manipula\u00e7\u00e3o \u2013 sinergias \u2013 os produtos que comp\u00f5em o Sistema de Aromaterapia Vibracional\u00b9 s\u00e3o de alt\u00edssimo PODER e EFIC\u00c1CIA para sintomatologias do estresse, ansiedade, inseguran\u00e7a, des\u00e2nimo, alergias, dist\u00farbios do sono, quest\u00f5es do feminino\/masculino e muito, muito mais&#8230; Estimula assim a Alegria, Leveza, Humor, Harmonia&#8230; que s\u00e3o o alimento e energia necess\u00e1rios para a cura e a sa\u00fade.<\/p>\n<p>\u00c9 um tratamento por um per\u00edodo pr\u00e9-determinado e com uma sequ\u00eancia de aplica\u00e7\u00f5es do PRODUTO AROMATER\u00c1PICO mais adequado e selecionado para cada caso: \u00d3leos Essenciais Vibracionais, Compostos Vibracionais, Solu\u00e7\u00f5es Vibracionais ou os \u00d3leos Essenciais Tradicionais, 100% puros.<\/p>\n<p>Equil\u00edbrio, bem-estar e qualidade de vida s\u00e3o os resultados mais\u00a0imediatos!<\/p>\n<p><em>(\u00b9) Pesquisadora e Produtora do Sistema \u00danico de Aromaterapia Vibracional \u2013 SANDR\u00c4 SP\u00cdRI \u2013 SP.<\/em><\/p>\n","protected":false},"excerpt":{"rendered":"<p>Com o intuito de difundir a\u00a0Aromaterapia Eg\u00edpcia Tradicional e Vibracional a aromaterapeuta Waleska Rom\u00e3o oferece no Gerar, nas sextas-feiras, consultas gratuitas de Aromaterapia, at\u00e9 o dia 21 de mar\u00e7o\/2014.\u00a0Ser\u00e3o disponibilizados tr\u00eas hor\u00e1rios a cada sexta-feira. Os interessados devem marcar consulta pelos telefones: 3268-1749 ou\u00a09945-5142 &#8220;Como trabalho j\u00e1 h\u00e1 algum tempo com Aromaterapia Eg\u00edpcia Tradicional e [&hellip;]<\/p>\n","protected":false},"author":1,"featured_media":13814,"comment_status":"open","ping_status":"open","sticky":false,"template":"","format":"standard","meta":{"om_disable_all_campaigns":false,"_monsterinsights_skip_tracking":false,"_monsterinsights_sitenote_active":false,"_monsterinsights_sitenote_note":"","_monsterinsights_sitenote_category":0,"footnotes":""},"categories":[9],"tags":[73,41,127],"acf":[],"publishpress_future_action":{"enabled":false,"date":"1969-12-31 21:00:00","action":"","terms":[],"taxonomy":"","browser_timezone_offset":0},"_links":{"self":[{"href":"https:\/\/portalfloresnoar.com\/floresnoar\/wp-json\/wp\/v2\/posts\/13807"}],"collection":[{"href":"https:\/\/portalfloresnoar.com\/floresnoar\/wp-json\/wp\/v2\/posts"}],"about":[{"href":"https:\/\/portalfloresnoar.com\/floresnoar\/wp-json\/wp\/v2\/types\/post"}],"author":[{"embeddable":true,"href":"https:\/\/portalfloresnoar.com\/floresnoar\/wp-json\/wp\/v2\/users\/1"}],"replies":[{"embeddable":true,"href":"https:\/\/portalfloresnoar.com\/floresnoar\/wp-json\/wp\/v2\/comments?post=13807"}],"version-history":[{"count":0,"href":"https:\/\/portalfloresnoar.com\/floresnoar\/wp-json\/wp\/v2\/posts\/13807\/revisions"}],"wp:featuredmedia":[{"embeddable":true,"href":"https:\/\/portalfloresnoar.com\/floresnoar\/wp-json\/wp\/v2\/media\/13814"}],"wp:attachment":[{"href":"https:\/\/portalfloresnoar.com\/floresnoar\/wp-json\/wp\/v2\/media?parent=13807"}],"wp:term":[{"taxonomy":"category","embeddable":true,"href":"https:\/\/portalfloresnoar.com\/floresnoar\/wp-json\/wp\/v2\/categories?post=13807"},{"taxonomy":"post_tag","embeddable":true,"href":"https:\/\/portalfloresnoar.com\/floresnoar\/wp-json\/wp\/v2\/tags?post=13807"}],"curies":[{"name":"wp","href":"https:\/\/api.w.org\/{rel}","templated":true}]}}