

{"id":13773,"date":"2014-05-04T08:55:40","date_gmt":"2014-05-04T11:55:40","guid":{"rendered":"http:\/\/portalfloresnoar.com\/floresnoar\/?p=13773"},"modified":"2014-06-04T13:38:01","modified_gmt":"2014-06-04T16:38:01","slug":"cromoterapia-clinica-estetica-e-pessoal-com-cecilia-padilha-no-gerar","status":"publish","type":"post","link":"https:\/\/portalfloresnoar.com\/floresnoar\/cromoterapia-clinica-estetica-e-pessoal-com-cecilia-padilha-no-gerar\/","title":{"rendered":"Cromoterapia Cl\u00ednica, Est\u00e9tica e Pessoal com Cec\u00edlia Padilha no Gerar"},"content":{"rendered":"<p><img decoding=\"async\" loading=\"lazy\" class=\"aligncenter size-full wp-image-13774\" alt=\"cromoterapia\" src=\"http:\/\/portalfloresnoar.com\/floresnoar\/wp-content\/uploads\/2014\/02\/cromoterapia.jpg\" width=\"660\" height=\"1176\" srcset=\"https:\/\/portalfloresnoar.com\/floresnoar\/wp-content\/uploads\/2014\/02\/cromoterapia.jpg 660w, https:\/\/portalfloresnoar.com\/floresnoar\/wp-content\/uploads\/2014\/02\/cromoterapia-168x300.jpg 168w, https:\/\/portalfloresnoar.com\/floresnoar\/wp-content\/uploads\/2014\/02\/cromoterapia-574x1024.jpg 574w\" sizes=\"(max-width: 660px) 100vw, 660px\" \/><\/p>\n<p>Tudo tem uma certa frequ\u00eancia de vibra\u00e7\u00e3o e isto se aplica a todos os \u00f3rg\u00e3os do corpo humano, inclusive \u00e0 pele, considerado o maior \u00f3rg\u00e3o do corpo. A vibra\u00e7\u00e3o de cada cor ativa as gl\u00e2ndulas, as fun\u00e7\u00f5es org\u00e2nicas, e proporciona a Regenera\u00e7\u00e3o Celular, fortalece o sistema imunol\u00f3gico, previne e corrige disfun\u00e7\u00f5es, al\u00e9m de despertar e desenvolver &#8211;\u00a0 capacidades pessoais ( Cromoterapia Pessoal).\u00a0A Terapeuta Hol\u00edstica e Consultora Pessoal, Cec\u00edlia Padilha oferece no Espa\u00e7o Gerar, sess\u00f5es de Cromoterapia Cl\u00ednica, Est\u00e9tica e Pessoal.<\/p>\n<p>Para maiores informa\u00e7\u00f5es, acesse o NOVO SITE:\u00a0<a href=\"http:\/\/www.suaqualidadedevida.com\/\">http:\/\/www.suaqualidadedevida.com\/<\/a>.<\/p>\n<p>Marca\u00e7\u00e3o de sess\u00f5es pelos telefones (81) 8528-7544 \/ (81) 9567 \u2013 4554.<\/p>\n<p>SERVI\u00c7O:<\/p>\n<p><em id=\"__mceDel\"> <b>Cromoterapia com Cec\u00edlia Padilha<\/b><\/em><\/p>\n<p><b>Marca\u00e7\u00e3o de atendimentos pelos telefones<\/b>: (81) 8528-7544 \/ (81) 9567 &#8211; 4554<\/p>\n<p><b>E-mail :<\/b>\u00a0<a href=\"mailto:cecilia.padilha@gmail.com\">cecilia.padilha@gmail.com<\/a><\/p>\n<p><b>Local: Gerar Arteterapia e Bem-Estar \u2013<\/b>\u00a0Rua Jorge de Albuquerque, 103, Casa Forte, Recife-PE,Telefone: (81) 3268-1749<br \/>\n<a href=\"http:\/\/www.gerararteterapiaebemestar.com\/\">http:\/\/www.gerararteterapiaebemestar.com<\/a><\/p>\n<p>&nbsp;<\/p>\n<p><em>Para receber o feed de not\u00edcias sobre Cromoterapia,\u00a0 envie um e-mail para <a href=\"mailto:cromoterapia.noticias@gmail.com\">cromoterapia.noticias@gmail.com<\/a> , solicitando a inclus\u00e3o em nosso cadastro.<\/em><\/p>\n<p>&nbsp;<\/p>\n<p>&nbsp;<\/p>\n<p>&nbsp;<\/p>\n","protected":false},"excerpt":{"rendered":"<p>Tudo tem uma certa frequ\u00eancia de vibra\u00e7\u00e3o e isto se aplica a todos os \u00f3rg\u00e3os do corpo humano, inclusive \u00e0 pele, considerado o maior \u00f3rg\u00e3o do corpo. A vibra\u00e7\u00e3o de cada cor ativa as gl\u00e2ndulas, as fun\u00e7\u00f5es org\u00e2nicas, e proporciona a Regenera\u00e7\u00e3o Celular, fortalece o sistema imunol\u00f3gico, previne e corrige disfun\u00e7\u00f5es, al\u00e9m de despertar e [&hellip;]<\/p>\n","protected":false},"author":1,"featured_media":13775,"comment_status":"open","ping_status":"open","sticky":false,"template":"","format":"standard","meta":{"om_disable_all_campaigns":false,"_monsterinsights_skip_tracking":false,"_monsterinsights_sitenote_active":false,"_monsterinsights_sitenote_note":"","_monsterinsights_sitenote_category":0,"footnotes":""},"categories":[9],"tags":[135,127],"acf":[],"publishpress_future_action":{"enabled":false,"date":"1969-12-31 21:00:00","action":"","terms":[],"taxonomy":"","browser_timezone_offset":0},"_links":{"self":[{"href":"https:\/\/portalfloresnoar.com\/floresnoar\/wp-json\/wp\/v2\/posts\/13773"}],"collection":[{"href":"https:\/\/portalfloresnoar.com\/floresnoar\/wp-json\/wp\/v2\/posts"}],"about":[{"href":"https:\/\/portalfloresnoar.com\/floresnoar\/wp-json\/wp\/v2\/types\/post"}],"author":[{"embeddable":true,"href":"https:\/\/portalfloresnoar.com\/floresnoar\/wp-json\/wp\/v2\/users\/1"}],"replies":[{"embeddable":true,"href":"https:\/\/portalfloresnoar.com\/floresnoar\/wp-json\/wp\/v2\/comments?post=13773"}],"version-history":[{"count":0,"href":"https:\/\/portalfloresnoar.com\/floresnoar\/wp-json\/wp\/v2\/posts\/13773\/revisions"}],"wp:featuredmedia":[{"embeddable":true,"href":"https:\/\/portalfloresnoar.com\/floresnoar\/wp-json\/wp\/v2\/media\/13775"}],"wp:attachment":[{"href":"https:\/\/portalfloresnoar.com\/floresnoar\/wp-json\/wp\/v2\/media?parent=13773"}],"wp:term":[{"taxonomy":"category","embeddable":true,"href":"https:\/\/portalfloresnoar.com\/floresnoar\/wp-json\/wp\/v2\/categories?post=13773"},{"taxonomy":"post_tag","embeddable":true,"href":"https:\/\/portalfloresnoar.com\/floresnoar\/wp-json\/wp\/v2\/tags?post=13773"}],"curies":[{"name":"wp","href":"https:\/\/api.w.org\/{rel}","templated":true}]}}