

{"id":13738,"date":"2014-01-03T10:39:35","date_gmt":"2014-01-03T13:39:35","guid":{"rendered":"http:\/\/portalfloresnoar.com\/floresnoar\/?p=13738"},"modified":"2014-09-24T18:14:06","modified_gmt":"2014-09-24T21:14:06","slug":"encontro-as-leis-biograficas-e-as-fases-da-vida-de-27-a-30-de-marco-em-olindape","status":"publish","type":"post","link":"https:\/\/portalfloresnoar.com\/floresnoar\/encontro-as-leis-biograficas-e-as-fases-da-vida-de-27-a-30-de-marco-em-olindape\/","title":{"rendered":"Encontro &#8216;As Leis Biogr\u00e1ficas e as Fases da Vida&#8217;, de 27 a 30 de mar\u00e7o, em Olinda\/PE"},"content":{"rendered":"<p><img decoding=\"async\" loading=\"lazy\" class=\"aligncenter size-full wp-image-13739\" alt=\"leis biogr\u00e1ficas\" src=\"http:\/\/portalfloresnoar.com\/floresnoar\/wp-content\/uploads\/2014\/02\/leis-biogr\u00e1ficas.jpg\" width=\"714\" height=\"1111\" srcset=\"https:\/\/portalfloresnoar.com\/floresnoar\/wp-content\/uploads\/2014\/02\/leis-biogr\u00e1ficas.jpg 714w, https:\/\/portalfloresnoar.com\/floresnoar\/wp-content\/uploads\/2014\/02\/leis-biogr\u00e1ficas-192x300.jpg 192w, https:\/\/portalfloresnoar.com\/floresnoar\/wp-content\/uploads\/2014\/02\/leis-biogr\u00e1ficas-658x1024.jpg 658w\" sizes=\"(max-width: 714px) 100vw, 714px\" \/><\/p>\n<p>O trabalho biogr\u00e1fico \u00e9 um processo em imers\u00e3o para conhecer e trabalhar na sua biografia as leis do desenvolvimento humano em cada fase da vida. O encontro &#8216;As Leis Biogr\u00e1ficas e as Fases da Vida&#8217; acontece de 27 a 30 de mar\u00e7o, em Olinda\/PE, com apoio do Luminaris N\u00facleo de Desenvolvimento Humano.<\/p>\n<p><strong>Inscri\u00e7\u00f5es e informa\u00e7\u00f5es:<\/strong><br \/>\nE-mail: \u00a0luminarisndh@gmail.com<br \/>\nFone: (81) 3031-1134<\/p>\n<p>SAIBA MAIS!<\/p>\n<p><strong>O que \u00e9 o trabalho biogr\u00e1fico<\/strong><br \/>\n\u201cTomar a vida em suas pr\u00f3prias m\u00e3os\u201d \u00e9 como \u00e9 definido o trabalho biogr\u00e1fico, por Gudrun Burkhard, sua criadora. Para isso \u00e9 necess\u00e1rio cada um conhecer a sua hist\u00f3ria de vida, a sua biografia. Muitas vezes conhecemos biografias de pessoas famosas e n\u00e3o a nossa pr\u00f3pria; outras vezes, atrav\u00e9s da psican\u00e1lise, conhecemos partes dif\u00edceis da nossa biografia, mas perdemos a vis\u00e3o do todo.<\/p>\n<p>Na biografia atravessamos paisagens ensolaradas, outras mais escuras, encontramos na nossa caminhada pessoas que foram importantes para n\u00f3s. Olhando para toda essa paisagem de vida, descobrimos que tudo est\u00e1 num contexto maior, e dentro de leis c\u00f3smicas maiores que determinam certos ritmos na nossa biografia e come\u00e7amos a compreender o todo, e o significado maior de nossa miss\u00e3o.<\/p>\n<p>No trabalho biogr\u00e1fico, caminhamos do passado para o presente, para a partir da\u00ed direcionarmos o nosso futuro, n\u00e3o nos deixando \u201clevar\u201d pela vida, mas direcionando essa vida com as r\u00e9deas mais firmes na m\u00e3o e com perspectivas mais amplas.<\/p>\n<p>O trabalho se baseia no depoimento e espelhamento da hist\u00f3ria de vida e \u00e9 desenvolvido individualmente ou em grupo. Tem como referencial a apresenta\u00e7\u00e3o do arqu\u00e9tipo de desenvolvimento do ser humano e como estrat\u00e9gias de desenvolvimento a express\u00e3o verbal e art\u00edstica com diversos recursos: aquarela, m\u00fasica, argila.<\/p>\n<p><strong>A quem se dirige o programa?<\/strong><br \/>\nA todos que almejam conhecer melhor a si mesmo, que buscam o auto-desenvolvimento, ou querem viver com mais qualidade a vida cotidiana e prevenir crises para o futuro.<\/p>\n<p>O trabalho biogr\u00e1fico \u00e9 uma oportunidade de reconhecer o caminho de vida percorrido e seus encontros, compondo a pr\u00f3pria hist\u00f3ria, criando novas possibilidades para o futuro. \u00c9 um processo que estimula o indiv\u00edduo a encontrar as respostas para as suas expectativas, sendo ele o personagem principal de sua hist\u00f3ria, que pode descobrir ou reencontrar o seu papel na vida. A vis\u00e3o da Biografia Humana \u00e9 norteada pela Antroposofia, que aborda as tr\u00eas inst\u00e2ncias do ser humano: o aspecto biol\u00f3gico, o aspecto emocional ou an\u00edmico e o aspecto espiritual em suas diversas fases de desenvolvimento, que se pontuam de 7 em 7 anos.<\/p>\n<p>Se observarmos o movimento da vida, percebemos que existem fases de viv\u00eancias de crises. Estas n\u00e3o ocorrem simplesmente para nos trazer sofrimento, mas, junto com este, a possibilidade de transforma\u00e7\u00e3o.<\/p>\n<p>Assim como a dor, s\u00e3o momentos de alerta que nos avisam de que algo na vida tem que mudar, tem que ser diferente.<br \/>\nPode ser que elementos conhecidos, do passado, e\/ou momentos desconhecidos do futuro se encontram e provocam o momento do presente.<\/p>\n<p>Observamos esses acontecimentos aproximadamente a cada 7 anos &#8211; o ritmo setenial.<\/p>\n<p>O Processo Biogr\u00e1fico trabalha estes 3 elementos : passado, presente e futuro. Nele, d\u00e1-se aten\u00e7\u00e3o n\u00e3o somente ao que \u00e9 comum a cada fase de desenvolvimento e a cada faixa et\u00e1ria, mas tamb\u00e9m ao que \u00e9 particular, fen\u00f4menos que \u00e0s vezes s\u00f3 acontecem \u00e0 um indiv\u00edduo em particular, como por ex. assaltos, mortes, doen\u00e7as, agress\u00f5es, separa\u00e7\u00f5es, etc.., e o que os mesmos podem estar significando na vida deste indiv\u00edduo. Busca-se o discernimento do que \u00e9 comum \u00e0 determinada fase e o que \u00e9 espec\u00edfico de cada um, ou seja, o sentido disto tudo. Este processo estimula o pr\u00f3prio indiv\u00edduo a encontrar as respostas para suas expectativas e que seja ele mesmo o escritor e personagem principal de sua est\u00f3ria, levando-o descobrir ou reencontrar seu papel na vida.<\/p>\n","protected":false},"excerpt":{"rendered":"<p>O trabalho biogr\u00e1fico \u00e9 um processo em imers\u00e3o para conhecer e trabalhar na sua biografia as leis do desenvolvimento humano em cada fase da vida. O encontro &#8216;As Leis Biogr\u00e1ficas e as Fases da Vida&#8217; acontece de 27 a 30 de mar\u00e7o, em Olinda\/PE, com apoio do Luminaris N\u00facleo de Desenvolvimento Humano. Inscri\u00e7\u00f5es e informa\u00e7\u00f5es: [&hellip;]<\/p>\n","protected":false},"author":1,"featured_media":13740,"comment_status":"open","ping_status":"open","sticky":false,"template":"","format":"standard","meta":{"om_disable_all_campaigns":false,"_monsterinsights_skip_tracking":false,"_monsterinsights_sitenote_active":false,"_monsterinsights_sitenote_note":"","_monsterinsights_sitenote_category":0,"footnotes":""},"categories":[8,214],"tags":[],"acf":[],"publishpress_future_action":{"enabled":false,"date":"1969-12-31 21:00:00","action":"","terms":[],"taxonomy":"","browser_timezone_offset":0},"_links":{"self":[{"href":"https:\/\/portalfloresnoar.com\/floresnoar\/wp-json\/wp\/v2\/posts\/13738"}],"collection":[{"href":"https:\/\/portalfloresnoar.com\/floresnoar\/wp-json\/wp\/v2\/posts"}],"about":[{"href":"https:\/\/portalfloresnoar.com\/floresnoar\/wp-json\/wp\/v2\/types\/post"}],"author":[{"embeddable":true,"href":"https:\/\/portalfloresnoar.com\/floresnoar\/wp-json\/wp\/v2\/users\/1"}],"replies":[{"embeddable":true,"href":"https:\/\/portalfloresnoar.com\/floresnoar\/wp-json\/wp\/v2\/comments?post=13738"}],"version-history":[{"count":0,"href":"https:\/\/portalfloresnoar.com\/floresnoar\/wp-json\/wp\/v2\/posts\/13738\/revisions"}],"wp:featuredmedia":[{"embeddable":true,"href":"https:\/\/portalfloresnoar.com\/floresnoar\/wp-json\/wp\/v2\/media\/13740"}],"wp:attachment":[{"href":"https:\/\/portalfloresnoar.com\/floresnoar\/wp-json\/wp\/v2\/media?parent=13738"}],"wp:term":[{"taxonomy":"category","embeddable":true,"href":"https:\/\/portalfloresnoar.com\/floresnoar\/wp-json\/wp\/v2\/categories?post=13738"},{"taxonomy":"post_tag","embeddable":true,"href":"https:\/\/portalfloresnoar.com\/floresnoar\/wp-json\/wp\/v2\/tags?post=13738"}],"curies":[{"name":"wp","href":"https:\/\/api.w.org\/{rel}","templated":true}]}}