

{"id":13729,"date":"2014-02-02T19:02:35","date_gmt":"2014-02-02T22:02:35","guid":{"rendered":"http:\/\/portalfloresnoar.com\/floresnoar\/?p=13729"},"modified":"2014-09-24T18:13:29","modified_gmt":"2014-09-24T21:13:29","slug":"xii-simposio-brasileiro-de-terapia-familiar-aborda-o-tema-familia-multiplos-olhares-dias-11-e-12-de-abril-no-recife","status":"publish","type":"post","link":"https:\/\/portalfloresnoar.com\/floresnoar\/xii-simposio-brasileiro-de-terapia-familiar-aborda-o-tema-familia-multiplos-olhares-dias-11-e-12-de-abril-no-recife\/","title":{"rendered":"XII Simp\u00f3sio Brasileiro de Terapia Familiar aborda o tema &#8216;Fam\u00edlia: M\u00faltiplos Olhares&#8217;, dias 11 e 12 de abril, no Recife"},"content":{"rendered":"<p><img decoding=\"async\" loading=\"lazy\" class=\"aligncenter size-full wp-image-13857\" alt=\"simposio familia libertas\" src=\"http:\/\/portalfloresnoar.com\/floresnoar\/wp-content\/uploads\/2014\/01\/simposio-familia-libertas.jpg\" width=\"664\" height=\"1247\" srcset=\"https:\/\/portalfloresnoar.com\/floresnoar\/wp-content\/uploads\/2014\/01\/simposio-familia-libertas.jpg 664w, https:\/\/portalfloresnoar.com\/floresnoar\/wp-content\/uploads\/2014\/01\/simposio-familia-libertas-159x300.jpg 159w, https:\/\/portalfloresnoar.com\/floresnoar\/wp-content\/uploads\/2014\/01\/simposio-familia-libertas-545x1024.jpg 545w\" sizes=\"(max-width: 664px) 100vw, 664px\" \/><\/p>\n<p>Com o tema &#8216;Fam\u00edlia: M\u00faltiplos Olhares&#8217; acontecer\u00e1 nos dias 11 e 12 de abril no Park Hotel, em Boa Viagem\/Recife, o XII Simp\u00f3sio Brasileiro de Terapia Familiar. Este \u00e9 um evento da ABRATEF e organiza\u00e7\u00e3o da APETEF\/LIBERTAS, com apoio do Horizonte Desenvolvimento Humano. O objetivo do Simp\u00f3sio \u00e9 reunir profissionais experientes para apresentarem e dialogarem acerca de diversas tem\u00e1ticas familiares, tais como: Fam\u00edlia: Aliena\u00e7\u00e3o Parental; Aliena\u00e7\u00e3o Parental: os desafios para a terapia fam\u00edlia; Vis\u00e3o Sist\u00eamica da Aliena\u00e7\u00e3o Parental; A crian\u00e7a frente a um pai alienado ou a um pai que se aliena, entre outras.<\/p>\n<p>As inscri\u00e7\u00f5es podem ser feitas por e-mail: libertas@libertas.com.br. As vagas s\u00e3o limitadas. Para outras informa\u00e7\u00f5es ligue: 81 3268.6588 (Horizonte) 81 3268.3311 &#8211; 3441.7462 (Libertas).<\/p>\n","protected":false},"excerpt":{"rendered":"<p>Com o tema &#8216;Fam\u00edlia: M\u00faltiplos Olhares&#8217; acontecer\u00e1 nos dias 11 e 12 de abril no Park Hotel, em Boa Viagem\/Recife, o XII Simp\u00f3sio Brasileiro de Terapia Familiar. Este \u00e9 um evento da ABRATEF e organiza\u00e7\u00e3o da APETEF\/LIBERTAS, com apoio do Horizonte Desenvolvimento Humano. O objetivo do Simp\u00f3sio \u00e9 reunir profissionais experientes para apresentarem e dialogarem [&hellip;]<\/p>\n","protected":false},"author":1,"featured_media":14447,"comment_status":"open","ping_status":"open","sticky":false,"template":"","format":"standard","meta":{"om_disable_all_campaigns":false,"_monsterinsights_skip_tracking":false,"_monsterinsights_sitenote_active":false,"_monsterinsights_sitenote_note":"","_monsterinsights_sitenote_category":0,"footnotes":""},"categories":[8,214],"tags":[],"acf":[],"publishpress_future_action":{"enabled":false,"date":"1969-12-31 21:00:00","action":"","terms":[],"taxonomy":"","browser_timezone_offset":0},"_links":{"self":[{"href":"https:\/\/portalfloresnoar.com\/floresnoar\/wp-json\/wp\/v2\/posts\/13729"}],"collection":[{"href":"https:\/\/portalfloresnoar.com\/floresnoar\/wp-json\/wp\/v2\/posts"}],"about":[{"href":"https:\/\/portalfloresnoar.com\/floresnoar\/wp-json\/wp\/v2\/types\/post"}],"author":[{"embeddable":true,"href":"https:\/\/portalfloresnoar.com\/floresnoar\/wp-json\/wp\/v2\/users\/1"}],"replies":[{"embeddable":true,"href":"https:\/\/portalfloresnoar.com\/floresnoar\/wp-json\/wp\/v2\/comments?post=13729"}],"version-history":[{"count":0,"href":"https:\/\/portalfloresnoar.com\/floresnoar\/wp-json\/wp\/v2\/posts\/13729\/revisions"}],"wp:featuredmedia":[{"embeddable":true,"href":"https:\/\/portalfloresnoar.com\/floresnoar\/wp-json\/wp\/v2\/media\/14447"}],"wp:attachment":[{"href":"https:\/\/portalfloresnoar.com\/floresnoar\/wp-json\/wp\/v2\/media?parent=13729"}],"wp:term":[{"taxonomy":"category","embeddable":true,"href":"https:\/\/portalfloresnoar.com\/floresnoar\/wp-json\/wp\/v2\/categories?post=13729"},{"taxonomy":"post_tag","embeddable":true,"href":"https:\/\/portalfloresnoar.com\/floresnoar\/wp-json\/wp\/v2\/tags?post=13729"}],"curies":[{"name":"wp","href":"https:\/\/api.w.org\/{rel}","templated":true}]}}