

{"id":13674,"date":"2014-02-04T11:47:01","date_gmt":"2014-02-04T14:47:01","guid":{"rendered":"http:\/\/portalfloresnoar.com\/floresnoar\/?p=13674"},"modified":"2014-03-12T09:41:45","modified_gmt":"2014-03-12T12:41:45","slug":"dinamica-de-grupo-com-jovem-adulto-quinzenalmente-no-horizonte","status":"publish","type":"post","link":"https:\/\/portalfloresnoar.com\/floresnoar\/dinamica-de-grupo-com-jovem-adulto-quinzenalmente-no-horizonte\/","title":{"rendered":"&#8216;Din\u00e2mica de Grupo com Jovem Adulto&#8217; quinzenalmente no Horizonte"},"content":{"rendered":"<p><img decoding=\"async\" loading=\"lazy\" class=\"aligncenter size-full wp-image-13675\" alt=\"dinamica de grupo\" src=\"http:\/\/portalfloresnoar.com\/floresnoar\/wp-content\/uploads\/2014\/02\/dinamica-de-grupo.jpg\" width=\"630\" height=\"868\" srcset=\"https:\/\/portalfloresnoar.com\/floresnoar\/wp-content\/uploads\/2014\/02\/dinamica-de-grupo.jpg 630w, https:\/\/portalfloresnoar.com\/floresnoar\/wp-content\/uploads\/2014\/02\/dinamica-de-grupo-217x300.jpg 217w\" sizes=\"(max-width: 630px) 100vw, 630px\" \/><\/p>\n<p>A psic\u00f3loga com Especializa\u00e7\u00e3o em An\u00e1lise Bioener\u00e9tica, arteterapeuta e terapeuta de Fam\u00edlia, Fernanda Andrade Lima, \u00a0facilita encontros de\u00a0<strong>Din\u00e2mica de Grupo com Jovem Adulto<\/strong>,\u00a0quinzenalmente, nas quintas-feiras, das 15h3o \u00e0s 18h, \u00a0no espa\u00e7o Horizonte, no Po\u00e7o da Panela, Recife\/PE.<\/p>\n<p><strong>Mais informa\u00e7\u00f5es:<\/strong><br \/>\nRua Joaquim Xavier de Andrade, 117 \u2013 Po\u00e7o da Panela, Recife\/PE<br \/>\nFone: (81) 3268-6588\/ 8863.4708<br \/>\nE-mail: horizontedh@horizontedh.com.br<\/p>\n","protected":false},"excerpt":{"rendered":"<p>A psic\u00f3loga com Especializa\u00e7\u00e3o em An\u00e1lise Bioener\u00e9tica, arteterapeuta e terapeuta de Fam\u00edlia, Fernanda Andrade Lima, \u00a0facilita encontros de\u00a0Din\u00e2mica de Grupo com Jovem Adulto,\u00a0quinzenalmente, nas quintas-feiras, das 15h3o \u00e0s 18h, \u00a0no espa\u00e7o Horizonte, no Po\u00e7o da Panela, Recife\/PE. Mais informa\u00e7\u00f5es: Rua Joaquim Xavier de Andrade, 117 \u2013 Po\u00e7o da Panela, Recife\/PE Fone: (81) 3268-6588\/ 8863.4708 E-mail: [&hellip;]<\/p>\n","protected":false},"author":1,"featured_media":13676,"comment_status":"open","ping_status":"open","sticky":false,"template":"","format":"standard","meta":{"om_disable_all_campaigns":false,"_monsterinsights_skip_tracking":false,"_monsterinsights_sitenote_active":false,"_monsterinsights_sitenote_note":"","_monsterinsights_sitenote_category":0,"footnotes":""},"categories":[9],"tags":[136,138,149],"acf":[],"publishpress_future_action":{"enabled":false,"date":"1969-12-31 21:00:00","action":"","terms":[],"taxonomy":"","browser_timezone_offset":0},"_links":{"self":[{"href":"https:\/\/portalfloresnoar.com\/floresnoar\/wp-json\/wp\/v2\/posts\/13674"}],"collection":[{"href":"https:\/\/portalfloresnoar.com\/floresnoar\/wp-json\/wp\/v2\/posts"}],"about":[{"href":"https:\/\/portalfloresnoar.com\/floresnoar\/wp-json\/wp\/v2\/types\/post"}],"author":[{"embeddable":true,"href":"https:\/\/portalfloresnoar.com\/floresnoar\/wp-json\/wp\/v2\/users\/1"}],"replies":[{"embeddable":true,"href":"https:\/\/portalfloresnoar.com\/floresnoar\/wp-json\/wp\/v2\/comments?post=13674"}],"version-history":[{"count":0,"href":"https:\/\/portalfloresnoar.com\/floresnoar\/wp-json\/wp\/v2\/posts\/13674\/revisions"}],"wp:featuredmedia":[{"embeddable":true,"href":"https:\/\/portalfloresnoar.com\/floresnoar\/wp-json\/wp\/v2\/media\/13676"}],"wp:attachment":[{"href":"https:\/\/portalfloresnoar.com\/floresnoar\/wp-json\/wp\/v2\/media?parent=13674"}],"wp:term":[{"taxonomy":"category","embeddable":true,"href":"https:\/\/portalfloresnoar.com\/floresnoar\/wp-json\/wp\/v2\/categories?post=13674"},{"taxonomy":"post_tag","embeddable":true,"href":"https:\/\/portalfloresnoar.com\/floresnoar\/wp-json\/wp\/v2\/tags?post=13674"}],"curies":[{"name":"wp","href":"https:\/\/api.w.org\/{rel}","templated":true}]}}