

{"id":13662,"date":"2014-02-27T21:29:19","date_gmt":"2014-02-28T00:29:19","guid":{"rendered":"http:\/\/portalfloresnoar.com\/floresnoar\/?p=13662"},"modified":"2014-03-12T09:34:13","modified_gmt":"2014-03-12T12:34:13","slug":"aulas-de-dancas-e-ritmos-africanos-no-horizonte-desenvolvimento-humano-toda-quarta-feira","status":"publish","type":"post","link":"https:\/\/portalfloresnoar.com\/floresnoar\/aulas-de-dancas-e-ritmos-africanos-no-horizonte-desenvolvimento-humano-toda-quarta-feira\/","title":{"rendered":"Aulas de Dan\u00e7as e Ritmos Africanos no Horizonte Desenvolvimento Humano toda quarta-feira"},"content":{"rendered":"<p><img decoding=\"async\" loading=\"lazy\" class=\" wp-image-13663 alignleft\" alt=\"dan\u00e7a afro\" src=\"http:\/\/portalfloresnoar.com\/floresnoar\/wp-content\/uploads\/2014\/02\/dan\u00e7a-afro.jpg\" width=\"262\" height=\"235\" srcset=\"https:\/\/portalfloresnoar.com\/floresnoar\/wp-content\/uploads\/2014\/02\/dan\u00e7a-afro.jpg 444w, https:\/\/portalfloresnoar.com\/floresnoar\/wp-content\/uploads\/2014\/02\/dan\u00e7a-afro-300x270.jpg 300w\" sizes=\"(max-width: 262px) 100vw, 262px\" \/>O Horizonte Desenvolvimento Humano inicia neste m\u00eas de fevereiro\/2014 aulas de Dan\u00e7as e Ritmos Africanos, facilitada pelo Core\u00f3grafo Mo\u00e7ambicano Manuel Castomo Mussundza, todas as quartas-feiras pela manh\u00e3 e \u00e0 tarde.<\/p>\n<p>Segundo Castomo, as aulas utilizar\u00e3o m\u00e9todos integrados de consci\u00eancia corporal pelo movimento\/repouso tendo como objetivo a intera\u00e7\u00e3o com o pr\u00f3prio corpo, meio social e outros corpos, como tamb\u00e9m a compreens\u00e3o dos movimentos do corpo e voz no tempo e no espa\u00e7o, descobrindo habilidades do pr\u00f3prio corpo, express\u00e3o dos pensamentos, sentimentos e emo\u00e7\u00f5es atrav\u00e9s do corpo, voz, dan\u00e7as e ritmos africanos.<\/p>\n<p><strong>Dia:<\/strong> todas as quartas-feiras<br \/>\n<strong>Hor\u00e1rio:<\/strong> Manh\u00e3 : 7h30 \u00e0s 9h \/ Tarde: 17h \u00e0s 18h30<br \/>\n<strong>Local:<\/strong> Rua Joaquim Xavier de Andrade, 117 \u2013 Po\u00e7o da Panela, Recife\/PE<br \/>\n<strong>Investimento:<\/strong> R$ 90,00 por m\u00eas ou R$30,00 por cada aula avulsa<\/p>\n<p><strong>Maiores informa\u00e7\u00f5es e inscri\u00e7\u00f5es pelos telefones:<\/strong> (81) 3268-6588 e 8863-4708 (falar com Rose).<\/p>\n","protected":false},"excerpt":{"rendered":"<p>O Horizonte Desenvolvimento Humano inicia neste m\u00eas de fevereiro\/2014 aulas de Dan\u00e7as e Ritmos Africanos, facilitada pelo Core\u00f3grafo Mo\u00e7ambicano Manuel Castomo Mussundza, todas as quartas-feiras pela manh\u00e3 e \u00e0 tarde. Segundo Castomo, as aulas utilizar\u00e3o m\u00e9todos integrados de consci\u00eancia corporal pelo movimento\/repouso tendo como objetivo a intera\u00e7\u00e3o com o pr\u00f3prio corpo, meio social e outros [&hellip;]<\/p>\n","protected":false},"author":1,"featured_media":13663,"comment_status":"open","ping_status":"open","sticky":false,"template":"","format":"standard","meta":{"om_disable_all_campaigns":false,"_monsterinsights_skip_tracking":false,"_monsterinsights_sitenote_active":false,"_monsterinsights_sitenote_note":"","_monsterinsights_sitenote_category":0,"footnotes":""},"categories":[9],"tags":[42],"acf":[],"publishpress_future_action":{"enabled":false,"date":"1969-12-31 21:00:00","action":"","terms":[],"taxonomy":"","browser_timezone_offset":0},"_links":{"self":[{"href":"https:\/\/portalfloresnoar.com\/floresnoar\/wp-json\/wp\/v2\/posts\/13662"}],"collection":[{"href":"https:\/\/portalfloresnoar.com\/floresnoar\/wp-json\/wp\/v2\/posts"}],"about":[{"href":"https:\/\/portalfloresnoar.com\/floresnoar\/wp-json\/wp\/v2\/types\/post"}],"author":[{"embeddable":true,"href":"https:\/\/portalfloresnoar.com\/floresnoar\/wp-json\/wp\/v2\/users\/1"}],"replies":[{"embeddable":true,"href":"https:\/\/portalfloresnoar.com\/floresnoar\/wp-json\/wp\/v2\/comments?post=13662"}],"version-history":[{"count":0,"href":"https:\/\/portalfloresnoar.com\/floresnoar\/wp-json\/wp\/v2\/posts\/13662\/revisions"}],"wp:featuredmedia":[{"embeddable":true,"href":"https:\/\/portalfloresnoar.com\/floresnoar\/wp-json\/wp\/v2\/media\/13663"}],"wp:attachment":[{"href":"https:\/\/portalfloresnoar.com\/floresnoar\/wp-json\/wp\/v2\/media?parent=13662"}],"wp:term":[{"taxonomy":"category","embeddable":true,"href":"https:\/\/portalfloresnoar.com\/floresnoar\/wp-json\/wp\/v2\/categories?post=13662"},{"taxonomy":"post_tag","embeddable":true,"href":"https:\/\/portalfloresnoar.com\/floresnoar\/wp-json\/wp\/v2\/tags?post=13662"}],"curies":[{"name":"wp","href":"https:\/\/api.w.org\/{rel}","templated":true}]}}