

{"id":13652,"date":"2014-02-01T23:23:53","date_gmt":"2014-02-02T02:23:53","guid":{"rendered":"http:\/\/portalfloresnoar.com\/floresnoar\/?p=13652"},"modified":"2014-09-24T18:13:29","modified_gmt":"2014-09-24T21:13:29","slug":"inscricoes-abertas-para-especializacao-em-gestao-de-equipes-que-acontece-a-partir-de-28-de-marco-no-libertas","status":"publish","type":"post","link":"https:\/\/portalfloresnoar.com\/floresnoar\/inscricoes-abertas-para-especializacao-em-gestao-de-equipes-que-acontece-a-partir-de-28-de-marco-no-libertas\/","title":{"rendered":"Inscri\u00e7\u00f5es abertas para &#8216;Especializa\u00e7\u00e3o em Gest\u00e3o de Equipes&#8217;. In\u00edcio dia 28\/03, no Libertas"},"content":{"rendered":"<p><img decoding=\"async\" loading=\"lazy\" class=\"aligncenter size-full wp-image-13653\" alt=\"Gest\u00e3o de Equipes - 2014\" src=\"http:\/\/portalfloresnoar.com\/floresnoar\/wp-content\/uploads\/2014\/02\/Gest\u00e3o-de-Equipes-2014.jpg\" width=\"655\" height=\"1005\" srcset=\"https:\/\/portalfloresnoar.com\/floresnoar\/wp-content\/uploads\/2014\/02\/Gest\u00e3o-de-Equipes-2014.jpg 655w, https:\/\/portalfloresnoar.com\/floresnoar\/wp-content\/uploads\/2014\/02\/Gest\u00e3o-de-Equipes-2014-195x300.jpg 195w\" sizes=\"(max-width: 655px) 100vw, 655px\" \/><\/p>\n<p>No dia 28 de mar\u00e7o tem in\u00edcio uma nova turma de Especializa\u00e7\u00e3o em Gest\u00e3o de Equipes (9\u00aa Turma) no Libertas\/ Recife. O Curso \u00e9 credenciado pelo MEC e tem como objetivo desenvolver a capacidade dos gestores para atuarem, dentro de uma vis\u00e3o sist\u00eamica, como facilitadores do desenvolvimento humano no mundo do trabalho e do processo de forma\u00e7\u00e3o e desenvolvimento das equipes.<\/p>\n<p><strong>Mais informa\u00e7\u00f5es:<\/strong><br \/>\nFones: 81-3268.3596\/3268. 3311\/ 3441.7462<br \/>\nE-mail: libertas@libertas.com.br<br \/>\nSite: <a href=\"http:\/\/www.libertas.com.br\/\" target=\"_blank\">http:\/\/www.libertas.com.br\/<\/a><\/p>\n","protected":false},"excerpt":{"rendered":"<p>No dia 28 de mar\u00e7o tem in\u00edcio uma nova turma de Especializa\u00e7\u00e3o em Gest\u00e3o de Equipes (9\u00aa Turma) no Libertas\/ Recife. O Curso \u00e9 credenciado pelo MEC e tem como objetivo desenvolver a capacidade dos gestores para atuarem, dentro de uma vis\u00e3o sist\u00eamica, como facilitadores do desenvolvimento humano no mundo do trabalho e do processo [&hellip;]<\/p>\n","protected":false},"author":1,"featured_media":13654,"comment_status":"open","ping_status":"open","sticky":false,"template":"","format":"standard","meta":{"om_disable_all_campaigns":false,"_monsterinsights_skip_tracking":false,"_monsterinsights_sitenote_active":false,"_monsterinsights_sitenote_note":"","_monsterinsights_sitenote_category":0,"footnotes":""},"categories":[8,214],"tags":[],"acf":[],"publishpress_future_action":{"enabled":false,"date":"1969-12-31 21:00:00","action":"","terms":[],"taxonomy":"","browser_timezone_offset":0},"_links":{"self":[{"href":"https:\/\/portalfloresnoar.com\/floresnoar\/wp-json\/wp\/v2\/posts\/13652"}],"collection":[{"href":"https:\/\/portalfloresnoar.com\/floresnoar\/wp-json\/wp\/v2\/posts"}],"about":[{"href":"https:\/\/portalfloresnoar.com\/floresnoar\/wp-json\/wp\/v2\/types\/post"}],"author":[{"embeddable":true,"href":"https:\/\/portalfloresnoar.com\/floresnoar\/wp-json\/wp\/v2\/users\/1"}],"replies":[{"embeddable":true,"href":"https:\/\/portalfloresnoar.com\/floresnoar\/wp-json\/wp\/v2\/comments?post=13652"}],"version-history":[{"count":0,"href":"https:\/\/portalfloresnoar.com\/floresnoar\/wp-json\/wp\/v2\/posts\/13652\/revisions"}],"wp:featuredmedia":[{"embeddable":true,"href":"https:\/\/portalfloresnoar.com\/floresnoar\/wp-json\/wp\/v2\/media\/13654"}],"wp:attachment":[{"href":"https:\/\/portalfloresnoar.com\/floresnoar\/wp-json\/wp\/v2\/media?parent=13652"}],"wp:term":[{"taxonomy":"category","embeddable":true,"href":"https:\/\/portalfloresnoar.com\/floresnoar\/wp-json\/wp\/v2\/categories?post=13652"},{"taxonomy":"post_tag","embeddable":true,"href":"https:\/\/portalfloresnoar.com\/floresnoar\/wp-json\/wp\/v2\/tags?post=13652"}],"curies":[{"name":"wp","href":"https:\/\/api.w.org\/{rel}","templated":true}]}}