

{"id":13069,"date":"2014-01-21T09:47:45","date_gmt":"2014-01-21T12:47:45","guid":{"rendered":"http:\/\/portalfloresnoar.com\/floresnoar\/?p=13069"},"modified":"2014-09-24T18:13:30","modified_gmt":"2014-09-24T21:13:30","slug":"oficina-danca-contemporanea-seu-corpo-sua-danca-a-partir-de-marco2014-no-gerar","status":"publish","type":"post","link":"https:\/\/portalfloresnoar.com\/floresnoar\/oficina-danca-contemporanea-seu-corpo-sua-danca-a-partir-de-marco2014-no-gerar\/","title":{"rendered":"Oficina &#8216;Dan\u00e7a Contempor\u00e2nea: Seu Corpo Sua Dan\u00e7a&#8217;"},"content":{"rendered":"<p><img decoding=\"async\" class=\"aligncenter size-full wp-image-13070\" alt=\"dan\u00e7a val\u00e9ria medeiros\" src=\"http:\/\/portalfloresnoar.com\/floresnoar\/wp-content\/uploads\/2013\/12\/dan\u00e7a-val\u00e9ria-medeiros.jpg\" \/><\/p>\n<p>A bailarina, professora de dan\u00e7a e arteterapeuta Val\u00e9ria Medeiros est\u00e1 oferecendo no no Gerar a oficina \u201cDan\u00e7a Contempor\u00e2nea: seu corpo sua dan\u00e7a\u201d, voltada para todas as pessoas que desejam \u00a0uma melhor consci\u00eancia de si e do seu corpo. Os encontros acontecer\u00e3o a partir de 11 de mar\u00e7o\/2014, sempre \u00e0s ter\u00e7as-feiras, das 19h \u00e0s 21h. O investimento por m\u00eas \u00e9 de R$ 120,00. A oficina ser\u00e1 dividida por m\u00f3dulos, cada um composto de quatro ou cinco encontros. Ser\u00e1 poss\u00edvel participar de m\u00f3dulos isolados.<\/p>\n<p>A oficina prop\u00f5e trabalhar a improvisa\u00e7\u00e3o e a cria\u00e7\u00e3o em dan\u00e7a a partir de est\u00edmulos diversos, como imagens, sons, hist\u00f3rias, elementos da natureza, na busca da dan\u00e7a de cada um. A partir de exerc\u00edcios, din\u00e2micas e brincadeiras, cada participante ser\u00e1 encorajado a descobrir sua pr\u00f3pria forma de se movimentar e assim se conhecer melhor. &#8220;\u00c9 a partir do autoconhecimento que somos capazes de conduzir melhor as nossas escolhas e sermos mais felizes&#8221;, destaca \u00a0Val\u00e9ria Medeiros.<\/p>\n<p><em>Val\u00e9ria Medeiros \u00e9 Arteterapeuta, bailarina, core\u00f3grafa e professora de dan\u00e7a, no momento d\u00e1 aulas para crian\u00e7as e adolescentes no Espa\u00e7o Endan\u00e7a e na ONG Em Cena Arte e Cidadania. Iniciou a sua pr\u00e1tica profissional como professora na academia Studio de Dan\u00e7as, tendo atuado tamb\u00e9m no Instituto Helena Lubienska e Escola Encontro. Foi Coordenadora Pedag\u00f3gica nos Festivais de Teatro e de Dan\u00e7a do Recife entre 2003 e 2009. Coreografias recentes incluem o espet\u00e1culo infantil \u201cAmanh\u00e3 \u00e9 depois! Hoje \u00e9 brinquedo\u201d, \u201cDisse Me Dan\u00e7a\u201d da ONG Em Cena Arte e Cidadania e &#8220;O Urubu Cor de Rosa&#8221;, espet\u00e1culo de teatro infantil realizado pelo Grupo Scenas. Tem forma\u00e7\u00e3o superior em Fonoaudiologia e \u00e9 especialista em psicomotricidade relacional. Dan\u00e7ou nos grupos Cais do Corpo e Grupo Grial de Dan\u00e7a.<\/em><\/p>\n<p>SERVI\u00c7O<br \/>\n<strong>Oficina: Dan\u00e7a Contempor\u00e2nea: Seu Corpo, Sua Dan\u00e7a<\/strong><br \/>\nQuando: de mar\u00e7o a novembro de 2014. Sempre \u00e0s ter\u00e7as-feiras<br \/>\nHora: das 19h \u00e0s 21h.<br \/>\nLocal: Gerar Arteterapia e Bem Estar<br \/>\nFacilitadora: Val\u00e9ria Medeiros<br \/>\nP\u00fablico alvo: arteterapeutas, psic\u00f3logos, artistas, estudantes e todos que desejam uma melhor consci\u00eancia de si e do seu corpo<\/p>\n<p><em>Veja tamb\u00e9m:<\/em><\/p>\n<h3><a href=\"http:\/\/portalfloresnoar.com\/floresnoar\/valeria-medeiros-fala-sobre-da-importancia-da-danca-para-saude\/\" target=\"_blank\">\u2018A dan\u00e7a \u00e9 meu equil\u00edbrio!\u2019 Confira entrevista com a bailarina Val\u00e9ria Medeiros<\/a><\/h3>\n","protected":false},"excerpt":{"rendered":"<p>A bailarina, professora de dan\u00e7a e arteterapeuta Val\u00e9ria Medeiros est\u00e1 oferecendo no no Gerar a oficina \u201cDan\u00e7a Contempor\u00e2nea: seu corpo sua dan\u00e7a\u201d, voltada para todas as pessoas que desejam \u00a0uma melhor consci\u00eancia de si e do seu corpo. Os encontros acontecer\u00e3o a partir de 11 de mar\u00e7o\/2014, sempre \u00e0s ter\u00e7as-feiras, das 19h \u00e0s 21h. O [&hellip;]<\/p>\n","protected":false},"author":1,"featured_media":13085,"comment_status":"open","ping_status":"open","sticky":false,"template":"","format":"standard","meta":{"om_disable_all_campaigns":false,"_monsterinsights_skip_tracking":false,"_monsterinsights_sitenote_active":false,"_monsterinsights_sitenote_note":"","_monsterinsights_sitenote_category":0,"footnotes":""},"categories":[8,214],"tags":[42],"acf":[],"publishpress_future_action":{"enabled":false,"date":"1969-12-31 21:00:00","action":"","terms":[],"taxonomy":"","browser_timezone_offset":0},"_links":{"self":[{"href":"https:\/\/portalfloresnoar.com\/floresnoar\/wp-json\/wp\/v2\/posts\/13069"}],"collection":[{"href":"https:\/\/portalfloresnoar.com\/floresnoar\/wp-json\/wp\/v2\/posts"}],"about":[{"href":"https:\/\/portalfloresnoar.com\/floresnoar\/wp-json\/wp\/v2\/types\/post"}],"author":[{"embeddable":true,"href":"https:\/\/portalfloresnoar.com\/floresnoar\/wp-json\/wp\/v2\/users\/1"}],"replies":[{"embeddable":true,"href":"https:\/\/portalfloresnoar.com\/floresnoar\/wp-json\/wp\/v2\/comments?post=13069"}],"version-history":[{"count":0,"href":"https:\/\/portalfloresnoar.com\/floresnoar\/wp-json\/wp\/v2\/posts\/13069\/revisions"}],"wp:featuredmedia":[{"embeddable":true,"href":"https:\/\/portalfloresnoar.com\/floresnoar\/wp-json\/wp\/v2\/media\/13085"}],"wp:attachment":[{"href":"https:\/\/portalfloresnoar.com\/floresnoar\/wp-json\/wp\/v2\/media?parent=13069"}],"wp:term":[{"taxonomy":"category","embeddable":true,"href":"https:\/\/portalfloresnoar.com\/floresnoar\/wp-json\/wp\/v2\/categories?post=13069"},{"taxonomy":"post_tag","embeddable":true,"href":"https:\/\/portalfloresnoar.com\/floresnoar\/wp-json\/wp\/v2\/tags?post=13069"}],"curies":[{"name":"wp","href":"https:\/\/api.w.org\/{rel}","templated":true}]}}