

{"id":12956,"date":"2013-12-03T22:16:05","date_gmt":"2013-12-04T01:16:05","guid":{"rendered":"http:\/\/portalfloresnoar.com\/floresnoar\/?p=12956"},"modified":"2013-12-04T09:10:22","modified_gmt":"2013-12-04T12:10:22","slug":"medico-julio-lins-fala-sobre-as-praticas-integrativas-e-a-humanizacao-da-saude","status":"publish","type":"post","link":"https:\/\/portalfloresnoar.com\/floresnoar\/medico-julio-lins-fala-sobre-as-praticas-integrativas-e-a-humanizacao-da-saude\/","title":{"rendered":"M\u00e9dico Julio Lins fala sobre as pr\u00e1ticas integrativas e a humaniza\u00e7\u00e3o na Sa\u00fade"},"content":{"rendered":"<pre>Por Maria J\u00falia Sette<\/pre>\n<p><img decoding=\"async\" loading=\"lazy\" class=\" wp-image-12958 alignleft\" alt=\"julio lins\" src=\"http:\/\/portalfloresnoar.com\/floresnoar\/wp-content\/uploads\/2013\/12\/julio-lins.jpg\" width=\"304\" height=\"212\" srcset=\"https:\/\/portalfloresnoar.com\/floresnoar\/wp-content\/uploads\/2013\/12\/julio-lins.jpg 506w, https:\/\/portalfloresnoar.com\/floresnoar\/wp-content\/uploads\/2013\/12\/julio-lins-300x209.jpg 300w, https:\/\/portalfloresnoar.com\/floresnoar\/wp-content\/uploads\/2013\/12\/julio-lins-150x104.jpg 150w, https:\/\/portalfloresnoar.com\/floresnoar\/wp-content\/uploads\/2013\/12\/julio-lins-400x279.jpg 400w\" sizes=\"(max-width: 304px) 100vw, 304px\" \/>O m\u00e9dico, meditador e\u00a0gestor de Pr\u00e1ticas Integrativas em Sa\u00fade da Prefeitura do Recife, J\u00falio Lins, representou Pernambuco no concurso cultural \u201cSomos Parte do SUS que d\u00e1 Certo\u201d, que teve sua \u00faltima etapa, no dia 28 de novembro\/2013, na sede da Organiza\u00e7\u00e3o Pan-Americana da Sa\u00fade (OPAS), em Bras\u00edlia. Ao chegar no Recife, J\u00falio compartilhou com o <a href=\"www.portalfloresnoar.com\" target=\"_blank\">Portal Flores no Ar <\/a>suas impress\u00f5es e sentimentos sobre o evento. Entre os temas abordados, conversamos sobre a Pol\u00edtica Nacional de Humaniza\u00e7\u00e3o do SUS e o trabalho que possibilita pessoas da periferia do Recife realizarem pr\u00e1ticas como medita\u00e7\u00e3o, Yoga e Tai Chi Chuan.\u00a0Confira a entrevista!<\/p>\n<p><strong><\/strong><b>No \u00faltimo dia 28 de novembro, voc\u00ea \u00a0foi o \u00fanico representante de Pernambuco a participar, como convidado, do Semin\u00e1rio 10 anos da Pol\u00edtica Nacional de Humaniza\u00e7\u00e3o (PNH), em Bras\u00edlia. De onde partiu esse convite?<\/b><br \/>\nParticipei recentemente do concurso intitulado \u201cSomos Parte do SUS que d\u00e1 Certo\u201d,\u00a0onde pessoas que desenvolvem projetos de humaniza\u00e7\u00e3o do SUS enviaram seus v\u00eddeos institucionais e outros v\u00eddeos com o objetivo de contar sobre os seus trabalhos. Foram selecionados 30 v\u00eddeos que expressam as inten\u00e7\u00f5es e avan\u00e7os no processo de humaniza\u00e7\u00e3o do SUS. Ent\u00e3o, estivemos em roda na Organiza\u00e7\u00e3o Pan-Americana de Sa\u00fade, onde estavam presentes autoridades, representantes do Minist\u00e9rio da Sa\u00fade, representantes de Angola, os 30 convidados da rede de humaniza\u00e7\u00e3o e os apoios institucionais da pr\u00f3pria equipe de humaniza\u00e7\u00e3o do minist\u00e9rio nas diferentes regi\u00f5es do pa\u00eds. Foi bem interessante o debate e extremamente produtivo.<\/p>\n<p><b>O <a href=\"http:\/\/portalfloresnoar.com\/floresnoar\/praticas-integrativas-no-sus-uma-experiencia-de-sucesso-no-recife\/\" target=\"_blank\">v\u00eddeo<\/a> realizado por voc\u00ea e sua equipe foi selecionado entre 284 inscritos, todos representando iniciativas de humaniza\u00e7\u00e3o do SUS no Brasil. Conte-nos sobre o trabalho <b>desenvolvido no Recife<\/b>\u00a0na \u00e1rea da sa\u00fade integrativa .<\/b><br \/>\nDesenvolvemos um trabalho de humaniza\u00e7\u00e3o da sa\u00fade, a partir da introdu\u00e7\u00e3o de pr\u00e1ticas integrativas e complementares, o que as pessoas, em geral, conhecem como medicina alternativa. N\u00f3s inclu\u00edmos outras maneiras de pensar a sa\u00fade que partem de outros paradigmas. Um entendimento que o direito \u00e0 sa\u00fade integral inclui tamb\u00e9m o direito a outras formas de assist\u00eancia e do acesso \u00e0 informa\u00e7\u00e3o sobre outras pr\u00e1ticas de promo\u00e7\u00e3o de sa\u00fade como Yoga, Tai Chi Chuan, Homeopatia, Acupuntura, Medita\u00e7\u00e3o, Biodan\u00e7a, Dan\u00e7a Circular, Arteterapia e outras disciplinas. N\u00f3s desenvolvemos essas atividades l\u00e1 no Centro Integrado de Sa\u00fade (CIS),que fica no Engenho do Meio, na\u00a0<em>Unidade<\/em>\u00a0de Cuidados Integrais \u00e0 Sa\u00fade Professor\u00a0<em>Guilherme Abath<\/em>, localizada no bairro do Encruzilhada e no N\u00facleo de Apoio \u00e0s Pr\u00e1ticas Integrativas (NAPI). Atualmente eu sou o coordenador de uma pol\u00edtica municipal e n\u00f3s atendemos 45 Unidades de Sa\u00fade da Fam\u00edlia. Estamos fazendo uma m\u00e9dia de 4 mil atendimentos por m\u00eas, somando as duas unidades especializadas, o CIS e o Guilherme Abath. Buscamos n\u00e3o s\u00f3 o processo de reflex\u00e3o cr\u00edtica, mas tamb\u00e9m uma proposi\u00e7\u00e3o dos caminhos que podemos integrar outros saberes para ampliar o cuidado do ser humano naquilo que temos de mais humano.<\/p>\n<p><b>O que mais chama aten\u00e7\u00e3o na rela\u00e7\u00e3o entre os usu\u00e1rios do SUS e as pr\u00e1ticas integrativas?<\/b><br \/>\nTem muitas pessoas que nos procuram por n\u00e3o encontrar respostas efetivas em outros tratamentos. At\u00e9 porque o outro modelo n\u00e3o serviu e, \u00e0s vezes, um novo modelo de aten\u00e7\u00e3o d\u00e1 uma resposta que ele n\u00e3o encontrou. H\u00e1 uma rela\u00e7\u00e3o linda, existem v\u00e1rias hist\u00f3rias maravilhosas, de se sentir valorizados, das pessoas relatarem que estavam muito angustiadas e a ang\u00fastia n\u00e3o era tratada. Tem at\u00e9 uma pessoa que diz, em nosso v\u00eddeo institucional, que estava muito revoltada com o sistema antes de nos encontrar. Ao tratar-se conosco encontrou respostas para o seu equil\u00edbrio mental e f\u00edsico. Tem, por exemplo, uma usu\u00e1ria que tem problema de h\u00e9rnia de disco cr\u00f4nica e tamb\u00e9m problemas de depress\u00e3o. Ela vinha se tratando em hospitais, no sistema privado, sem encontrar respostas e por causa de uma quest\u00e3o de fam\u00edlia ela perdeu o plano de sa\u00fade e teve que procurar o SUS. Ela teve a grata surpresa de em quatro meses de tratamento melhorar de um problema de sa\u00fade que em anos e anos de tratamento no sistema alop\u00e1tico n\u00e3o encontrava nenhuma resposta. Ent\u00e3o n\u00f3s ensinamos pr\u00e1ticas de autocuidado, que as pessoas seguem fazendo. As pessoas aprendem Medita\u00e7\u00e3o, Yoga e Tai Chi Chuan conosco e seguem praticando diariamente. N\u00f3s tamb\u00e9m fazemos atendimentos cl\u00ednicos e orienta\u00e7\u00f5es na parte de Alimenta\u00e7\u00e3o Viva, Homeopatia e outros tratamentos como Acupuntura, por exemplo.<\/p>\n<p><b>Qual a sua perspectiva em rela\u00e7\u00e3o \u00e0 Pol\u00edtica Nacional de Humaniza\u00e7\u00e3o do SUS? O que voc\u00ea v\u00ea de positivo e quais os principais desafios<\/b>?<br \/>\nEu vejo que \u00e9 uma rede engajada de profissionais da sa\u00fade direcionada por uma equipe extremamente competente que coordena essa rede. S\u00e3o profissionais bem alinhados com a import\u00e2ncia da comunica\u00e7\u00e3o, com o trabalho transversal, como sendo uma pol\u00edtica que deve estar em todos os lugares da sa\u00fade, desde os hospitais, at\u00e9 a aten\u00e7\u00e3o b\u00e1sica. Entendem que a cl\u00ednica e a gest\u00e3o precisam andar juntas e ambas precisam ser debatidas do ponto de vista da humaniza\u00e7\u00e3o. Eu acredito que \u00e9 um coletivo que tem um grande potencial para auxiliar para o pr\u00f3ximo passo que n\u00f3s precisamos dar em dire\u00e7\u00e3o ao direito da sa\u00fade. Acredito que a minha presen\u00e7a l\u00e1 como o \u00fanico projeto de pr\u00e1ticas integrativas e, ainda, representando Pernambuco foi bem interessante. Combinamos, inclusive, que nos pr\u00f3ximos manuais do Humaniza SUS, as pr\u00e1ticas integrativas j\u00e1 estar\u00e3o contempladas como diretrizes. Isso foi uma vit\u00f3ria muito grande. N\u00f3s precisamos participar mais dessa rede, estar junto com pessoas que t\u00eam um grande potencial de revolucionar a maneira como se faz e se olha para a sa\u00fade.<\/p>\n<p><b>E os outros trabalhos presentes?<\/b><br \/>\nTinham diferentes trabalhos. No Norte do pa\u00eds, por exemplo, trabalhos extremamente interessantes com unidade de sa\u00fade fluvial que viaja pelos rios da regi\u00e3o do Amazonas, trabalhando com sa\u00fade numa perspectiva de humaniza\u00e7\u00e3o do acesso ao direito \u00e0 sa\u00fade. Inclusive o trabalho que representou a Para\u00edba de uma m\u00e9dica pernambucana, Melania, foi muito bonito, ficou entre os dez v\u00eddeos selecionados para o cat\u00e1logo que representa a pol\u00edtica de humaniza\u00e7\u00e3o do SUS nos \u00faltimos dez anos. Tinham v\u00e1rios trabalhos interessantes na humaniza\u00e7\u00e3o do atendimento hospitalar. E o ponto em comum \u00e9 o fato de efetivamente implantar a\u00e7\u00f5es de cuidados cotidianos tanto para os profissionais como aos usu\u00e1rios. Um cuidado com o ser humano para al\u00e9m da tecnocracia.<\/p>\n<p><b>Voc\u00ea gostaria de comentar mais alguma coisa?<\/b><br \/>\nQuero falar sobre a mensagem que levamos para Bras\u00edlia nesta \u00faltima etapa do concurso. Ressaltamos que n\u00f3s j\u00e1 temos uma constru\u00e7\u00e3o robusta para debater e ensinar \u00e9tica do ponto de vista laico, ensinando compaix\u00e3o, a partir da contempla\u00e7\u00e3o da nossa situa\u00e7\u00e3o atual como seres humanos. E n\u00f3s entendemos laico como principio \u00e9tico que diz que se n\u00f3s estamos equivocados do ponto de vista racional, n\u00f3s mudaremos de opini\u00e3o, sem dogmas, sem imposi\u00e7\u00f5es, mas a partir da contempla\u00e7\u00e3o da nossa situa\u00e7\u00e3o como ser humano. N\u00f3s temos todo arcabou\u00e7o necess\u00e1rio, bem estruturado, para um processo de forma\u00e7\u00e3o \u00e9tica. N\u00f3s temos tecnologias sutis a partir dos processos de medita\u00e7\u00e3o e do processo de viv\u00eancia das outras pr\u00e1ticas integrativas inspiradas em trabalhos como do Instituto Mind &amp; Life, da Antroposofia, dos humanistas, como Paulo Freire, e todo o processo de educa\u00e7\u00e3o de qualidades humanas. N\u00f3s temos tecnologia para ensinar paci\u00eancia, generosidade, conduta moral para as pessoas, a partir de uma \u00e9tica laica. O processo de humaniza\u00e7\u00e3o \u00e9 algo que acontece em n\u00f3s mesmos, n\u00f3s precisamos refletir em como est\u00e1 o nosso processo de humaniza\u00e7\u00e3o. Precisamos amadurecer muito para falar adequadamente que somos <em>Homo sapiens sapiens<\/em>. A condi\u00e7\u00e3o humana n\u00e3o \u00e9 algo dado simplesmente pela natureza. \u00c9 algo que n\u00f3s constru\u00edmos a partir do nosso processo de autoeduca\u00e7\u00e3o. O conceito de sa\u00fade est\u00e1 intimamente ligado ao de humaniza\u00e7\u00e3o. E n\u00e3o se pode desvincular a humaniza\u00e7\u00e3o do desenvolvimento das virtudes humanas.<\/p>\n<p><strong><em>Saiba mais nos links abaixo:<\/em><\/strong><\/p>\n<p><a href=\"https:\/\/www.facebook.com\/photo.php?v=695003423857579&amp;set=vb.100000437827727&amp;type=2&amp;theater\" target=\"_blank\" rel=\"nofollow\">https:\/\/www.facebook.com\/photo.php?v=695003423857579&amp;set=vb.100000437827727&amp;type=2&amp;theater<\/a><br \/>\n<a href=\"http:\/\/portalfloresnoar.com\/floresnoar\/praticas-integrativas-no-sus-uma-experiencia-de-sucesso-no-recife\/\">http:\/\/portalfloresnoar.com\/floresnoar\/praticas-integrativas-no-sus-uma-experiencia-de-sucesso-no-recife\/<\/a><br \/>\n<a href=\"http:\/\/ucisguilhermeabath.blogspot.com.br\/\" target=\"_blank\">http:\/\/ucisguilhermeabath.blogspot.com.br\/<\/a><br \/>\n<a href=\"https:\/\/www.facebook.com\/pages\/CIS-Centro-Integrado-de-Sa%C3%BAde\/473420549360187\" target=\"_blank\">https:\/\/www.facebook.com\/pages\/CIS-Centro-Integrado-de-Sa%C3%BAde\/473420549360187<\/a><br \/>\n<a href=\"http:\/\/cisrecife.blogspot.com.br\/\">http:\/\/cisrecife.blogspot.com.br<\/a><\/p>\n","protected":false},"excerpt":{"rendered":"<p>Por Maria J\u00falia Sette O m\u00e9dico, meditador e\u00a0gestor de Pr\u00e1ticas Integrativas em Sa\u00fade da Prefeitura do Recife, J\u00falio Lins, representou Pernambuco no concurso cultural \u201cSomos Parte do SUS que d\u00e1 Certo\u201d, que teve sua \u00faltima etapa, no dia 28 de novembro\/2013, na sede da Organiza\u00e7\u00e3o Pan-Americana da Sa\u00fade (OPAS), em Bras\u00edlia. Ao chegar no Recife, [&hellip;]<\/p>\n","protected":false},"author":1,"featured_media":12958,"comment_status":"open","ping_status":"open","sticky":false,"template":"","format":"standard","meta":{"om_disable_all_campaigns":false,"_monsterinsights_skip_tracking":false,"_monsterinsights_sitenote_active":false,"_monsterinsights_sitenote_note":"","_monsterinsights_sitenote_category":0,"footnotes":""},"categories":[11],"tags":[27,127],"acf":[],"publishpress_future_action":{"enabled":false,"date":"1969-12-31 21:00:00","action":"","terms":[],"taxonomy":"","browser_timezone_offset":0},"_links":{"self":[{"href":"https:\/\/portalfloresnoar.com\/floresnoar\/wp-json\/wp\/v2\/posts\/12956"}],"collection":[{"href":"https:\/\/portalfloresnoar.com\/floresnoar\/wp-json\/wp\/v2\/posts"}],"about":[{"href":"https:\/\/portalfloresnoar.com\/floresnoar\/wp-json\/wp\/v2\/types\/post"}],"author":[{"embeddable":true,"href":"https:\/\/portalfloresnoar.com\/floresnoar\/wp-json\/wp\/v2\/users\/1"}],"replies":[{"embeddable":true,"href":"https:\/\/portalfloresnoar.com\/floresnoar\/wp-json\/wp\/v2\/comments?post=12956"}],"version-history":[{"count":0,"href":"https:\/\/portalfloresnoar.com\/floresnoar\/wp-json\/wp\/v2\/posts\/12956\/revisions"}],"wp:featuredmedia":[{"embeddable":true,"href":"https:\/\/portalfloresnoar.com\/floresnoar\/wp-json\/wp\/v2\/media\/12958"}],"wp:attachment":[{"href":"https:\/\/portalfloresnoar.com\/floresnoar\/wp-json\/wp\/v2\/media?parent=12956"}],"wp:term":[{"taxonomy":"category","embeddable":true,"href":"https:\/\/portalfloresnoar.com\/floresnoar\/wp-json\/wp\/v2\/categories?post=12956"},{"taxonomy":"post_tag","embeddable":true,"href":"https:\/\/portalfloresnoar.com\/floresnoar\/wp-json\/wp\/v2\/tags?post=12956"}],"curies":[{"name":"wp","href":"https:\/\/api.w.org\/{rel}","templated":true}]}}