

{"id":12648,"date":"2013-11-19T12:56:47","date_gmt":"2013-11-19T15:56:47","guid":{"rendered":"http:\/\/portalfloresnoar.com\/floresnoar\/?p=12648"},"modified":"2013-11-19T13:03:10","modified_gmt":"2013-11-19T16:03:10","slug":"pedagoga-afirma-que-gestos-e-cancoes-sao-meios-para-educar-a-crianca-pequena","status":"publish","type":"post","link":"https:\/\/portalfloresnoar.com\/floresnoar\/pedagoga-afirma-que-gestos-e-cancoes-sao-meios-para-educar-a-crianca-pequena\/","title":{"rendered":"Pedagoga afirma que gestos e can\u00e7\u00f5es s\u00e3o fundamentais na educa\u00e7\u00e3o de crian\u00e7as pequenas"},"content":{"rendered":"<pre>Por Maria J\u00falia Sette\r\nmjuliasette@hotmail.com<\/pre>\n<pre><\/pre>\n<p><img decoding=\"async\" loading=\"lazy\" class=\" wp-image-12652 alignleft\" alt=\"materneiras4\" src=\"http:\/\/portalfloresnoar.com\/floresnoar\/wp-content\/uploads\/2013\/11\/materneiras4.jpg\" width=\"324\" height=\"243\" srcset=\"https:\/\/portalfloresnoar.com\/floresnoar\/wp-content\/uploads\/2013\/11\/materneiras4.jpg 600w, https:\/\/portalfloresnoar.com\/floresnoar\/wp-content\/uploads\/2013\/11\/materneiras4-300x225.jpg 300w, https:\/\/portalfloresnoar.com\/floresnoar\/wp-content\/uploads\/2013\/11\/materneiras4-150x112.jpg 150w, https:\/\/portalfloresnoar.com\/floresnoar\/wp-content\/uploads\/2013\/11\/materneiras4-400x300.jpg 400w\" sizes=\"(max-width: 324px) 100vw, 324px\" \/>Quem j\u00e1 n\u00e3o ouviu a hist\u00f3ria do flautista de Hamelin, que por meio de gestos e, principalmente, da m\u00fasica, levou ratos e crian\u00e7as para longe da cidade alem\u00e3?<\/p>\n<p>O conto foi utilizado pela terapeuta ocupacional, pedagoga Waldorf e consultora de escolas p\u00fablicas e particulares de S\u00e3o Paulo, Pilar Borba para exemplificar a forma mais adequada de conduzir crian\u00e7as pequenas. Pilar foi palestrante do I Encontro Nordeste de Materneiras, que aconteceu entre os dias 8 a 10 de novembro de 2013, na Escola Waldorf Recife, no Rosarinho.<\/p>\n<p>\u201cNas escolas Waldorf, as materneiras e jardineiras cantam para tudo. Ao dobrar os panos, arrumar os brinquedos ou fazer o p\u00e3o, por exemplo. A crian\u00e7a olha e imita. N\u00e3o adianta explicar muito, elas n\u00e3o possuem amadurecimento neurol\u00f3gico para esse tipo de compreens\u00e3o\u201d, afirmou Pilar.<\/p>\n<p>Com o tema \u201cAs necessidade b\u00e1sicas das crian\u00e7as de 0 a 3 anos\u201d, a programa\u00e7\u00e3o do Encontro Nordeste de Materneiras foi marcada por atividades como: pr\u00e1ticas art\u00edsticas, com foco na m\u00fasica, facilitada pela professora da Escola Waldorf Recife, No\u00eamia Guimar\u00e3es; dan\u00e7as e brincadeiras de rodas, com a fonoaudi\u00f3loga e materneira do Jardim Alecrim, Janise Paiva, al\u00e9m das palestras conduzidas por Pilar Borba.<\/p>\n<p><img decoding=\"async\" loading=\"lazy\" class=\" wp-image-12651 alignright\" alt=\"materneiras3\" src=\"http:\/\/portalfloresnoar.com\/floresnoar\/wp-content\/uploads\/2013\/11\/materneiras3.jpg\" width=\"360\" height=\"270\" srcset=\"https:\/\/portalfloresnoar.com\/floresnoar\/wp-content\/uploads\/2013\/11\/materneiras3.jpg 600w, https:\/\/portalfloresnoar.com\/floresnoar\/wp-content\/uploads\/2013\/11\/materneiras3-300x225.jpg 300w, https:\/\/portalfloresnoar.com\/floresnoar\/wp-content\/uploads\/2013\/11\/materneiras3-150x112.jpg 150w, https:\/\/portalfloresnoar.com\/floresnoar\/wp-content\/uploads\/2013\/11\/materneiras3-400x300.jpg 400w\" sizes=\"(max-width: 360px) 100vw, 360px\" \/>A import\u00e2ncia do v\u00ednculo entre o cuidador e a crian\u00e7a, vivenciado na forma de lidar com o beb\u00ea, no banho, na troca de roupa e durante a alimenta\u00e7\u00e3o foi outro ponto destacado pela pedagoga.<\/p>\n<p>Ela explicou, ainda, que a inf\u00e2ncia \u00e9 uma \u00e9poca de aquisi\u00e7\u00e3o de h\u00e1bitos. \u201cA higiene, a alimenta\u00e7\u00e3o, os h\u00e1bitos sociais, tudo isso \u00e9 apreendido desde muito cedo\u201d, disse Pilar.<\/p>\n<p>A terapeuta ocupacional tamb\u00e9m ressaltou que o ideal \u00e9 manter a crian\u00e7a em casa, com a m\u00e3e, o que \u00e9 cada vez mais raro, nos dias atuais.\u00a0\u201cNo entanto, como a grande parte dos pais e m\u00e3es trabalha e deixa os seus filhos em creches e escolinhas, devemos orientar \u00e0s materneiras para criar o ambiente e a rotina mais adequados ao beb\u00ea e \u00e0 crian\u00e7a pequena\u201d, explicou Pilar que realiza consultorias em creches p\u00fablicas e particulares.<\/p>\n<p>O I Encontro de Materneiras da regi\u00e3o Nordeste teve o patroc\u00ednio da Federa\u00e7\u00e3o das Escolas Waldorf do Brasil e contou com o apoio e organiza\u00e7\u00e3o dos profissionais que comp\u00f5em a educa\u00e7\u00e3o infantil Waldorf do Recife.<\/p>\n<p><img decoding=\"async\" loading=\"lazy\" class=\" wp-image-12650 alignleft\" alt=\"materneiras2\" src=\"http:\/\/portalfloresnoar.com\/floresnoar\/wp-content\/uploads\/2013\/11\/materneiras2.jpg\" width=\"324\" height=\"243\" srcset=\"https:\/\/portalfloresnoar.com\/floresnoar\/wp-content\/uploads\/2013\/11\/materneiras2.jpg 600w, https:\/\/portalfloresnoar.com\/floresnoar\/wp-content\/uploads\/2013\/11\/materneiras2-300x225.jpg 300w, https:\/\/portalfloresnoar.com\/floresnoar\/wp-content\/uploads\/2013\/11\/materneiras2-150x112.jpg 150w, https:\/\/portalfloresnoar.com\/floresnoar\/wp-content\/uploads\/2013\/11\/materneiras2-400x300.jpg 400w\" sizes=\"(max-width: 324px) 100vw, 324px\" \/>Mensalmente, o grupo se re\u00fane para trocar experi\u00eancias e planejar cursos e estrat\u00e9gias para uma pol\u00edtica de educa\u00e7\u00e3o Waldorf em Pernambuco. S\u00e3o jardineiras e materneiras da Escola Waldorf Recife e dos jardins Maturi, na zona rural de Olinda, Alecrim, em Casa Forte, Satori, em Aldeia e Curumim, na Iputinga.<\/p>\n<p>Participaram do encontro, no Recife, m\u00e3es, pais, auxiliares de classe, pedagogas Waldorf de Recife e Fortaleza, professoras de outras escolas, como o Lubienska e o Despertar e estudantes de pedagogia. Iniciativas como essa, v\u00eam acontecendo em outras localidades do Brasil.<\/p>\n<p>&nbsp;<\/p>\n","protected":false},"excerpt":{"rendered":"<p>Por Maria J\u00falia Sette mjuliasette@hotmail.com Quem j\u00e1 n\u00e3o ouviu a hist\u00f3ria do flautista de Hamelin, que por meio de gestos e, principalmente, da m\u00fasica, levou ratos e crian\u00e7as para longe da cidade alem\u00e3? O conto foi utilizado pela terapeuta ocupacional, pedagoga Waldorf e consultora de escolas p\u00fablicas e particulares de S\u00e3o Paulo, Pilar Borba para [&hellip;]<\/p>\n","protected":false},"author":1,"featured_media":12652,"comment_status":"open","ping_status":"open","sticky":false,"template":"","format":"standard","meta":{"om_disable_all_campaigns":false,"_monsterinsights_skip_tracking":false,"_monsterinsights_sitenote_active":false,"_monsterinsights_sitenote_note":"","_monsterinsights_sitenote_category":0,"footnotes":""},"categories":[9],"tags":[120,115],"acf":[],"publishpress_future_action":{"enabled":false,"date":"1969-12-31 21:00:00","action":"","terms":[],"taxonomy":"","browser_timezone_offset":0},"_links":{"self":[{"href":"https:\/\/portalfloresnoar.com\/floresnoar\/wp-json\/wp\/v2\/posts\/12648"}],"collection":[{"href":"https:\/\/portalfloresnoar.com\/floresnoar\/wp-json\/wp\/v2\/posts"}],"about":[{"href":"https:\/\/portalfloresnoar.com\/floresnoar\/wp-json\/wp\/v2\/types\/post"}],"author":[{"embeddable":true,"href":"https:\/\/portalfloresnoar.com\/floresnoar\/wp-json\/wp\/v2\/users\/1"}],"replies":[{"embeddable":true,"href":"https:\/\/portalfloresnoar.com\/floresnoar\/wp-json\/wp\/v2\/comments?post=12648"}],"version-history":[{"count":0,"href":"https:\/\/portalfloresnoar.com\/floresnoar\/wp-json\/wp\/v2\/posts\/12648\/revisions"}],"wp:featuredmedia":[{"embeddable":true,"href":"https:\/\/portalfloresnoar.com\/floresnoar\/wp-json\/wp\/v2\/media\/12652"}],"wp:attachment":[{"href":"https:\/\/portalfloresnoar.com\/floresnoar\/wp-json\/wp\/v2\/media?parent=12648"}],"wp:term":[{"taxonomy":"category","embeddable":true,"href":"https:\/\/portalfloresnoar.com\/floresnoar\/wp-json\/wp\/v2\/categories?post=12648"},{"taxonomy":"post_tag","embeddable":true,"href":"https:\/\/portalfloresnoar.com\/floresnoar\/wp-json\/wp\/v2\/tags?post=12648"}],"curies":[{"name":"wp","href":"https:\/\/api.w.org\/{rel}","templated":true}]}}