

{"id":12593,"date":"2014-04-02T08:02:10","date_gmt":"2014-04-02T11:02:10","guid":{"rendered":"http:\/\/portalfloresnoar.com\/floresnoar\/?p=12593"},"modified":"2014-04-02T09:55:53","modified_gmt":"2014-04-02T12:55:53","slug":"a-danca-e-esse-elo-com-o-divino-que-e-a-gente-mesmo-e-o-universo-confira-entrevista-com-a-bailarina-janaina-gomes","status":"publish","type":"post","link":"https:\/\/portalfloresnoar.com\/floresnoar\/a-danca-e-esse-elo-com-o-divino-que-e-a-gente-mesmo-e-o-universo-confira-entrevista-com-a-bailarina-janaina-gomes\/","title":{"rendered":"&#8216;A dan\u00e7a \u00e9 esse elo com o divino que \u00e9 a gente mesmo e o Universo&#8217;. Confira entrevista com a bailarina Janaina Gomes!"},"content":{"rendered":"<p><img decoding=\"async\" loading=\"lazy\" class=\"aligncenter  wp-image-12594\" alt=\"janaina gomes copy\" src=\"http:\/\/portalfloresnoar.com\/floresnoar\/wp-content\/uploads\/2013\/11\/janaina-gomes-copy.jpg\" width=\"800\" height=\"219\" srcset=\"https:\/\/portalfloresnoar.com\/floresnoar\/wp-content\/uploads\/2013\/11\/janaina-gomes-copy.jpg 1000w, https:\/\/portalfloresnoar.com\/floresnoar\/wp-content\/uploads\/2013\/11\/janaina-gomes-copy-300x82.jpg 300w, https:\/\/portalfloresnoar.com\/floresnoar\/wp-content\/uploads\/2013\/11\/janaina-gomes-copy-150x41.jpg 150w, https:\/\/portalfloresnoar.com\/floresnoar\/wp-content\/uploads\/2013\/11\/janaina-gomes-copy-400x109.jpg 400w\" sizes=\"(max-width: 800px) 100vw, 800px\" \/><\/p>\n<pre>Por Luciana Rabelo<\/pre>\n<p>Ao ver na internet uma divulga\u00e7\u00e3o de aulas de dan\u00e7a em domic\u00edlio, logo me interessei. Fui atr\u00e1s de mais informa\u00e7\u00f5es sobre a facilitadora e ao ser convidada para uma aula \u2018premium\u2019 resolvi , ap\u00f3s participar da aula em minha casa, fazer uma entrevista com ela para o Portal Flores no Ar. Adianto desde j\u00e1 que a aula foi linda! Recomendo total!<\/p>\n<p>Ela \u00e9 Janaina Gomes, 28 anos, bailarina, m\u00e3e de L\u00f3tus Rafael e integrante do <a href=\"http:\/\/coletivocenicotendavermelha.wordpress.com\/\" target=\"_blank\">Coletivo C\u00eanico Tenda Vermelha<\/a>. Confira abaixo a entrevista!<\/p>\n<p><b>Como nasceu a ideia de oferecer aula de dan\u00e7a a domic\u00edlio?<\/b><\/p>\n<p>Nasceu da necessidade mesmo. Deixei de trabalhar num lugar fixo pra cuidar do meu filho, hoje com dois anos e meio, e os espet\u00e1culos que atuava como dan\u00e7arina aconteciam muito pontualmente. Ent\u00e3o vinha pensando o que fazer da minha vida profissional quando conheci Bel Pesce, atrav\u00e9s da leitura do livro \u2018<a href=\"http:\/\/www.ameninadovale.com\/AMeninadoVale-BelPesce.pdf\" target=\"_blank\">A menina do vale<\/a>\u2019, e, inspirada na garra dela, comecei a me interessar por empreendedorismo. Comprei v\u00e1rios livros sobre o assunto e num deles conheci a hist\u00f3ria de uma mulher que come\u00e7ou a dar aula de yoga a domic\u00edlio. Quando eu li isso me veio um <i>insight<\/i>! Parei de ler o livro e s\u00f3 retornei depois que j\u00e1 estava divulgando o meu novo trabalho: aulas de dan\u00e7a em domic\u00edlio. Levar o que eu sei fazer \u00e0s pessoas! O que aconteceu foi que sa\u00ed um pouco do lado de artista que s\u00f3 quer criar,criar&#8230; e percebi que precisava colocar o p\u00e9 no ch\u00e3o, aterrar um pouquinho, e pensar na minha dan\u00e7a como forma de me ajudar e ajudar as pessoas. Vi que era uma forma de voltar a ensinar, que \u00e9 algo que eu amo, sem estar t\u00e3o presa num sistema fechado. Oferecer aulas de dan\u00e7a nas casas das pessoas \u00e9 um trabalho que d\u00e1 para eu adequar meus hor\u00e1rios de acordo com minha realidade de m\u00e3e, fazendo o que eu gosto.<\/p>\n<p>&nbsp;<\/p>\n<p><b>Quais os benef\u00edcios da dan\u00e7a em casa?<\/b><\/p>\n<p>Com o tr\u00e2nsito enlouquecedor do Recife, voc\u00ea n\u00e3o se preocupa em pegar \u00f4nibus, nem carro, n\u00e3o precisa sair de casa, \u00e9 delivery! A ideia \u00e9 levar bem-estar, autoconhecimento do corpo, a auto percep\u00e7\u00e3o e a leveza que \u00e9 o dan\u00e7ar pra dentro da casa da pessoa.<\/p>\n<p>&nbsp;<\/p>\n<p><b>As pessoas t\u00eam se interessado pelo servi\u00e7o?<\/b><\/p>\n<p>Para chamar aten\u00e7\u00e3o eu comecei &#8211; al\u00e9m da divulga\u00e7\u00e3o nas redes sociais e no meu<a href=\"http:\/\/bailarinajana.blogspot.com.br\/\" target=\"_blank\"> blog<\/a> &#8211; a criar m\u00e9todos, como o sorteio (um m\u00eas de aulas gr\u00e1tis),a aula premium (amostra gr\u00e1tis) e a aula combo (paga as quatro aulas e leva a quinta de gra\u00e7a). E a\u00ed as pessoas come\u00e7aram a me procurar.<\/p>\n<p>Quando o espa\u00e7o no apartamento \u00e9 muito pequeno a aula pode ser feita, por exemplo, no sal\u00e3o de festas. Sempre damos um jeito! Por exemplo, teve um grupo de cinco mulheres que me procurou e sugeriu que as aulas fossem dadas no trabalho delas e est\u00e1 sendo \u00f3timo.<\/p>\n<p>&nbsp;<\/p>\n<p><b>A dan\u00e7a a domic\u00edlio \u00e9 voltada para que p\u00fablico?<\/b><\/p>\n<p>Para qualquer pessoa! Eu trabalho a partir do interesse de cada um, adaptando a aula para que seja algo prazeroso. Trabalho com dan\u00e7a criativa pra crian\u00e7a, utilizando junto \u00e0 dan\u00e7a a pintura, escultura e conta\u00e7\u00e3o de hist\u00f3rias. Com idosos trabalho a mem\u00f3ria afetiva, a mem\u00f3ria corporal&#8230;e com adultos uso diversos recursos da dan\u00e7a contempor\u00e2nea.<\/p>\n<p>&nbsp;<\/p>\n<p><b>Fala um pouco da tua hist\u00f3ria com a dan\u00e7a!<\/b><\/p>\n<p>Na verdade eu comecei com teatro, aos 12 anos, e quando eu tinha 16 anos vi um grupo de dan\u00e7a ensaiando e enlouqueci. Pensei comigo mesma: \u00e9 isso que quero fazer! E nessa mesma semana fui convidada a fazer parte de um grupo de dan\u00e7a, foi c\u00f3smico! A\u00ed comecei na Compassos Cia de Dan\u00e7a, sem nunca ter feito aula de dan\u00e7a. Muito do que eu conheci, a minha escola, foi a Compassos, que atualmente tem 25 anos. A Compassos tem muito essa hist\u00f3ria de trazer outros core\u00f3grafos para coreografar espet\u00e1culos, ent\u00e3o, al\u00e9m de Raimundo Branco, respons\u00e1vel pela companhia, trabalhei com outros core\u00f3grafos como Saulo Uchoa, Ivaldo Mendon\u00e7a, Quiran&#8230; Passei quase dez anos na Compassos e sa\u00ed quando engravidei. Nessa \u00e9poca tamb\u00e9m eu j\u00e1 estava querendo encarar cria\u00e7\u00f5es minhas e comecei a realizar pesquisas em dan\u00e7a, fazendo algumas performances. Nessa \u00e9poca tamb\u00e9m criei com outras duas amigas o <a href=\"http:\/\/coletivocenicotendavermelha.wordpress.com\/\" target=\"_blank\">Coletivo C\u00eanico Tenda Vermelha<\/a> para trabalhar a quest\u00e3o da maternidade, que \u00e9 algo que n\u00f3s tr\u00eas estamos vivenciando.<\/p>\n<p>&nbsp;<\/p>\n<p><b>O que \u00e9 dan\u00e7a pra voc\u00ea?<\/b><\/p>\n<p>Ah, \u00e9 muito complexo! Tenho refletido muito sobre a dan\u00e7a nos prim\u00f3rdios, tentando trazer isso pra mim. A dan\u00e7a surgiu para reverenciar o divino, e partindo desse princ\u00edpio de que eu sou um pouco Deus, uma centelha divina, eu penso muito que a dan\u00e7a \u00e9 uma forma de reverenciar a mim mesma e essa conex\u00e3o entre a terra e o c\u00e9u. E o corpo j\u00e1 \u00e9 isso! Ent\u00e3o a dan\u00e7a pra mim \u00e9 essa conex\u00e3o do eu espiritual, do eu afetivo, do eu corpo, essa conex\u00e3o de tudo. A dan\u00e7a \u00e9 esse elo com o divino que \u00e9 a gente mesmo e o Universo que vai dan\u00e7ando com a gente.<\/p>\n<p>&nbsp;<\/p>\n<h4><em>Interessados em ter aulas de dan\u00e7a na comodidade do lar \u00e9 s\u00f3 entrar <a href=\"http:\/\/portalfloresnoar.com\/floresnoar\/aulas-de-danca-a-domicilio-com-a-bailarina-janaina-gomes\/\" target=\"_blank\">aqui <\/a>e ver todos os detalhes!<\/em><\/h4>\n","protected":false},"excerpt":{"rendered":"<p>Por Luciana Rabelo Ao ver na internet uma divulga\u00e7\u00e3o de aulas de dan\u00e7a em domic\u00edlio, logo me interessei. Fui atr\u00e1s de mais informa\u00e7\u00f5es sobre a facilitadora e ao ser convidada para uma aula \u2018premium\u2019 resolvi , ap\u00f3s participar da aula em minha casa, fazer uma entrevista com ela para o Portal Flores no Ar. Adianto [&hellip;]<\/p>\n","protected":false},"author":1,"featured_media":12595,"comment_status":"open","ping_status":"open","sticky":false,"template":"","format":"standard","meta":{"om_disable_all_campaigns":false,"_monsterinsights_skip_tracking":false,"_monsterinsights_sitenote_active":false,"_monsterinsights_sitenote_note":"","_monsterinsights_sitenote_category":0,"footnotes":""},"categories":[11],"tags":[42],"acf":[],"publishpress_future_action":{"enabled":false,"date":"1969-12-31 21:00:00","action":"","terms":[],"taxonomy":"","browser_timezone_offset":0},"_links":{"self":[{"href":"https:\/\/portalfloresnoar.com\/floresnoar\/wp-json\/wp\/v2\/posts\/12593"}],"collection":[{"href":"https:\/\/portalfloresnoar.com\/floresnoar\/wp-json\/wp\/v2\/posts"}],"about":[{"href":"https:\/\/portalfloresnoar.com\/floresnoar\/wp-json\/wp\/v2\/types\/post"}],"author":[{"embeddable":true,"href":"https:\/\/portalfloresnoar.com\/floresnoar\/wp-json\/wp\/v2\/users\/1"}],"replies":[{"embeddable":true,"href":"https:\/\/portalfloresnoar.com\/floresnoar\/wp-json\/wp\/v2\/comments?post=12593"}],"version-history":[{"count":0,"href":"https:\/\/portalfloresnoar.com\/floresnoar\/wp-json\/wp\/v2\/posts\/12593\/revisions"}],"wp:featuredmedia":[{"embeddable":true,"href":"https:\/\/portalfloresnoar.com\/floresnoar\/wp-json\/wp\/v2\/media\/12595"}],"wp:attachment":[{"href":"https:\/\/portalfloresnoar.com\/floresnoar\/wp-json\/wp\/v2\/media?parent=12593"}],"wp:term":[{"taxonomy":"category","embeddable":true,"href":"https:\/\/portalfloresnoar.com\/floresnoar\/wp-json\/wp\/v2\/categories?post=12593"},{"taxonomy":"post_tag","embeddable":true,"href":"https:\/\/portalfloresnoar.com\/floresnoar\/wp-json\/wp\/v2\/tags?post=12593"}],"curies":[{"name":"wp","href":"https:\/\/api.w.org\/{rel}","templated":true}]}}