

{"id":12290,"date":"2016-05-26T06:14:43","date_gmt":"2016-05-26T09:14:43","guid":{"rendered":"http:\/\/portalfloresnoar.com\/floresnoar\/?p=12290"},"modified":"2016-07-08T15:23:07","modified_gmt":"2016-07-08T18:23:07","slug":"grupo-de-apoio-a-pais-especiais-com-elny-banks-no-gerar","status":"publish","type":"post","link":"https:\/\/portalfloresnoar.com\/floresnoar\/grupo-de-apoio-a-pais-especiais-com-elny-banks-no-gerar\/","title":{"rendered":"[AGENDA PE] Grupo de Apoio a Pais Especiais, com Elny Banks, no Gerar"},"content":{"rendered":"<p style=\"text-align: center;\"><img decoding=\"async\" loading=\"lazy\" class=\"aligncenter  wp-image-12291\" alt=\"Grupo Apoio Especiais\" src=\"http:\/\/portalfloresnoar.com\/floresnoar\/wp-content\/uploads\/2013\/10\/Grupo-Apoio-Especiais.jpg\" width=\"672\" height=\"504\" srcset=\"https:\/\/portalfloresnoar.com\/floresnoar\/wp-content\/uploads\/2013\/10\/Grupo-Apoio-Especiais.jpg 960w, https:\/\/portalfloresnoar.com\/floresnoar\/wp-content\/uploads\/2013\/10\/Grupo-Apoio-Especiais-300x225.jpg 300w, https:\/\/portalfloresnoar.com\/floresnoar\/wp-content\/uploads\/2013\/10\/Grupo-Apoio-Especiais-150x112.jpg 150w, https:\/\/portalfloresnoar.com\/floresnoar\/wp-content\/uploads\/2013\/10\/Grupo-Apoio-Especiais-400x300.jpg 400w\" sizes=\"(max-width: 672px) 100vw, 672px\" \/><\/p>\n<p style=\"text-align: left;\">A psicoterapeuta Elny Banks facilita no Gerar, em Casa Forte, um Grupo de Apoio a Pais Especiais,\u00a0voltado para pais de filhos com necessidades especiais.O trabalho conta com exerc\u00edcios para libera\u00e7\u00e3o de estresse e apoio psicol\u00f3gico aos traumas e desafios vivenciados na rela\u00e7\u00e3o pai-filho-fam\u00edlia-sociedade.<\/p>\n<p style=\"text-align: left;\"><strong>Mais informa\u00e7\u00f5es:<\/strong>\u00a099116.7259 (claro)\/99766.1355 (tim).<\/p>\n<p style=\"text-align: left;\"><strong>GERAR \u2013 Arteterapia e Bem-Esta<\/strong>r<br \/>\nRua Jorge de Albuquerque, 103, Casa Forte, Recife\/PE<br \/>\nFone: 3268-1749<\/p>\n","protected":false},"excerpt":{"rendered":"<p>A psicoterapeuta Elny Banks facilita no Gerar, em Casa Forte, um Grupo de Apoio a Pais Especiais,\u00a0voltado para pais de filhos com necessidades especiais.O trabalho conta com exerc\u00edcios para libera\u00e7\u00e3o de estresse e apoio psicol\u00f3gico aos traumas e desafios vivenciados na rela\u00e7\u00e3o pai-filho-fam\u00edlia-sociedade. Mais informa\u00e7\u00f5es:\u00a099116.7259 (claro)\/99766.1355 (tim). GERAR \u2013 Arteterapia e Bem-Estar Rua Jorge de [&hellip;]<\/p>\n","protected":false},"author":1,"featured_media":12292,"comment_status":"open","ping_status":"open","sticky":false,"template":"","format":"standard","meta":{"om_disable_all_campaigns":false,"_monsterinsights_skip_tracking":false,"_monsterinsights_sitenote_active":false,"_monsterinsights_sitenote_note":"","_monsterinsights_sitenote_category":0,"footnotes":""},"categories":[8,214],"tags":[138],"acf":[],"publishpress_future_action":{"enabled":false,"date":"1969-12-31 21:00:00","action":"","terms":[],"taxonomy":"","browser_timezone_offset":0},"_links":{"self":[{"href":"https:\/\/portalfloresnoar.com\/floresnoar\/wp-json\/wp\/v2\/posts\/12290"}],"collection":[{"href":"https:\/\/portalfloresnoar.com\/floresnoar\/wp-json\/wp\/v2\/posts"}],"about":[{"href":"https:\/\/portalfloresnoar.com\/floresnoar\/wp-json\/wp\/v2\/types\/post"}],"author":[{"embeddable":true,"href":"https:\/\/portalfloresnoar.com\/floresnoar\/wp-json\/wp\/v2\/users\/1"}],"replies":[{"embeddable":true,"href":"https:\/\/portalfloresnoar.com\/floresnoar\/wp-json\/wp\/v2\/comments?post=12290"}],"version-history":[{"count":0,"href":"https:\/\/portalfloresnoar.com\/floresnoar\/wp-json\/wp\/v2\/posts\/12290\/revisions"}],"wp:featuredmedia":[{"embeddable":true,"href":"https:\/\/portalfloresnoar.com\/floresnoar\/wp-json\/wp\/v2\/media\/12292"}],"wp:attachment":[{"href":"https:\/\/portalfloresnoar.com\/floresnoar\/wp-json\/wp\/v2\/media?parent=12290"}],"wp:term":[{"taxonomy":"category","embeddable":true,"href":"https:\/\/portalfloresnoar.com\/floresnoar\/wp-json\/wp\/v2\/categories?post=12290"},{"taxonomy":"post_tag","embeddable":true,"href":"https:\/\/portalfloresnoar.com\/floresnoar\/wp-json\/wp\/v2\/tags?post=12290"}],"curies":[{"name":"wp","href":"https:\/\/api.w.org\/{rel}","templated":true}]}}