

{"id":12113,"date":"2014-02-13T05:42:03","date_gmt":"2014-02-13T08:42:03","guid":{"rendered":"http:\/\/portalfloresnoar.com\/floresnoar\/?p=12113"},"modified":"2014-09-24T18:13:13","modified_gmt":"2014-09-24T21:13:13","slug":"nova-turma-do-curso-de-formacao-de-instrutores-de-yoga-a-partir-de-marco2014-no-gerar","status":"publish","type":"post","link":"https:\/\/portalfloresnoar.com\/floresnoar\/nova-turma-do-curso-de-formacao-de-instrutores-de-yoga-a-partir-de-marco2014-no-gerar\/","title":{"rendered":"\u00daltima chance para se inscrever na nova turma do Curso de Forma\u00e7\u00e3o de Instrutores de Yoga Integral no Recife"},"content":{"rendered":"<p><img decoding=\"async\" loading=\"lazy\" class=\"size-full wp-image-12114 alignright\" alt=\"horivaldo gomes\" src=\"http:\/\/portalfloresnoar.com\/floresnoar\/wp-content\/uploads\/2013\/10\/horivaldo-gomes1.jpg\" width=\"232\" height=\"290\" srcset=\"https:\/\/portalfloresnoar.com\/floresnoar\/wp-content\/uploads\/2013\/10\/horivaldo-gomes1.jpg 232w, https:\/\/portalfloresnoar.com\/floresnoar\/wp-content\/uploads\/2013\/10\/horivaldo-gomes1-120x150.jpg 120w\" sizes=\"(max-width: 232px) 100vw, 232px\" \/>O Gerar est\u00e1 oferecendo uma nova turma\u00a0do Curso de Forma\u00e7\u00e3o de Instrutores de Yoga Integral com o\u00a0professor de Yoga Integral e Yogaterapeuta Horivaldo Gomes. As aulas acontecem um s\u00e1bado por m\u00eas, das 9h \u00e0s 17h.<\/p>\n<p>At\u00e9 o m\u00f3dulo do m\u00eas de maio (dia 17\/05\/2014) novos alunos ainda podem ingressar. Ap\u00f3s esta data, s\u00f3 na pr\u00f3xima turma prevista para acontecer em 2015.<\/p>\n<p>O curso \u00e9 composto por 22 m\u00f3dulos e tem dura\u00e7\u00e3o de dois anos. O investimento mensal \u00e9 de R$ 300,00. Informa\u00e7\u00f5es: (81) 3268-1749.<\/p>\n<p><span style=\"line-height: 1.5em;\">O curso de Forma\u00e7\u00e3o de Instrutores de Yoga tem como objetivo formar multiplicadores das t\u00e9cnicas milenares do Yoga, profissionalizando jovens e adultos, a partir do aprendizado da cultura oriental e dos meios de manuten\u00e7\u00e3o da sa\u00fade f\u00edsica, emocional e mental. Os participantes ser\u00e3o instru\u00eddos sobre as diferentes partes do ser (f\u00edsico, emocional, energ\u00e9tico, mental e espiritual), atrav\u00e9s de um caminho de autoconhecimento.<\/span><\/p>\n<p>O pr\u00e9-requisito para participar \u00e9 ter cursado o segundo grau completo. Durante a forma\u00e7\u00e3o ser\u00e1 necess\u00e1rio que os participantes estejam praticando Yoga. Ao final da forma\u00e7\u00e3o, ser\u00e1 conferido certificado pela Associa\u00e7\u00e3o Nacional de Yoga Integral \u2013 ANYI.<\/p>\n<p>CONTE\u00daDO PROGRAM\u00c1TICO<br \/>\n&#8211; Introdu\u00e7\u00e3o ao Yoga<br \/>\n&#8211; Linhas de Yoga (Jnana, Bhakti, Karma, Hatha, Raja e Purna Yoga)<br \/>\n&#8211; No\u00e7\u00f5es de S\u00e2nscrito<br \/>\n&#8211; Hindu\u00edsmo<br \/>\n&#8211; Filosofias da \u00cdndia (tantra, samkhya, vedanta)<br \/>\n&#8211; Yoga Sutra de Pat\u00e2njali<br \/>\n&#8211; Mitologia Hindu<br \/>\n&#8211; Anatomia Sutil (kundalini, chakra, nadi)<br \/>\n&#8211; Pranayama (exerc\u00edcios respirat\u00f3rios)<br \/>\n&#8211; Bandha (contra\u00e7\u00f5es de plexos e gl\u00e2ndulas)<br \/>\n&#8211; Kriya (exerc\u00edcios purificat\u00f3rios)<br \/>\n&#8211; Introdu\u00e7\u00e3o e aperfei\u00e7oamento dos \u00e1sanas (posturas f\u00edsicas do yoga)<br \/>\n&#8211; Yoganidra (relaxamento)<br \/>\n&#8211; Dhyana (medita\u00e7\u00e3o)<br \/>\n&#8211; Mantra (sons de poder)<br \/>\n&#8211; Mudra (gestos reflexol\u00f3gicos)<br \/>\n&#8211; Yoga especializado (crian\u00e7as, gestantes, idosos, asm\u00e1ticos, etc.)<br \/>\n&#8211; Yoga em dupla<br \/>\n&#8211; Coreografia de \u00c1sanas<br \/>\n&#8211; Anatomia, Fisiologia e Primeiros Socorros<\/p>\n<p>Horivaldo Gomes \u00e9 yogaterapeuta e professor de Yoga h\u00e1 30 anos. \u00c9 presidente da Associa\u00e7\u00e3o Nacional de Yoga Integral (ANYI) e da Federa\u00e7\u00e3o de Yoga do Estado do Rio de Janeiro. \u00c9 autor de v\u00e1rios livros, como \u2018Pr\u00e1ticas do Yoga\u2019, \u2018Yoga Integral \u2013 o Yoga da Nova Era\u2019, \u2018Purna Yoga\u2019, \u2018Gotinhas de Luz\u2019 e \u2018Magia das Velas\u2019. Recebeu sua inicia\u00e7\u00e3o no Yoga Integral (Purna Yoga), em Pondicherry, no Sri Aurobindo Ashram, na \u00cdndia.<\/p>\n<p>Os interessados devem fazer a inscri\u00e7\u00e3o no Espa\u00e7o Gerar, Rua Jorge de Albuquerque, 103, Casa Forte, Recife-PE, fone: (81) 3268-1749.<\/p>\n<p><em>Veja tamb\u00e9m:<\/em><\/p>\n<h4><a href=\"http:\/\/portalfloresnoar.com\/floresnoar\/nova-turma-de-formacao-em-yogaterapia-com-horivaldo-gomes-a-partir-de-marco2014-no-gerar\/\" target=\"_blank\">CURSO DE FORMA\u00c7\u00c3O EM YOGATERAPIA no Recife, com Horivaldo Gomes<\/a><\/h4>\n","protected":false},"excerpt":{"rendered":"<p>O Gerar est\u00e1 oferecendo uma nova turma\u00a0do Curso de Forma\u00e7\u00e3o de Instrutores de Yoga Integral com o\u00a0professor de Yoga Integral e Yogaterapeuta Horivaldo Gomes. As aulas acontecem um s\u00e1bado por m\u00eas, das 9h \u00e0s 17h. At\u00e9 o m\u00f3dulo do m\u00eas de maio (dia 17\/05\/2014) novos alunos ainda podem ingressar. Ap\u00f3s esta data, s\u00f3 na pr\u00f3xima [&hellip;]<\/p>\n","protected":false},"author":1,"featured_media":12115,"comment_status":"open","ping_status":"open","sticky":false,"template":"","format":"standard","meta":{"om_disable_all_campaigns":false,"_monsterinsights_skip_tracking":false,"_monsterinsights_sitenote_active":false,"_monsterinsights_sitenote_note":"","_monsterinsights_sitenote_category":0,"footnotes":""},"categories":[8,214],"tags":[21],"acf":[],"publishpress_future_action":{"enabled":false,"date":"1969-12-31 21:00:00","action":"","terms":[],"taxonomy":"","browser_timezone_offset":0},"_links":{"self":[{"href":"https:\/\/portalfloresnoar.com\/floresnoar\/wp-json\/wp\/v2\/posts\/12113"}],"collection":[{"href":"https:\/\/portalfloresnoar.com\/floresnoar\/wp-json\/wp\/v2\/posts"}],"about":[{"href":"https:\/\/portalfloresnoar.com\/floresnoar\/wp-json\/wp\/v2\/types\/post"}],"author":[{"embeddable":true,"href":"https:\/\/portalfloresnoar.com\/floresnoar\/wp-json\/wp\/v2\/users\/1"}],"replies":[{"embeddable":true,"href":"https:\/\/portalfloresnoar.com\/floresnoar\/wp-json\/wp\/v2\/comments?post=12113"}],"version-history":[{"count":0,"href":"https:\/\/portalfloresnoar.com\/floresnoar\/wp-json\/wp\/v2\/posts\/12113\/revisions"}],"wp:featuredmedia":[{"embeddable":true,"href":"https:\/\/portalfloresnoar.com\/floresnoar\/wp-json\/wp\/v2\/media\/12115"}],"wp:attachment":[{"href":"https:\/\/portalfloresnoar.com\/floresnoar\/wp-json\/wp\/v2\/media?parent=12113"}],"wp:term":[{"taxonomy":"category","embeddable":true,"href":"https:\/\/portalfloresnoar.com\/floresnoar\/wp-json\/wp\/v2\/categories?post=12113"},{"taxonomy":"post_tag","embeddable":true,"href":"https:\/\/portalfloresnoar.com\/floresnoar\/wp-json\/wp\/v2\/tags?post=12113"}],"curies":[{"name":"wp","href":"https:\/\/api.w.org\/{rel}","templated":true}]}}