

{"id":12108,"date":"2014-03-01T10:32:24","date_gmt":"2014-03-01T13:32:24","guid":{"rendered":"http:\/\/portalfloresnoar.com\/floresnoar\/?p=12108"},"modified":"2014-09-24T18:12:55","modified_gmt":"2014-09-24T21:12:55","slug":"nova-turma-de-formacao-em-yogaterapia-com-horivaldo-gomes-a-partir-de-marco2014-no-gerar","status":"publish","type":"post","link":"https:\/\/portalfloresnoar.com\/floresnoar\/nova-turma-de-formacao-em-yogaterapia-com-horivaldo-gomes-a-partir-de-marco2014-no-gerar\/","title":{"rendered":"&#8216;Pranayama&#8217; \u00e9 o tema do pr\u00f3ximo m\u00f3dulo da Forma\u00e7\u00e3o em Yogaterapia com Horivaldo Gomes no Gerar"},"content":{"rendered":"<figure id=\"attachment_12109\" aria-describedby=\"caption-attachment-12109\" style=\"width: 225px\" class=\"wp-caption alignleft\"><img decoding=\"async\" loading=\"lazy\" class=\"size-full wp-image-12109 \" alt=\"horivaldo-gomes-225x300\" src=\"http:\/\/portalfloresnoar.com\/floresnoar\/wp-content\/uploads\/2013\/10\/horivaldo-gomes-225x300.jpg\" width=\"225\" height=\"300\" srcset=\"https:\/\/portalfloresnoar.com\/floresnoar\/wp-content\/uploads\/2013\/10\/horivaldo-gomes-225x300.jpg 225w, https:\/\/portalfloresnoar.com\/floresnoar\/wp-content\/uploads\/2013\/10\/horivaldo-gomes-225x300-112x150.jpg 112w\" sizes=\"(max-width: 225px) 100vw, 225px\" \/><figcaption id=\"caption-attachment-12109\" class=\"wp-caption-text\">Professor Horivaldo Gomes<\/figcaption><\/figure>\n<p>O professor de Yoga Integral e Yogaterapeuta Horivaldo Gomes realiza uma vez por m\u00eas, no Espa\u00e7o Gerar, em Casa Forte, os m\u00f3dulos da Forma\u00e7\u00e3o em Yogaterapia.\u00a0As aulas acontecem numa sexta-feira, das 9h \u00e0s 17h.<\/p>\n<p><span style=\"line-height: 1.5em;\">O pr\u00f3ximo m\u00f3dulo ser\u00e1 no dia 16\/05\/2014 e abordar\u00e1 os\u00a0<\/span><span style=\"line-height: 1.5em;\">Pranayamas (respira\u00e7\u00e3o),enfocando as polaridades das respira\u00e7\u00f5es bandha, kumbhaka e as trinta principais respira\u00e7\u00f5es.<\/span><\/p>\n<p><span style=\"line-height: 1.5em;\">\u00c9 poss\u00edvel a participa\u00e7\u00e3o em m\u00f3dulos independentes!\u00a0<\/span><span style=\"line-height: 1.5em;\">Quem desejar fazer a forma\u00e7\u00e3o completa, mas tiver perdido algum m\u00f3dulo poder\u00e1 curs\u00e1-lo na pr\u00f3xima turma.\u00a0O curso \u00e9 composto por 11 m\u00f3dulos e o investimento \u00e9 de R$ 250,00 por m\u00eas.<\/span><\/p>\n<p>Informa\u00e7\u00f5es e inscri\u00e7\u00f5es: (81) 3268-1749<\/p>\n<p>O Curso de Forma\u00e7\u00e3o em Yogaterapia \u00e9 voltado para profissionais da \u00e1rea de sa\u00fade, terapeutas hol\u00edsticos e demais interessados em se aprofundar nas t\u00e9cnicas milenares do Yoga e sua utiliza\u00e7\u00e3o para fins terap\u00eauticos. A Yogaterapia utiliza as t\u00e9cnicas do yoga para fins terap\u00eauticos, atuando na preven\u00e7\u00e3o de doen\u00e7as e na promo\u00e7\u00e3o de sa\u00fade. O atendimento \u00e9 individual e visa a harmoniza\u00e7\u00e3o do paciente, a partir de exerc\u00edcios respirat\u00f3rios (pranayamas), posturas (\u00e1sanas), t\u00e9cnicas de relaxamento, entoa\u00e7\u00e3o de mantras e pr\u00e1ticas de medita\u00e7\u00e3o.<\/p>\n<p>\u201cA partir de uma profunda avalia\u00e7\u00e3o do paciente, s\u00e3o definidas as t\u00e9cnicas adequadas para cada caso e somos capazes de identificar e corrigir os fluxos de energia, evitando assim que o corpo f\u00edsico seja afetado, melhorando a sa\u00fade como um todo\u201d, explica Horivaldo Gomes, que durante a forma\u00e7\u00e3o compartilhar\u00e1 as experi\u00eancias vivenciadas no Hospital de Lonavla, na \u00cdndia.<\/p>\n<p>Por ser uma Especializa\u00e7\u00e3o a n\u00edvel t\u00e9cnico \u00e9 necess\u00e1rio que os participantes j\u00e1 tenham um curso de gradua\u00e7\u00e3o. Ao final da forma\u00e7\u00e3o, ser\u00e1 conferido certificado pela Associa\u00e7\u00e3o Nacional de Yoga Integral \u2013 ANYI. Os participantes que n\u00e3o forem da \u00e1rea de Sa\u00fade, precisar\u00e3o cursar disciplinas de Anatomia e Fisiologia para estarem aptos a atuar profissionalmente como yogaterapeutas.<\/p>\n<p><strong>Conte\u00fado Program\u00e1tico da Forma\u00e7\u00e3o em Yogaterapia<\/strong><br \/>\n&#8211; Introdu\u00e7\u00e3o \u00e0 yogaterapia (bases do Yoga, Gunas, Granthis)<br \/>\n&#8211; Anatomia Esot\u00e9rica (Kundalini, Chakras)<br \/>\n&#8211; Pranaterapia (exerc\u00edcios respirat\u00f3rios)<br \/>\n&#8211; Kriya (exerc\u00edcios purificat\u00f3rios)<br \/>\n&#8211; Asanaterapia (posturas f\u00edsicas do yoga)<br \/>\n&#8211; Mudraterapia (gestos reflexol\u00f3gicos)<br \/>\n&#8211; Mantraterapia (sons de poder)<br \/>\n&#8211; Yoganidra (relaxamento)<br \/>\n&#8211; Dhyana terapia (medita\u00e7\u00e3o)<br \/>\n&#8211; Mandala terapia<br \/>\n&#8211; Principais patologias, anamnese e atendimento pr\u00e1tico.<\/p>\n<p>Os interessados no curso devem fazer a inscri\u00e7\u00e3o no Espa\u00e7o Gerar, Rua Jorge de Albuquerque, 103, Casa Forte, Recife-PE, fone: (81) 3268-1749.<\/p>\n<p>Horivaldo Gomes \u00e9 yogaterapeuta e professor de Yoga h\u00e1 30 anos. \u00c9 presidente da Associa\u00e7\u00e3o Nacional de Yoga Integral (ANYI) e da Federa\u00e7\u00e3o de Yoga do Estado do Rio de Janeiro. \u00c9 autor de v\u00e1rios livros, como \u2018Pr\u00e1ticas do Yoga\u2019, \u2018Yoga Integral \u2013 o Yoga da Nova Era\u2019, \u2018Purna Yoga\u2019, \u2018Gotinhas de Luz\u2019 e \u2018Magia das Velas\u2019. Recebeu sua inicia\u00e7\u00e3o no Yoga Integral (Purna Yoga), em Pondicherry, no Sri Aurobindo Ashram, na \u00cdndia.<\/p>\n<p><em>Veja tamb\u00e9m:<\/em><br \/>\n<strong><a href=\"http:\/\/portalfloresnoar.com\/floresnoar\/nova-turma-do-curso-de-formacao-de-instrutores-de-yoga-a-partir-de-marco2014-no-gerar\/\" target=\"_blank\">Nova turma do Curso de Forma\u00e7\u00e3o de Instrutores de Yoga, a partir de mar\u00e7o\/2014, no Gerar<\/a><\/strong><\/p>\n<pre><em>\u00a0<\/em><\/pre>\n","protected":false},"excerpt":{"rendered":"<p>O professor de Yoga Integral e Yogaterapeuta Horivaldo Gomes realiza uma vez por m\u00eas, no Espa\u00e7o Gerar, em Casa Forte, os m\u00f3dulos da Forma\u00e7\u00e3o em Yogaterapia.\u00a0As aulas acontecem numa sexta-feira, das 9h \u00e0s 17h. O pr\u00f3ximo m\u00f3dulo ser\u00e1 no dia 16\/05\/2014 e abordar\u00e1 os\u00a0Pranayamas (respira\u00e7\u00e3o),enfocando as polaridades das respira\u00e7\u00f5es bandha, kumbhaka e as trinta principais [&hellip;]<\/p>\n","protected":false},"author":1,"featured_media":12110,"comment_status":"open","ping_status":"open","sticky":false,"template":"","format":"standard","meta":{"om_disable_all_campaigns":false,"_monsterinsights_skip_tracking":false,"_monsterinsights_sitenote_active":false,"_monsterinsights_sitenote_note":"","_monsterinsights_sitenote_category":0,"footnotes":""},"categories":[8,214],"tags":[21,165],"acf":[],"publishpress_future_action":{"enabled":false,"date":"1969-12-31 21:00:00","action":"","terms":[],"taxonomy":"","browser_timezone_offset":0},"_links":{"self":[{"href":"https:\/\/portalfloresnoar.com\/floresnoar\/wp-json\/wp\/v2\/posts\/12108"}],"collection":[{"href":"https:\/\/portalfloresnoar.com\/floresnoar\/wp-json\/wp\/v2\/posts"}],"about":[{"href":"https:\/\/portalfloresnoar.com\/floresnoar\/wp-json\/wp\/v2\/types\/post"}],"author":[{"embeddable":true,"href":"https:\/\/portalfloresnoar.com\/floresnoar\/wp-json\/wp\/v2\/users\/1"}],"replies":[{"embeddable":true,"href":"https:\/\/portalfloresnoar.com\/floresnoar\/wp-json\/wp\/v2\/comments?post=12108"}],"version-history":[{"count":0,"href":"https:\/\/portalfloresnoar.com\/floresnoar\/wp-json\/wp\/v2\/posts\/12108\/revisions"}],"wp:featuredmedia":[{"embeddable":true,"href":"https:\/\/portalfloresnoar.com\/floresnoar\/wp-json\/wp\/v2\/media\/12110"}],"wp:attachment":[{"href":"https:\/\/portalfloresnoar.com\/floresnoar\/wp-json\/wp\/v2\/media?parent=12108"}],"wp:term":[{"taxonomy":"category","embeddable":true,"href":"https:\/\/portalfloresnoar.com\/floresnoar\/wp-json\/wp\/v2\/categories?post=12108"},{"taxonomy":"post_tag","embeddable":true,"href":"https:\/\/portalfloresnoar.com\/floresnoar\/wp-json\/wp\/v2\/tags?post=12108"}],"curies":[{"name":"wp","href":"https:\/\/api.w.org\/{rel}","templated":true}]}}